{"id":451153,"date":"2025-10-09T23:21:09","date_gmt":"2025-10-09T23:21:09","guid":{"rendered":"https:\/\/www.europesays.com\/fr\/451153\/"},"modified":"2025-10-09T23:21:09","modified_gmt":"2025-10-09T23:21:09","slug":"opposante-de-donald-trump-et-membre-du-parti-democrate-la-procureur-generale-de-letat-de-new-york-inculpee","status":"publish","type":"post","link":"https:\/\/www.europesays.com\/fr\/451153\/","title":{"rendered":"Opposante de Donald Trump et membre du Parti d\u00e9mocrate, la procureur g\u00e9n\u00e9rale de l\u2019\u00c9tat de New York inculp\u00e9e"},"content":{"rendered":"<p>\n    Cette magistrate, consid\u00e9r\u00e9e comme \u00e0 l\u2019origine d\u2019une condamnation en justice du pr\u00e9sident am\u00e9ricain, a \u00e9t\u00e9 inculp\u00e9e ce jeudi en Virginie pour falsification de documents concernant des demandes de pr\u00eats immobiliers.<\/p>\n<p class=\"fig-paragraph\">La procureur g\u00e9n\u00e9rale de l&rsquo;\u00c9tat de New York, Letitia James, membre du Parti d\u00e9mocrate et opposante d\u00e9clar\u00e9e de\u00a0<a href=\"http:\/\/www.lefigaro.fr\/international\/le-deal-sur-gaza-une-victoire-pour-donald-trump-20251009\" target=\"_blank\" data-fig-type=\"Article\" rel=\"noopener\" data-gtm-custom-categorie=\"navigation\" data-gtm-custom-action=\"crossclick\" data-gtm-custom-label=\"Contextuel\" data-gtm-event=\"customEventSPE\" data-fig-domain=\"LEFIGARO\">Donald Trump<\/a>, a \u00e9t\u00e9 inculp\u00e9e par un grand jury f\u00e9d\u00e9ral en Virginie, ont annonc\u00e9 jeudi plusieurs m\u00e9dias am\u00e9ricains, apr\u00e8s que le pr\u00e9sident am\u00e9ricain a r\u00e9clam\u00e9 des poursuites \u00e0 son encontre.<\/p>\n<p class=\"fig-paragraph\">Les faits qui visent la magistrate, \u00e9lue du Parti d\u00e9mocrate, concernent une maison de Norfolk (Virginie) qu\u2019elle poss\u00e8de, dont elle aurait d\u00e9clar\u00e9 faussement qu\u2019elle \u00e9tait sa r\u00e9sidence principale dans des documents de pr\u00eat hypoth\u00e9caire, ce qui lui aurait permis d\u2019obtenir des conditions plus favorables. Cette derni\u00e8re a aussit\u00f4t d\u00e9nonc\u00e9 des \u00abrepr\u00e9sailles politiques\u00bb. \u00abNous combattrons vigoureusement ces accusations sans fondement\u00bb et \u00abje continuerai \u00e0 faire mon travail\u00bb, a-t-elle aussi \u00e9crit.<\/p>\n<p>                                    <a class=\"fig-a11y-skip a11y-hidden\" href=\"#fig-a11y-skip-main-inarticle\"><br \/>\n        Passer la publicit\u00e9<br \/>\n    <\/a><\/p>\n<p class=\"fig-paragraph\">Cette inculpation survient apr\u00e8s\u00a0<a href=\"http:\/\/www.lefigaro.fr\/international\/l-ancien-directeur-du-fbi-james-comey-inculpe-sous-la-pression-de-donald-trump-plaide-non-coupable-20251008\" target=\"_blank\" data-fig-type=\"NewsFlash\" rel=\"noopener\" data-gtm-custom-categorie=\"navigation\" data-gtm-custom-action=\"crossclick\" data-gtm-custom-label=\"Contextuel\" data-gtm-event=\"customEventSPE\" data-fig-domain=\"LEFIGARO\">celle de l\u2019ex directeur du FBI James Comey<\/a>, lui aussi un adversaire personnel de Donald Trump.<\/p>\n<p>\u00abC\u2019est une vengeance\u00bb<\/p>\n<p class=\"fig-paragraph\">De son c\u00f4t\u00e9, le chef des d\u00e9mocrates au S\u00e9nat am\u00e9ricain, Chuck Schumer, a condamn\u00e9 l\u2019inculpation jeudi de Letitia James et estim\u00e9 que cela s\u2019apparentait \u00e0 de la \u00abtyrannie\u00bb de la part de Donald Trump.<\/p>\n<p class=\"fig-paragraph\">\u00abVoici \u00e0 quoi ressemble la tyrannie. Le pr\u00e9sident Trump utilise le minist\u00e8re de la Justice comme son bras arm\u00e9 personnel, ciblant la procureure g\u00e9n\u00e9rale [Letitia] James pour le \u201ccrime\u201d de l\u2019avoir poursuivi pour fraude &#8211; et d\u2019avoir gagn\u00e9\u00bb, a cingl\u00e9 le s\u00e9nateur new-yorkais dans un communiqu\u00e9 de soutien \u00e0 la magistrate, elle-m\u00eame membre du Parti d\u00e9mocrate, et qui avait men\u00e9 les poursuites contre Donald Trump. \u00abCe n\u2019est pas de la justice. C\u2019est une vengeance\u00bb, a ajout\u00e9 Chuck Schumer.<\/p>\n<p>Une magistrate \u00abcorrompue\u00bb et \u00abraciste\u00bb selon Trump<\/p>\n<p class=\"fig-paragraph\">Depuis plusieurs semaines, Donald Trump met la pression sur son minist\u00e8re de la Justice pour obtenir des poursuites contre certains de ses adversaires politiques. Et Letitia James en est une de premier plan\u00a0: elle est \u00e0 l\u2019origine des poursuites pour fraudes lanc\u00e9es contre lui et ses deux fils, Donald et Eric Jr. Ils ont tous trois \u00e9t\u00e9 reconnus coupables d\u2019avoir fait enfler de mani\u00e8re colossale durant les ann\u00e9es 2010 la valeur des actifs de la Trump Organization &#8211; leurs gratte-ciel, h\u00f4tels de luxe ou golfs dans le monde entier &#8211; afin de b\u00e9n\u00e9ficier de pr\u00eats plus favorables de banques et de meilleures conditions d\u2019assurance.<\/p>\n<p class=\"fig-paragraph\">Au terme d\u2019un proc\u00e8s ultra-m\u00e9diatis\u00e9 qui s\u2019\u00e9tait tenu en 2024, Donald Trump avait \u00e9t\u00e9 condamn\u00e9 \u00e0 une amende pharaonique de 464 millions de dollars. En ao\u00fbt dernier, une cour d\u2019appel de l\u2019\u00c9tat de New York a annul\u00e9 cette amende en invoquant un montant \u00abexcessif qui viole le huiti\u00e8me amendement de la Constitution des \u00c9tats-Unis\u00bb, qui interdit les condamnations disproportionn\u00e9es.<\/p>\n<p>                                    <a class=\"fig-a11y-skip a11y-hidden\" href=\"#fig-a11y-skip-main-inarticle_mtf\"><br \/>\n        Passer la publicit\u00e9<br \/>\n    <\/a><\/p>\n<p class=\"fig-paragraph\">Le pr\u00e9sident a souvent d\u00e9clar\u00e9 que Letitia James devrait \u00eatre poursuivie et qualifi\u00e9 cette magistrate afro-am\u00e9ricaine de \u00abcorrompue\u00bb et \u00abraciste\u00bb.<\/p>\n<p>\u00abListe\u00bb de cibles<\/p>\n<p class=\"fig-paragraph\">Fin septembre, le procureur f\u00e9d\u00e9ral de Virginie\u00a0<a href=\"http:\/\/www.lefigaro.fr\/flash-actu\/etats-unis-mis-sous-pression-par-donald-trump-un-procureur-federal-demissionne-20250920\" target=\"_blank\" data-fig-type=\"NewsFlash\" rel=\"noopener\" data-gtm-custom-categorie=\"navigation\" data-gtm-custom-action=\"crossclick\" data-gtm-custom-label=\"Contextuel\" data-gtm-event=\"customEventSPE\" data-fig-domain=\"LEFIGARO\">Erik Siebert avait d\u00e9missionn\u00e9<\/a>\u00a0apr\u00e8s avoir refus\u00e9 d\u2019engager des poursuites contre Letitia James. Donald Trump a alors nomm\u00e9 une de ses proches, Lindsey Halligan, pour le remplacer, \u00e9voquant le besoin d\u2019un \u00abprocureur dur\u00bb pour seconder sa ministre de la Justice.<\/p>\n<p class=\"fig-paragraph\">Donald Trump se d\u00e9fend d\u2019avoir une \u00abliste\u00bb de cibles. Reste qu\u2019il a identifi\u00e9 une s\u00e9rie de personnalit\u00e9s, \u00e9lus, anciens conseillers ou magistrats, coupables, selon lui, de toutes sortes de malversations, mais surtout de s\u2019\u00eatre oppos\u00e9s \u00e0 lui. Le pr\u00e9sident am\u00e9ricain a ainsi menac\u00e9 le milliardaire philanthrope George Soros. Il a appel\u00e9 publiquement \u00e0 poursuivre le s\u00e9nateur d\u00e9mocrate Adam Schiff, comme il l\u2019a fait pour Letitia James.<\/p>\n<p class=\"fig-paragraph\">Une autre b\u00eate noire de Donald Trump, son ancien conseiller \u00e0 la S\u00e9curit\u00e9 nationale John Bolton, a lui vu son domicile perquisitionn\u00e9 par le FBI. Le pr\u00e9sident am\u00e9ricain s\u2019en est aussi pris \u00e0 Barack Obama, accus\u00e9 de \u00abtrahison\u00bb. Mais toute tentative de le tra\u00eener en justice pourrait se heurter \u00e0 un principe d\u2019immunit\u00e9 pr\u00e9sidentielle r\u00e9cemment pos\u00e9 par la Cour supr\u00eame, \u00e0 la demande de Donald Trump lui-m\u00eame.<\/p>\n","protected":false},"excerpt":{"rendered":"Cette magistrate, consid\u00e9r\u00e9e comme \u00e0 l\u2019origine d\u2019une condamnation en justice du pr\u00e9sident am\u00e9ricain, a \u00e9t\u00e9 inculp\u00e9e ce jeudi&hellip;\n","protected":false},"author":2,"featured_media":451154,"comment_status":"","ping_status":"","sticky":false,"template":"","format":"standard","meta":{"footnotes":""},"categories":[5],"tags":[11,73,1011,27,14,415,12,28],"class_list":{"0":"post-451153","1":"post","2":"type-post","3":"status-publish","4":"format-standard","5":"has-post-thumbnail","7":"category-international","8":"tag-actualites","9":"tag-etats-unis","10":"tag-fr","11":"tag-france","12":"tag-international","13":"tag-new-york","14":"tag-news","15":"tag-world"},"share_on_mastodon":{"url":"https:\/\/pubeurope.com\/@fr\/115346779948640785","error":""},"_links":{"self":[{"href":"https:\/\/www.europesays.com\/fr\/wp-json\/wp\/v2\/posts\/451153","targetHints":{"allow":["GET"]}}],"collection":[{"href":"https:\/\/www.europesays.com\/fr\/wp-json\/wp\/v2\/posts"}],"about":[{"href":"https:\/\/www.europesays.com\/fr\/wp-json\/wp\/v2\/types\/post"}],"author":[{"embeddable":true,"href":"https:\/\/www.europesays.com\/fr\/wp-json\/wp\/v2\/users\/2"}],"replies":[{"embeddable":true,"href":"https:\/\/www.europesays.com\/fr\/wp-json\/wp\/v2\/comments?post=451153"}],"version-history":[{"count":0,"href":"https:\/\/www.europesays.com\/fr\/wp-json\/wp\/v2\/posts\/451153\/revisions"}],"wp:featuredmedia":[{"embeddable":true,"href":"https:\/\/www.europesays.com\/fr\/wp-json\/wp\/v2\/media\/451154"}],"wp:attachment":[{"href":"https:\/\/www.europesays.com\/fr\/wp-json\/wp\/v2\/media?parent=451153"}],"wp:term":[{"taxonomy":"category","embeddable":true,"href":"https:\/\/www.europesays.com\/fr\/wp-json\/wp\/v2\/categories?post=451153"},{"taxonomy":"post_tag","embeddable":true,"href":"https:\/\/www.europesays.com\/fr\/wp-json\/wp\/v2\/tags?post=451153"}],"curies":[{"name":"wp","href":"https:\/\/api.w.org\/{rel}","templated":true}]}}