{"id":451167,"date":"2025-10-09T23:29:11","date_gmt":"2025-10-09T23:29:11","guid":{"rendered":"https:\/\/www.europesays.com\/fr\/451167\/"},"modified":"2025-10-09T23:29:11","modified_gmt":"2025-10-09T23:29:11","slug":"un-deuxieme-destroyer-americain-en-escale-a-toulon","status":"publish","type":"post","link":"https:\/\/www.europesays.com\/fr\/451167\/","title":{"rendered":"Un deuxi\u00e8me destroyer am\u00e9ricain en escale \u00e0 Toulon"},"content":{"rendered":"<p>\n      Apr\u00e8s l\u2019USS Bainbridge, un autre destroyer am\u00e9ricain du type Arleigh Burke est arriv\u00e9 \u00e0 Toulon le jeudi 9 octobre.\n    <\/p>\n<p>Cela faisait des ann\u00e9es que deux destroyers am\u00e9ricains ne s\u2019\u00e9taient pas succ\u00e9d\u00e9s dans la base navale varoise. <a href=\"https:\/\/www.meretmarine.com\/fr\/defense\/l-un-des-destroyers-d-escorte-de-l-uss-gerald-r-ford-de-passage-a-toulon\" target=\"_blank\" rel=\"noopener\">Apr\u00e8s l\u2019USS Bainbridge (DDG-96), qui a r\u00e9alis\u00e9 une escale express \u00e0 Toulon du 7 au 8 octobre<\/a>, ce fut au tour de l\u2019USS Roosevelt (DDG-80) de franchir les passes de la rade le jeudi 9 octobre. Tous deux sont du type Arleigh Burke Flight IIA. Le premier est int\u00e9gr\u00e9 au groupe a\u00e9ronaval emmen\u00e9 par le porte-avions USS Gerald R. Ford, qui est de retour en M\u00e9diterran\u00e9e, alors que le second fait partie des quatre \u00e0 cinq destroyers de ce type bas\u00e9s \u00e0 Rota, en Espagne, depuis 2016. L\u2019USS Roosevelt s\u2019est amarr\u00e9 <a href=\"https:\/\/www.meretmarine.com\/fr\/defense\/toulon-le-nouvel-appontement-milhaud-1-inaugure\" target=\"_blank\" rel=\"noopener\">au tout nouvel appontement Milhaud 1 <\/a>de la base navale de Toulon.\u00a0<\/p>\n<p>\u00a0<\/p>\n<p>      L&rsquo;USS Roosevelt \u00e0 Toulon le 9 octobre.\u00a0<\/p>\n<p>\u00a0<\/p>\n<p>Long de 155.3 m\u00e8tres pour une largeur de 18 m\u00e8tres et un d\u00e9placement de plus de 9000 tonnes \u00e0 pleine charge, l\u2019USS Roosevelt, mis en service en octobre 2000, est arm\u00e9 par un \u00e9quipage de 270 marins et peut d\u00e9passer la vitesse de 30 n\u0153uds. Dot\u00e9 d\u2019un syst\u00e8me de d\u00e9fense a\u00e9rienne Aegis, avec radar \u00e0 panneaux fixes SPY-1D, ce b\u00e2timent est \u00e9quip\u00e9 de lanceurs verticaux Mk41 avec un total de 96 cellules pour missiles de croisi\u00e8re Tomahawk, missiles surface-air SM-2, SM-3, SM-6 et ESSM, ainsi que des missiles anti-sous-marins Ascroc. S\u2019y ajoutent un syst\u00e8me surface-air SeaRAM, une tourelle de 127 mm, un syst\u00e8me d\u2019artillerie multitubes Phalanx, deux canons de 25 mm et deux plateformes triples pour torpilles Mk32. Le destroyer peut, enfin, embarquer deux h\u00e9licopt\u00e8res MH-60R.\u00a0<\/p>\n<p><strong>\u00a9 Un article de la r\u00e9daction de Mer et Marine.\u00a0Reproduction interdite sans consentement du ou des auteurs.<\/strong>\u00a0\u00a0<\/p>\n","protected":false},"excerpt":{"rendered":"Apr\u00e8s l\u2019USS Bainbridge, un autre destroyer am\u00e9ricain du type Arleigh Burke est arriv\u00e9 \u00e0 Toulon le jeudi 9&hellip;\n","protected":false},"author":2,"featured_media":451168,"comment_status":"","ping_status":"","sticky":false,"template":"","format":"standard","meta":{"footnotes":""},"categories":[9619],"tags":[1111,11,6130,6141,6131,6138,2380,6135,554,1777,6136,674,1011,27,6139,6134,3135,6128,567,6129,6127,12,6132,4838,882,6133,25,6140,6137,2310],"class_list":{"0":"post-451167","1":"post","2":"type-post","3":"status-publish","4":"format-standard","5":"has-post-thumbnail","7":"category-toulon","8":"tag-actu","9":"tag-actualites","10":"tag-chantiers","11":"tag-commando","12":"tag-construction-navale","13":"tag-costa","14":"tag-croisiere","15":"tag-dcns","16":"tag-defense","17":"tag-eu","18":"tag-euronaval","19":"tag-europe","20":"tag-fr","21":"tag-france","22":"tag-fremm","23":"tag-interviews","24":"tag-littoral","25":"tag-marine","26":"tag-marine-nationale","27":"tag-maritime","28":"tag-mer","29":"tag-news","30":"tag-offshore","31":"tag-peche","32":"tag-provence-alpes-cote-dazur","33":"tag-reportages","34":"tag-republique-francaise","35":"tag-sncm","36":"tag-stx","37":"tag-toulon"},"share_on_mastodon":{"url":"https:\/\/pubeurope.com\/@fr\/115346811408125823","error":""},"_links":{"self":[{"href":"https:\/\/www.europesays.com\/fr\/wp-json\/wp\/v2\/posts\/451167","targetHints":{"allow":["GET"]}}],"collection":[{"href":"https:\/\/www.europesays.com\/fr\/wp-json\/wp\/v2\/posts"}],"about":[{"href":"https:\/\/www.europesays.com\/fr\/wp-json\/wp\/v2\/types\/post"}],"author":[{"embeddable":true,"href":"https:\/\/www.europesays.com\/fr\/wp-json\/wp\/v2\/users\/2"}],"replies":[{"embeddable":true,"href":"https:\/\/www.europesays.com\/fr\/wp-json\/wp\/v2\/comments?post=451167"}],"version-history":[{"count":0,"href":"https:\/\/www.europesays.com\/fr\/wp-json\/wp\/v2\/posts\/451167\/revisions"}],"wp:featuredmedia":[{"embeddable":true,"href":"https:\/\/www.europesays.com\/fr\/wp-json\/wp\/v2\/media\/451168"}],"wp:attachment":[{"href":"https:\/\/www.europesays.com\/fr\/wp-json\/wp\/v2\/media?parent=451167"}],"wp:term":[{"taxonomy":"category","embeddable":true,"href":"https:\/\/www.europesays.com\/fr\/wp-json\/wp\/v2\/categories?post=451167"},{"taxonomy":"post_tag","embeddable":true,"href":"https:\/\/www.europesays.com\/fr\/wp-json\/wp\/v2\/tags?post=451167"}],"curies":[{"name":"wp","href":"https:\/\/api.w.org\/{rel}","templated":true}]}}