{"id":451171,"date":"2025-10-09T23:31:11","date_gmt":"2025-10-09T23:31:11","guid":{"rendered":"https:\/\/www.europesays.com\/fr\/451171\/"},"modified":"2025-10-09T23:31:11","modified_gmt":"2025-10-09T23:31:11","slug":"previsions-du-vendredi-10-octobre-2025","status":"publish","type":"post","link":"https:\/\/www.europesays.com\/fr\/451171\/","title":{"rendered":"pr\u00e9visions du vendredi 10 octobre 2025"},"content":{"rendered":"<p class=\"mb-4 text-lg md:leading-8 break-words\"><strong>M\u00e9t\u00e9o &#8211; C&rsquo;est un soleil magnifique qui va se montrer aujourd&rsquo;hui. Les temp\u00e9ratures seront de 18\u00b0C la matin\u00e9e et de 22\u00b0C l&rsquo;apr\u00e8s-midi&#8230;<\/strong><\/p>\n<p class=\"mb-4 text-lg md:leading-8 break-words\">Un beau soleil est attendu aujourd&rsquo;hui \u00e0 Montpellier. Il fera 19\u00b0C en moyenne. Une brise de nord soufflera doucement dans la matin\u00e9e. Les temp\u00e9ratures vont grimper pendant l&rsquo;apr\u00e8s-midi de quelques degr\u00e9s. Les valeurs afficheront entre 20 et 23\u00b0C. Le temps devrait s&rsquo;am\u00e9liorer durant la soir\u00e9e. Les temp\u00e9ratures tourneront autour des 18\u00b0C. Pendant votre sommeil, dans la nuit de vendredi \u00e0 samedi, le ciel sera clair.<\/p>\n<p class=\"mb-4 text-lg md:leading-8 break-words\">Demain, les Montpelli\u00e9rains vont pouvoir profiter d&rsquo;un soleil radieux. Les temp\u00e9ratures seront comprises entre 15 et 23\u00b0C. Le matin, le thermom\u00e8tre affichera 19\u00b0C en moyenne. Un vent de nord-est soufflera un peu, avec 12 km\/h. Les valeurs s&rsquo;\u00e9chelonneront entre 19\u00b0C et 23\u00b0C dans l&rsquo;apr\u00e8s-midi. Demain soir, le vent va peu \u00e0 peu chasser les nuages. Un vent de sud-ouest rafra\u00eechira l\u00e9g\u00e8rement l&rsquo;atmosph\u00e8re.<\/p>\n<p class=\"mb-4 text-lg md:leading-8 break-words\">Les jours s&rsquo;encha\u00eenent et se ressemblent. On s&rsquo;attend \u00e0 des journ\u00e9es ensoleill\u00e9es, avec des temp\u00e9ratures dans les 19\u00b0C en moyenne.<\/p>\n<p class=\"mb-4 text-lg md:leading-8 break-words\"><a href=\"https:\/\/www.20minutes.fr\/planete\/previsions-meteo\/4178375-20251010-meteo-montpellier-previsions-vendredi-10-octobre-2025?at_medium=RSS%20feed&amp;at_campaign=ynews&amp;utm_source=yahoo&amp;utm_medium=rss&amp;utm_campaign=news_feed&amp;utm_content=read_more_link&quot;\" rel=\"nofollow noopener\" target=\"_blank\" data-ylk=\"slk:Lire la suite sur 20minutes;elm:context_link;itc:0;sec:content-canvas\" class=\"link \">Lire la suite sur 20minutes<\/a><\/p>\n","protected":false},"excerpt":{"rendered":"M\u00e9t\u00e9o &#8211; C&rsquo;est un soleil magnifique qui va se montrer aujourd&rsquo;hui. Les temp\u00e9ratures seront de 18\u00b0C la matin\u00e9e&hellip;\n","protected":false},"author":2,"featured_media":451172,"comment_status":"","ping_status":"","sticky":false,"template":"","format":"standard","meta":{"footnotes":""},"categories":[9599],"tags":[1111,11,55607,1777,674,1011,27,51394,2487,2208,12,2680,25],"class_list":{"0":"post-451171","1":"post","2":"type-post","3":"status-publish","4":"format-standard","5":"has-post-thumbnail","7":"category-montpellier","8":"tag-actu","9":"tag-actualites","10":"tag-aujourdhui-2","11":"tag-eu","12":"tag-europe","13":"tag-fr","14":"tag-france","15":"tag-la-matinee","16":"tag-meteo","17":"tag-montpellier","18":"tag-news","19":"tag-occitanie","20":"tag-republique-francaise"},"share_on_mastodon":{"url":"https:\/\/pubeurope.com\/@fr\/115346819213001902","error":""},"_links":{"self":[{"href":"https:\/\/www.europesays.com\/fr\/wp-json\/wp\/v2\/posts\/451171","targetHints":{"allow":["GET"]}}],"collection":[{"href":"https:\/\/www.europesays.com\/fr\/wp-json\/wp\/v2\/posts"}],"about":[{"href":"https:\/\/www.europesays.com\/fr\/wp-json\/wp\/v2\/types\/post"}],"author":[{"embeddable":true,"href":"https:\/\/www.europesays.com\/fr\/wp-json\/wp\/v2\/users\/2"}],"replies":[{"embeddable":true,"href":"https:\/\/www.europesays.com\/fr\/wp-json\/wp\/v2\/comments?post=451171"}],"version-history":[{"count":0,"href":"https:\/\/www.europesays.com\/fr\/wp-json\/wp\/v2\/posts\/451171\/revisions"}],"wp:featuredmedia":[{"embeddable":true,"href":"https:\/\/www.europesays.com\/fr\/wp-json\/wp\/v2\/media\/451172"}],"wp:attachment":[{"href":"https:\/\/www.europesays.com\/fr\/wp-json\/wp\/v2\/media?parent=451171"}],"wp:term":[{"taxonomy":"category","embeddable":true,"href":"https:\/\/www.europesays.com\/fr\/wp-json\/wp\/v2\/categories?post=451171"},{"taxonomy":"post_tag","embeddable":true,"href":"https:\/\/www.europesays.com\/fr\/wp-json\/wp\/v2\/tags?post=451171"}],"curies":[{"name":"wp","href":"https:\/\/api.w.org\/{rel}","templated":true}]}}