{"id":451177,"date":"2025-10-09T23:37:15","date_gmt":"2025-10-09T23:37:15","guid":{"rendered":"https:\/\/www.europesays.com\/fr\/451177\/"},"modified":"2025-10-09T23:37:15","modified_gmt":"2025-10-09T23:37:15","slug":"a-montgermont-deux-jeunes-se-font-voler-leur-telephone-puis-agresser-a-la-bombe-lacrymogene","status":"publish","type":"post","link":"https:\/\/www.europesays.com\/fr\/451177\/","title":{"rendered":"\u00c0 Montgermont, deux jeunes se font voler leur t\u00e9l\u00e9phone puis agresser \u00e0 la bombe lacrymog\u00e8ne"},"content":{"rendered":"<p>Deux jeunes majeurs se sont fait agresser par trois autres individus du m\u00eame \u00e2ge environ, mercredi 8\u00a0octobre 2025, vers 19\u00a0h, \u00e0 Montgermont (Ille-et-Vilaine). La sc\u00e8ne s\u2019est d\u00e9roul\u00e9e aux alentours du centre de formation des apprentis (CFA), vers 19\u00a0h.<\/p>\n<p><strong>Lire l\u2019article : <\/strong> <a href=\"https:\/\/rennes.maville.com\/actu\/actudet_-reportage.-une-vie-de-labeur-part-en-fumee-apres-l-incendie-de-la-galerie-commerciale-a-pace-_7-7011280_actu.Htm\" rel=\"nofollow noopener\" target=\"_blank\">REPORTAGE. \u00ab Une vie de labeur part en fum\u00e9e \u00bb apr\u00e8s l\u2019incendie de la galerie commerciale \u00e0 Pac\u00e9<\/a><\/p>\n<p>Les agresseurs, arm\u00e9s d\u2019un couteau, ont menac\u00e9 leurs victimes avant de leur d\u00e9rober leurs t\u00e9l\u00e9phones portables. Ils les ont m\u00eame asperg\u00e9s de gaz lacrymog\u00e8ne avant de prendre la fuite.<\/p>\n<p>Les auteurs n\u2019ont pas \u00e9t\u00e9 identifi\u00e9s \u00e0 ce stade. Une enqu\u00eate de gendarmerie a \u00e9t\u00e9 confi\u00e9e \u00e0 la brigade de Pac\u00e9.<\/p>\n<p>\u00a0<\/p>\n","protected":false},"excerpt":{"rendered":"Deux jeunes majeurs se sont fait agresser par trois autres individus du m\u00eame \u00e2ge environ, mercredi 8\u00a0octobre 2025,&hellip;\n","protected":false},"author":2,"featured_media":451178,"comment_status":"","ping_status":"","sticky":false,"template":"","format":"standard","meta":{"footnotes":""},"categories":[2821],"tags":[1111,11,57684,10489,829,1777,674,7234,1011,27,4074,53481,9088,12,3086,584,25,319,23741],"class_list":{"0":"post-451177","1":"post","2":"type-post","3":"status-publish","4":"format-standard","5":"has-post-thumbnail","7":"category-rennes","8":"tag-actu","9":"tag-actualites","10":"tag-agresser","11":"tag-bombe","12":"tag-bretagne","13":"tag-eu","14":"tag-europe","15":"tag-font","16":"tag-fr","17":"tag-france","18":"tag-jeunes","19":"tag-lacrymogene","20":"tag-montgermont","21":"tag-news","22":"tag-redon","23":"tag-rennes","24":"tag-republique-francaise","25":"tag-telephone","26":"tag-voler"},"share_on_mastodon":{"url":"https:\/\/pubeurope.com\/@fr\/115346842870591640","error":""},"_links":{"self":[{"href":"https:\/\/www.europesays.com\/fr\/wp-json\/wp\/v2\/posts\/451177","targetHints":{"allow":["GET"]}}],"collection":[{"href":"https:\/\/www.europesays.com\/fr\/wp-json\/wp\/v2\/posts"}],"about":[{"href":"https:\/\/www.europesays.com\/fr\/wp-json\/wp\/v2\/types\/post"}],"author":[{"embeddable":true,"href":"https:\/\/www.europesays.com\/fr\/wp-json\/wp\/v2\/users\/2"}],"replies":[{"embeddable":true,"href":"https:\/\/www.europesays.com\/fr\/wp-json\/wp\/v2\/comments?post=451177"}],"version-history":[{"count":0,"href":"https:\/\/www.europesays.com\/fr\/wp-json\/wp\/v2\/posts\/451177\/revisions"}],"wp:featuredmedia":[{"embeddable":true,"href":"https:\/\/www.europesays.com\/fr\/wp-json\/wp\/v2\/media\/451178"}],"wp:attachment":[{"href":"https:\/\/www.europesays.com\/fr\/wp-json\/wp\/v2\/media?parent=451177"}],"wp:term":[{"taxonomy":"category","embeddable":true,"href":"https:\/\/www.europesays.com\/fr\/wp-json\/wp\/v2\/categories?post=451177"},{"taxonomy":"post_tag","embeddable":true,"href":"https:\/\/www.europesays.com\/fr\/wp-json\/wp\/v2\/tags?post=451177"}],"curies":[{"name":"wp","href":"https:\/\/api.w.org\/{rel}","templated":true}]}}