{"id":45118,"date":"2025-04-22T23:06:07","date_gmt":"2025-04-22T23:06:07","guid":{"rendered":"https:\/\/www.europesays.com\/fr\/45118\/"},"modified":"2025-04-22T23:06:07","modified_gmt":"2025-04-22T23:06:07","slug":"previsions-du-mercredi-23-avril-2025-2","status":"publish","type":"post","link":"https:\/\/www.europesays.com\/fr\/45118\/","title":{"rendered":"pr\u00e9visions du mercredi 23 avril 2025"},"content":{"rendered":"<p>\u00c0 Strasbourg, le soleil se montrerait plus t\u00f4t dans la journ\u00e9e si des nuages n&rsquo;\u00e9taient pas pr\u00e9sents dans le ciel. Les temp\u00e9ratures iront de 9 \u00e0 18\u00b0C. D&rsquo;un autre c\u00f4t\u00e9, la m\u00e9t\u00e9o va progressivement s&rsquo;am\u00e9liorer dans la matin\u00e9e et laisser place \u00e0 des \u00e9claircies. Il va faire 13\u00b0C en moyenne. Une l\u00e9g\u00e8re brise de sud-ouest sera ressentie par les habitants. Il va y avoir des nuages avant que le soleil ne puisse faire son apparition au cours de l&rsquo;apr\u00e8s-midi. Il sera compliqu\u00e9 de rester au sec car de la pluie est pr\u00e9vue. Les valeurs seront de 12\u00b0C au plus bas et de 18\u00b0C au plus haut. De la bruine l\u00e9g\u00e8re va tomber durant la soir\u00e9e. Les temp\u00e9ratures tourneront autour des 10\u00b0C. Une nuit claire vous attendra entre mercredi et jeudi.<\/p>\n<p>Strasbourg, o\u00f9 des nuages persisteront demain, continuera de guetter le soleil. Il faudra emporter son parapluie pour \u00e9viter les pluies \u00e9parses. Les temp\u00e9ratures vont chuter de quelques degr\u00e9s. Les valeurs s&rsquo;\u00e9chelonneront entre 8 et 16\u00b0C. Un vent de sud-ouest rafra\u00eechira sensiblement l&rsquo;atmosph\u00e8re. On observera la pr\u00e9sence persistante de nuages le matin. La grisaille ne se dissipe toujours pas, il va y avoir encore des nuages demain apr\u00e8s-midi. Les maximales iront jusqu&rsquo;\u00e0 16\u00b0C et les minimales seront de 13\u00b0C. Les nuages en pr\u00e9vision demain soir, et un ciel encore gris. Des pluies \u00e9parses vont tomber sur la ville. Il fera en moyenne 11\u00b0C.<\/p>\n<p>La m\u00e9t\u00e9o des journ\u00e9es suivantes va \u00e9voluer peu \u00e0 peu. Apr\u00e8s une m\u00e9t\u00e9o similaire vendredi, la situation changera samedi.<\/p>\n<p><\/p>\n","protected":false},"excerpt":{"rendered":"\u00c0 Strasbourg, le soleil se montrerait plus t\u00f4t dans la journ\u00e9e si des nuages n&rsquo;\u00e9taient pas pr\u00e9sents dans&hellip;\n","protected":false},"author":2,"featured_media":45119,"comment_status":"","ping_status":"","sticky":false,"template":"","format":"standard","meta":{"footnotes":""},"categories":[2820],"tags":[1111,11,2389,2649,1777,674,1011,27,775,12,2119,25,640],"class_list":{"0":"post-45118","1":"post","2":"type-post","3":"status-publish","4":"format-standard","5":"has-post-thumbnail","7":"category-strasbourg","8":"tag-actu","9":"tag-actualites","10":"tag-alsace","11":"tag-bas-rhin","12":"tag-eu","13":"tag-europe","14":"tag-fr","15":"tag-france","16":"tag-grand-est","17":"tag-news","18":"tag-previsions-meteo","19":"tag-republique-francaise","20":"tag-strasbourg"},"share_on_mastodon":{"url":"https:\/\/pubeurope.com\/@fr\/114384128176538491","error":""},"_links":{"self":[{"href":"https:\/\/www.europesays.com\/fr\/wp-json\/wp\/v2\/posts\/45118","targetHints":{"allow":["GET"]}}],"collection":[{"href":"https:\/\/www.europesays.com\/fr\/wp-json\/wp\/v2\/posts"}],"about":[{"href":"https:\/\/www.europesays.com\/fr\/wp-json\/wp\/v2\/types\/post"}],"author":[{"embeddable":true,"href":"https:\/\/www.europesays.com\/fr\/wp-json\/wp\/v2\/users\/2"}],"replies":[{"embeddable":true,"href":"https:\/\/www.europesays.com\/fr\/wp-json\/wp\/v2\/comments?post=45118"}],"version-history":[{"count":0,"href":"https:\/\/www.europesays.com\/fr\/wp-json\/wp\/v2\/posts\/45118\/revisions"}],"wp:featuredmedia":[{"embeddable":true,"href":"https:\/\/www.europesays.com\/fr\/wp-json\/wp\/v2\/media\/45119"}],"wp:attachment":[{"href":"https:\/\/www.europesays.com\/fr\/wp-json\/wp\/v2\/media?parent=45118"}],"wp:term":[{"taxonomy":"category","embeddable":true,"href":"https:\/\/www.europesays.com\/fr\/wp-json\/wp\/v2\/categories?post=45118"},{"taxonomy":"post_tag","embeddable":true,"href":"https:\/\/www.europesays.com\/fr\/wp-json\/wp\/v2\/tags?post=45118"}],"curies":[{"name":"wp","href":"https:\/\/api.w.org\/{rel}","templated":true}]}}