{"id":451181,"date":"2025-10-09T23:39:14","date_gmt":"2025-10-09T23:39:14","guid":{"rendered":"https:\/\/www.europesays.com\/fr\/451181\/"},"modified":"2025-10-09T23:39:14","modified_gmt":"2025-10-09T23:39:14","slug":"strasbourg-le-patron-du-festival-davignon-tiago-rodrigues-de-retour-au-maillon","status":"publish","type":"post","link":"https:\/\/www.europesays.com\/fr\/451181\/","title":{"rendered":"Strasbourg. Le patron du festival d\u2019Avignon Tiago Rodrigues de retour au Maillon"},"content":{"rendered":"<p>  Complet, sauf quelques places en audiodescription<\/p>\n<p>Il ne reste que quinze places en audiodescription propos\u00e9es aux personnes malvoyantes ou aveugles, le 17\u00a0octobre \u2013 en partenariat avec Acc\u00e8s culture, l\u2019association sp\u00e9cialis\u00e9e. Dans la salle, un audiodescripteur murmure aux oreilles des personnes \u00e9quip\u00e9es d\u2019un casque, le texte \u00e9crit par Tiago Rodrigues.<\/p>\n<p>Dans  La Distance,  le dramaturge portugais met en sc\u00e8ne l\u2019histoire universelle entre un p\u00e8re et sa fille sur fond de catastrophe \u00e9cologique. Ce sont les formidables Adama Diop et Alison Dechamps \u2013 r\u00e9v\u00e9lation du festival d\u2019Avignon o\u00f9 la pi\u00e8ce a \u00e9t\u00e9 cr\u00e9\u00e9e l\u2019\u00e9t\u00e9 dernier \u2013, qui portent cette dystopie. La Distance nous projette en 2077, l\u2019humanit\u00e9 est s\u00e9par\u00e9e en deux, certains ont quitt\u00e9 la Terre pour Mars.<\/p>\n<p class=\"note\">Du 15 au 17\u00a0octobre au Maillon, \u00e0 Strasbourg. Dur\u00e9e\u00a0: 1\u00a0h\u00a025. www.maillon.eu<\/p>\n","protected":false},"excerpt":{"rendered":"Complet, sauf quelques places en audiodescription Il ne reste que quinze places en audiodescription propos\u00e9es aux personnes malvoyantes&hellip;\n","protected":false},"author":2,"featured_media":451182,"comment_status":"","ping_status":"","sticky":false,"template":"","format":"standard","meta":{"footnotes":""},"categories":[2820],"tags":[1111,11,2389,1687,2880,1777,674,107,1011,27,775,12,25,3140,640,2879],"class_list":{"0":"post-451181","1":"post","2":"type-post","3":"status-publish","4":"format-standard","5":"has-post-thumbnail","7":"category-strasbourg","8":"tag-actu","9":"tag-actualites","10":"tag-alsace","11":"tag-culture-loisirs","12":"tag-edition-strasbourg","13":"tag-eu","14":"tag-europe","15":"tag-fil-info","16":"tag-fr","17":"tag-france","18":"tag-grand-est","19":"tag-news","20":"tag-republique-francaise","21":"tag-spectacle","22":"tag-strasbourg","23":"tag-strasbourg-ville"},"share_on_mastodon":{"url":"https:\/\/pubeurope.com\/@fr\/115346850798512357","error":""},"_links":{"self":[{"href":"https:\/\/www.europesays.com\/fr\/wp-json\/wp\/v2\/posts\/451181","targetHints":{"allow":["GET"]}}],"collection":[{"href":"https:\/\/www.europesays.com\/fr\/wp-json\/wp\/v2\/posts"}],"about":[{"href":"https:\/\/www.europesays.com\/fr\/wp-json\/wp\/v2\/types\/post"}],"author":[{"embeddable":true,"href":"https:\/\/www.europesays.com\/fr\/wp-json\/wp\/v2\/users\/2"}],"replies":[{"embeddable":true,"href":"https:\/\/www.europesays.com\/fr\/wp-json\/wp\/v2\/comments?post=451181"}],"version-history":[{"count":0,"href":"https:\/\/www.europesays.com\/fr\/wp-json\/wp\/v2\/posts\/451181\/revisions"}],"wp:featuredmedia":[{"embeddable":true,"href":"https:\/\/www.europesays.com\/fr\/wp-json\/wp\/v2\/media\/451182"}],"wp:attachment":[{"href":"https:\/\/www.europesays.com\/fr\/wp-json\/wp\/v2\/media?parent=451181"}],"wp:term":[{"taxonomy":"category","embeddable":true,"href":"https:\/\/www.europesays.com\/fr\/wp-json\/wp\/v2\/categories?post=451181"},{"taxonomy":"post_tag","embeddable":true,"href":"https:\/\/www.europesays.com\/fr\/wp-json\/wp\/v2\/tags?post=451181"}],"curies":[{"name":"wp","href":"https:\/\/api.w.org\/{rel}","templated":true}]}}