{"id":451211,"date":"2025-10-09T23:56:20","date_gmt":"2025-10-09T23:56:20","guid":{"rendered":"https:\/\/www.europesays.com\/fr\/451211\/"},"modified":"2025-10-09T23:56:20","modified_gmt":"2025-10-09T23:56:20","slug":"le-reseau-velo-ile-de-france-trace-sa-route","status":"publish","type":"post","link":"https:\/\/www.europesays.com\/fr\/451211\/","title":{"rendered":"Le r\u00e9seau V\u00e9lo \u00cele-de-France trace sa route"},"content":{"rendered":"\n<p lang=\"fr-FR\" style=\"margin-bottom: 0cm;\">De son c\u00f4t\u00e9, le collectif V\u00e9lo \u00cele-de-France se frotte les mains\u00a0: \u00ab\u00a0les choses avancent bien\u00a0\u00bb, se r\u00e9jouissent les 42 associations. Dans le d\u00e9tail, deux tiers du r\u00e9seau cyclable devrait \u00eatre boucl\u00e9 \u00e0 la fin 2025, gr\u00e2ce aux nombreux travaux qui se sont d\u00e9roul\u00e9s cet \u00e9t\u00e9. Actuellement, 64% de l&rsquo;immense chantier a \u00e9t\u00e9 men\u00e9 (ou l&rsquo;est encore), et 28% sont \u00e0 l&rsquo;\u00e9tude. Les nouvelles pistes sont pour beaucoup de couleur ocre, \u00ab\u00a0une uniformit\u00e9 qui s&rsquo;installe dans toute la r\u00e9gion\u00a0\u00bb, affirme le collectif.<\/p>\n<p lang=\"fr-FR\" style=\"margin-bottom: 0cm;\">\u00a0<\/p>\n<p lang=\"fr-FR\" style=\"margin-bottom: 0cm;\">Nicolas Chacun<\/p>\n<p>!function(f,b,e,v,n,t,s){if(f.fbq)return;n=f.fbq=function(){n.callMethod?<br \/>\nn.callMethod.apply(n,arguments):n.queue.push(arguments)};if(!f._fbq)f._fbq=n;<br \/>\nn.push=n;n.loaded=!0;n.version=&rsquo;2.0&prime;;n.queue=[];t=b.createElement(e);t.async=!0;<br \/>\nt.src=v;s=b.getElementsByTagName(e)[0];s.parentNode.insertBefore(t,s)}(window,<br \/>\ndocument,&rsquo;script&rsquo;,&rsquo;https:\/\/connect.facebook.net\/en_US\/fbevents.js&rsquo;);<br \/>\nfbq(&lsquo;init&rsquo;, &lsquo;278974969201861&rsquo;); \/\/ Insert your pixel ID here.<br \/>\nfbq(&lsquo;track&rsquo;, &lsquo;PageView&rsquo;);<\/p>\n","protected":false},"excerpt":{"rendered":"De son c\u00f4t\u00e9, le collectif V\u00e9lo \u00cele-de-France se frotte les mains\u00a0: \u00ab\u00a0les choses avancent bien\u00a0\u00bb, se r\u00e9jouissent les&hellip;\n","protected":false},"author":2,"featured_media":451212,"comment_status":"","ping_status":"","sticky":false,"template":"","format":"standard","meta":{"footnotes":""},"categories":[1592],"tags":[1111,11,1933,1936,1777,1939,674,1011,27,662,1934,12,1940,626,1935,25,1937,1941,1938],"class_list":{"0":"post-451211","1":"post","2":"type-post","3":"status-publish","4":"format-standard","5":"has-post-thumbnail","7":"category-ile-de-france","8":"tag-actu","9":"tag-actualites","10":"tag-actualites-locales","11":"tag-essonne","12":"tag-eu","13":"tag-eure-et-loir","14":"tag-europe","15":"tag-fr","16":"tag-france","17":"tag-ile-de-france","18":"tag-infos-locales","19":"tag-news","20":"tag-oise","21":"tag-paris","22":"tag-pres-de-chez-vous","23":"tag-republique-francaise","24":"tag-seine-et-marne","25":"tag-somme","26":"tag-yvelines"},"share_on_mastodon":{"url":"https:\/\/pubeurope.com\/@fr\/115346917656676306","error":""},"_links":{"self":[{"href":"https:\/\/www.europesays.com\/fr\/wp-json\/wp\/v2\/posts\/451211","targetHints":{"allow":["GET"]}}],"collection":[{"href":"https:\/\/www.europesays.com\/fr\/wp-json\/wp\/v2\/posts"}],"about":[{"href":"https:\/\/www.europesays.com\/fr\/wp-json\/wp\/v2\/types\/post"}],"author":[{"embeddable":true,"href":"https:\/\/www.europesays.com\/fr\/wp-json\/wp\/v2\/users\/2"}],"replies":[{"embeddable":true,"href":"https:\/\/www.europesays.com\/fr\/wp-json\/wp\/v2\/comments?post=451211"}],"version-history":[{"count":0,"href":"https:\/\/www.europesays.com\/fr\/wp-json\/wp\/v2\/posts\/451211\/revisions"}],"wp:featuredmedia":[{"embeddable":true,"href":"https:\/\/www.europesays.com\/fr\/wp-json\/wp\/v2\/media\/451212"}],"wp:attachment":[{"href":"https:\/\/www.europesays.com\/fr\/wp-json\/wp\/v2\/media?parent=451211"}],"wp:term":[{"taxonomy":"category","embeddable":true,"href":"https:\/\/www.europesays.com\/fr\/wp-json\/wp\/v2\/categories?post=451211"},{"taxonomy":"post_tag","embeddable":true,"href":"https:\/\/www.europesays.com\/fr\/wp-json\/wp\/v2\/tags?post=451211"}],"curies":[{"name":"wp","href":"https:\/\/api.w.org\/{rel}","templated":true}]}}