{"id":451215,"date":"2025-10-09T23:58:11","date_gmt":"2025-10-09T23:58:11","guid":{"rendered":"https:\/\/www.europesays.com\/fr\/451215\/"},"modified":"2025-10-09T23:58:11","modified_gmt":"2025-10-09T23:58:11","slug":"previsions-du-vendredi-10-octobre-2025-10","status":"publish","type":"post","link":"https:\/\/www.europesays.com\/fr\/451215\/","title":{"rendered":"pr\u00e9visions du vendredi 10 octobre 2025"},"content":{"rendered":"<p class=\"mb-4 text-lg md:leading-8 break-words\"><strong>M\u00e9t\u00e9o &#8211; Aujourd&rsquo;hui, un beau soleil rayonnera. Les temp\u00e9ratures seront de 14\u00b0C le matin et de 20\u00b0C l&rsquo;apr\u00e8s-midi&#8230;<\/strong><\/p>\n<p class=\"mb-4 text-lg md:leading-8 break-words\">C&rsquo;est une magnifique journ\u00e9e dont va b\u00e9n\u00e9ficier Paris, o\u00f9 le soleil va briller intens\u00e9ment. Les temp\u00e9ratures seront de 11\u00b0C au minimum et de 20\u00b0C au maximum. Une brise de nord-est soufflera doucement. Il fera 14\u00b0C en moyenne le matin. L&rsquo;apr\u00e8s-midi, c&rsquo;est une hausse de plusieurs degr\u00e9s que vont enregistrer les temp\u00e9ratures. Les valeurs iront de 18 \u00e0 20\u00b0C. La m\u00e9t\u00e9o devrait s&rsquo;am\u00e9liorer pendant la soir\u00e9e. Entre vendredi et samedi, la nuit sera claire.<\/p>\n<p class=\"mb-4 text-lg md:leading-8 break-words\">Demain, les Parisiens vont pouvoir profiter d&rsquo;un soleil radieux. Les temp\u00e9ratures afficheront entre 11 et 21\u00b0C. Un vent de nord-est rafra\u00eechira quelque peu l&rsquo;atmosph\u00e8re. Un temps plus chaud est \u00e0 pr\u00e9voir demain apr\u00e8s-midi puisque les temp\u00e9ratures vont conna\u00eetre une augmentation. Les valeurs seront comprises entre 19 et 21\u00b0C. Demain soir, le vent va peu \u00e0 peu chasser les nuages. Le mercure affichera 16\u00b0C en moyenne.<\/p>\n<p class=\"mb-4 text-lg md:leading-8 break-words\">Les jours qui suivent s&rsquo;annoncent similaires. Des temp\u00e9ratures dans les 17\u00b0C iront de pair avec un ciel ensoleill\u00e9.<\/p>\n<p class=\"mb-4 text-lg md:leading-8 break-words\"><a href=\"https:\/\/www.20minutes.fr\/planete\/previsions-meteo\/4178370-20251010-meteo-paris-previsions-vendredi-10-octobre-2025?at_medium=RSS%20feed&amp;at_campaign=ynews&amp;utm_source=yahoo&amp;utm_medium=rss&amp;utm_campaign=news_feed&amp;utm_content=read_more_link&quot;\" rel=\"nofollow noopener\" target=\"_blank\" data-ylk=\"slk:Lire la suite sur 20minutes;elm:context_link;itc:0;sec:content-canvas\" class=\"link \">Lire la suite sur 20minutes<\/a><\/p>\n","protected":false},"excerpt":{"rendered":"M\u00e9t\u00e9o &#8211; Aujourd&rsquo;hui, un beau soleil rayonnera. Les temp\u00e9ratures seront de 14\u00b0C le matin et de 20\u00b0C l&rsquo;apr\u00e8s-midi&#8230;&hellip;\n","protected":false},"author":2,"featured_media":451216,"comment_status":"","ping_status":"","sticky":false,"template":"","format":"standard","meta":{"footnotes":""},"categories":[1888],"tags":[1111,1928,11,1927,1777,674,1011,27,44166,12,1926,626,1925,25],"class_list":{"0":"post-451215","1":"post","2":"type-post","3":"status-publish","4":"format-standard","5":"has-post-thumbnail","7":"category-paris","8":"tag-actu","9":"tag-actu-paris","10":"tag-actualites","11":"tag-actualites-paris","12":"tag-eu","13":"tag-europe","14":"tag-fr","15":"tag-france","16":"tag-le-matin","17":"tag-news","18":"tag-news-paris","19":"tag-paris","20":"tag-paris-news","21":"tag-republique-francaise"},"share_on_mastodon":{"url":"https:\/\/pubeurope.com\/@fr\/115346925688587790","error":""},"_links":{"self":[{"href":"https:\/\/www.europesays.com\/fr\/wp-json\/wp\/v2\/posts\/451215","targetHints":{"allow":["GET"]}}],"collection":[{"href":"https:\/\/www.europesays.com\/fr\/wp-json\/wp\/v2\/posts"}],"about":[{"href":"https:\/\/www.europesays.com\/fr\/wp-json\/wp\/v2\/types\/post"}],"author":[{"embeddable":true,"href":"https:\/\/www.europesays.com\/fr\/wp-json\/wp\/v2\/users\/2"}],"replies":[{"embeddable":true,"href":"https:\/\/www.europesays.com\/fr\/wp-json\/wp\/v2\/comments?post=451215"}],"version-history":[{"count":0,"href":"https:\/\/www.europesays.com\/fr\/wp-json\/wp\/v2\/posts\/451215\/revisions"}],"wp:featuredmedia":[{"embeddable":true,"href":"https:\/\/www.europesays.com\/fr\/wp-json\/wp\/v2\/media\/451216"}],"wp:attachment":[{"href":"https:\/\/www.europesays.com\/fr\/wp-json\/wp\/v2\/media?parent=451215"}],"wp:term":[{"taxonomy":"category","embeddable":true,"href":"https:\/\/www.europesays.com\/fr\/wp-json\/wp\/v2\/categories?post=451215"},{"taxonomy":"post_tag","embeddable":true,"href":"https:\/\/www.europesays.com\/fr\/wp-json\/wp\/v2\/tags?post=451215"}],"curies":[{"name":"wp","href":"https:\/\/api.w.org\/{rel}","templated":true}]}}