{"id":451217,"date":"2025-10-09T23:59:12","date_gmt":"2025-10-09T23:59:12","guid":{"rendered":"https:\/\/www.europesays.com\/fr\/451217\/"},"modified":"2025-10-09T23:59:12","modified_gmt":"2025-10-09T23:59:12","slug":"action-requisition-imposons-la-loi-de-requisition-des-batiments-vides","status":"publish","type":"post","link":"https:\/\/www.europesays.com\/fr\/451217\/","title":{"rendered":"Action r\u00e9quisition : imposons la loi de r\u00e9quisition des b\u00e2timents vides !"},"content":{"rendered":"<p>\t<a href=\"https:\/\/paris-luttes.info\/IMG\/png\/action_requisition_11_octobre-724x1024.png\" type=\"image\/png\" data-w=\"435\" rel=\"nofollow noopener\" target=\"_blank\"><br \/>\n\t\t\t<img decoding=\"async\" alt=\"\" src=\"local\/cache-vignettes\/L435xH614\/action_requisition_11_octobre-724x1024-9957f.png\" data-l=\"435\" data-h=\"614\" data-tailles=\"[\\&quot;320\\&quot;,\\&quot;560\\&quot;,\\&quot;1200\\&quot;,\\&quot;1920\\&quot;]\" data-autorisees=\"{&quot;320&quot;:{&quot;1&quot;:&quot;local\\\/cache-vignettes\\\/L435xH614\\\/action_requisition_11_octobre-724x1024-9957f-resp320.png?1760036596&quot;,&quot;2&quot;:&quot;local\\\/cache-vignettes\\\/L435xH614\\\/action_requisition_11_octobre-724x1024-9957f-resp435.png?1760036596&quot;},&quot;435&quot;:{&quot;1&quot;:&quot;local\\\/cache-vignettes\\\/L435xH614\\\/action_requisition_11_octobre-724x1024-9957f-resp435.png?1760036596&quot;,&quot;2&quot;:&quot;local\\\/cache-vignettes\\\/L435xH614\\\/action_requisition_11_octobre-724x1024-9957f-resp435.png?1760036596&quot;}}\" class=\"image_responsive\"\/><br \/>\n\t<\/a><\/p>\n<p><strong>80 ans de l\u2019ordonnance de 1945\u00a0: imposons la loi de r\u00e9quisition des b\u00e2timents vides\u00a0!<\/strong><\/p>\n<p> 11\u00a0octobre 1945 \u2013 11\u00a0octobre 2025<\/p>\n<p>Il y a 80 ans, l\u2019ordonnance de 1945 est promulgu\u00e9e permettant \u00e0 l\u2019\u00c9tat de <strong>r\u00e9quisitionner provisoirement des logements vides<\/strong> depuis au moins 6 mois, pour des sans-logis et de smal log\u00e9-es, en attendant d\u2019\u00e9difier des logements sociaux dans la France d\u2019apr\u00e8s-guerre. La r\u00e9quisition est une mesure temporaire de 5 \u00e0 12 ans, et le propri\u00e9taire est indemnis\u00e9.<br class=\"autobr\"\/><br \/>\nCette loi a fait ses preuves\u00a0: entre 1945 et 1970, plus de 110 000 logements sont r\u00e9quisitionn\u00e9s pour <strong>loger des familles sans toit.<\/strong> En 1995, apr\u00e8s l\u2019occupation du 7 rue du Dragon \u00e0 Paris, 1000 logements appartenant \u00e0 des banques sont encore r\u00e9quisitionn\u00e9s.<\/p>\n<p>Aujourd\u2019hui, <strong>330 000 personnes<\/strong> sont sans-logis et meurent en moyenne \u00e0 49 ans, apr\u00e8s avoir subi violences sociales, physiques et psychologiques. Parmi elles, <strong>plus de 2000 enfants<\/strong> dorment \u00e0 la rue en cette rentr\u00e9e scolaire 2025. \u00c0 cela s\u2019ajoutent environ 120 000 familles condamn\u00e9es par la justice \u00e0 \u00eatre expuls\u00e9es, dont <strong>24 000 expuls\u00e9es de force<\/strong> par la police en 2024.<\/p>\n<p> Dix fois plus de b\u00e2timents vides que de personnes sans-abris<\/p>\n<p>Pendant ce temps, 3,1 millions de logements et le triple en m\u00e8tres carr\u00e9s de bureaux <strong>restent vides<\/strong>, utilis\u00e9s comme <strong>outils de sp\u00e9culation<\/strong> par les banques, les fonds d\u2019investissement et les maxi-rentiers qui d\u00e9tiennent la moiti\u00e9 des logements locatifs.<\/p>\n<p> Aujourd\u2019hui c\u2019est la rue ou la prison\u00a0!<\/p>\n<p>Au lieu d\u2019appliquer la loi de r\u00e9quisition, Macron a choisi de promulguer la loi Kasbarian-Berg\u00e9, pour <strong>expulser plus vite<\/strong> les locataires et <strong>criminialiser<\/strong> les sans-logis et les squatters\u00a0!<br class=\"autobr\"\/><br \/>\nLe choix du gouvernement est clair\u00a0: <strong>prot\u00e9ger les profits<\/strong> des sp\u00e9culateurs plut\u00f4t que le droit au logement.<\/p>\n<p>Pendant que des ultra-riches poss\u00e8dent des milliers d\u2019appartements, des enfants dorment dehors et les occupants de b\u00e2timents vides sont jet\u00e9s en prison\u00a0: voil\u00e0 la situation en France, 80 apr\u00e8s la cr\u00e9ation de la loi r\u00e9quisition\u00a0!<\/p>\n<p> Un logement c\u2019est fait pour habiter, pas pour sp\u00e9culer\u00a0!<\/p>\n<p>Il est temps d\u2019<strong>imposer<\/strong> l\u2019application de la loi\u00a0!<\/p>\n<p>Nous lan\u00e7ons une campagne nationale pour\u00a0:<\/p>\n<ul class=\"spip\">\n<li> <strong>Reloger<\/strong> imm\u00e9diatement les sans-abris et les familles menac\u00e9es d\u2019expulsion sans solution<\/li>\n<li> <strong>Produire<\/strong> massivement des logements \u00e0 bas loyer<\/li>\n<li> <strong>Mettre fin<\/strong> au scandale des locaux vides utilis\u00e9s pour sp\u00e9culer ou pour frauder<\/li>\n<\/ul>\n<p><strong>11-12\u00a0octobre 2025\u00a0: mobilisations partout en France\u00a0!<\/strong><\/p>\n<p>En r\u00e9gion parisienne\u00a0:<\/p>\n<ul class=\"spip\">\n<li> le 11\u00a0octobre entre 13h et 19h devant le square Anne Frank \u00e0 Pantin\u00a0;<\/li>\n<li> le 11\u00a0octobre \u00e0 partir de 15h <a href=\"https:\/\/paris-luttes.info\/11-octobre-campagne-nationale-pour-20008\" class=\"spip_in\" rel=\"nofollow noopener\" target=\"_blank\">\u00e0 la Pagaille \u00e0 Ivry<\/a>\u00a0;<\/li>\n<li> le 12\u00a0octobre  \u00e0 15h au croisement rue Marignan \/ Champs \u00c9lys\u00e9es \u00e0 Paris, pour une action r\u00e9quisition\u00a0!<\/li>\n<\/ul>\n<p>\t<a href=\"https:\/\/paris-luttes.info\/IMG\/png\/actionrequis.png\" type=\"image\/png\" data-w=\"492\" rel=\"nofollow noopener\" target=\"_blank\"><br \/>\n\t\t\t<img decoding=\"async\" alt=\"\" src=\"local\/cache-vignettes\/L492xH614\/actionrequis-8c074.png\" data-l=\"492\" data-h=\"614\" data-tailles=\"[\\&quot;320\\&quot;,\\&quot;560\\&quot;,\\&quot;1200\\&quot;,\\&quot;1920\\&quot;]\" data-autorisees=\"{&quot;320&quot;:{&quot;1&quot;:&quot;local\\\/cache-vignettes\\\/L492xH614\\\/actionrequis-8c074-resp320.png?1760036596&quot;,&quot;2&quot;:&quot;local\\\/cache-vignettes\\\/L492xH614\\\/actionrequis-8c074-resp492.png?1760036596&quot;},&quot;492&quot;:{&quot;1&quot;:&quot;local\\\/cache-vignettes\\\/L492xH614\\\/actionrequis-8c074-resp492.png?1760036596&quot;,&quot;2&quot;:&quot;local\\\/cache-vignettes\\\/L492xH614\\\/actionrequis-8c074-resp492.png?1760036596&quot;}}\" class=\"image_responsive\"\/><br \/>\n\t<\/a><\/p>\n","protected":false},"excerpt":{"rendered":"80 ans de l\u2019ordonnance de 1945\u00a0: imposons la loi de r\u00e9quisition des b\u00e2timents vides\u00a0! 11\u00a0octobre 1945 \u2013 11\u00a0octobre&hellip;\n","protected":false},"author":2,"featured_media":451218,"comment_status":"","ping_status":"","sticky":false,"template":"","format":"standard","meta":{"footnotes":""},"categories":[1888],"tags":[11,1777,674,1011,27,12,626,25],"class_list":{"0":"post-451217","1":"post","2":"type-post","3":"status-publish","4":"format-standard","5":"has-post-thumbnail","7":"category-paris","8":"tag-actualites","9":"tag-eu","10":"tag-europe","11":"tag-fr","12":"tag-france","13":"tag-news","14":"tag-paris","15":"tag-republique-francaise"},"share_on_mastodon":{"url":"https:\/\/pubeurope.com\/@fr\/115346930109258201","error":""},"_links":{"self":[{"href":"https:\/\/www.europesays.com\/fr\/wp-json\/wp\/v2\/posts\/451217","targetHints":{"allow":["GET"]}}],"collection":[{"href":"https:\/\/www.europesays.com\/fr\/wp-json\/wp\/v2\/posts"}],"about":[{"href":"https:\/\/www.europesays.com\/fr\/wp-json\/wp\/v2\/types\/post"}],"author":[{"embeddable":true,"href":"https:\/\/www.europesays.com\/fr\/wp-json\/wp\/v2\/users\/2"}],"replies":[{"embeddable":true,"href":"https:\/\/www.europesays.com\/fr\/wp-json\/wp\/v2\/comments?post=451217"}],"version-history":[{"count":0,"href":"https:\/\/www.europesays.com\/fr\/wp-json\/wp\/v2\/posts\/451217\/revisions"}],"wp:featuredmedia":[{"embeddable":true,"href":"https:\/\/www.europesays.com\/fr\/wp-json\/wp\/v2\/media\/451218"}],"wp:attachment":[{"href":"https:\/\/www.europesays.com\/fr\/wp-json\/wp\/v2\/media?parent=451217"}],"wp:term":[{"taxonomy":"category","embeddable":true,"href":"https:\/\/www.europesays.com\/fr\/wp-json\/wp\/v2\/categories?post=451217"},{"taxonomy":"post_tag","embeddable":true,"href":"https:\/\/www.europesays.com\/fr\/wp-json\/wp\/v2\/tags?post=451217"}],"curies":[{"name":"wp","href":"https:\/\/api.w.org\/{rel}","templated":true}]}}