{"id":451225,"date":"2025-10-10T00:03:11","date_gmt":"2025-10-10T00:03:11","guid":{"rendered":"https:\/\/www.europesays.com\/fr\/451225\/"},"modified":"2025-10-10T00:03:11","modified_gmt":"2025-10-10T00:03:11","slug":"les-crimes-violents-declares-par-la-police-augmentent-au-canada-et-baissent-aux-usa","status":"publish","type":"post","link":"https:\/\/www.europesays.com\/fr\/451225\/","title":{"rendered":"Les crimes violents d\u00e9clar\u00e9s par la police augmentent au Canada et baissent aux USA"},"content":{"rendered":"<p>OTTAWA \u2014 L\u2019\u00e9cart entre le Canada et les \u00c9tats-Unis en mati\u00e8re de crimes violents d\u00e9clar\u00e9s par la police s\u2019est r\u00e9duit ces derni\u00e8res ann\u00e9es, en raison d\u2019une hausse du taux d\u2019agressions majeures au pays.<\/p>\n<p>Un rapport de Statistique Canada analysant les tendances de la criminalit\u00e9 de 1998 \u00e0 2023 indique que le nombre de crimes violents d\u00e9clar\u00e9s par la police pour 100\u00a0000\u00a0personnes continue d\u2019\u00eatre plus \u00e9lev\u00e9 aux \u00c9tats-Unis qu\u2019au Canada.<\/p>\n<p>Cependant, bien que le taux de crimes violents d\u00e9clar\u00e9s par la police aux \u00c9tats-Unis ait diminu\u00e9 de 37\u00a0% sur une p\u00e9riode de 25\u00a0ans, le rapport indique qu\u2019il a augment\u00e9 de 13\u00a0% au Canada entre 1998 et 2008, et de 9\u00a0% entre 2009 et 2023.<\/p>\n<p>Les donn\u00e9es pointent aussi que les homicides demeurent plus fr\u00e9quents aux \u00c9tats-Unis qu\u2019au Canada, principalement en raison d\u2019un taux plus \u00e9lev\u00e9 d\u2019homicides par arme \u00e0 feu.<\/p>\n<p>En 2023, 5.7 homicides ont \u00e9t\u00e9 recens\u00e9s par tranche de 100\u00a0000\u00a0habitants aux \u00c9tats-Unis, selon le rapport. Ce nombre est trois fois au-dessus de celui enregistr\u00e9 au Canada.<\/p>\n<p>\u00abLa plupart des diff\u00e9rences de taux actuels et historiques entre les deux pays sont attribuables aux homicides commis par arme \u00e0 feu\u00bb, indique le rapport. Il souligne qu\u2019en 2023, 76\u00a0% de tous les homicides commis aux \u00c9tats-Unis impliquaient une arme \u00e0 feu, contre 38\u00a0% au Canada.<\/p>\n<p>\u00abSans exception, les homicides commis par arme \u00e0 feu ont toujours \u00e9t\u00e9 beaucoup plus \u00e9lev\u00e9s aux \u00c9tats-Unis qu\u2019au Canada\u00bb, ajoute le rapport.<\/p>\n<p>Statistique Canada indique qu\u2019il n\u2019en va pas de m\u00eame pour les homicides commis avec d\u2019autres armes ou par la force physique. Au cours de la p\u00e9riode de 25\u00a0ans examin\u00e9e, le taux d\u2019homicides sans arme \u00e0 feu aux \u00c9tats-Unis n\u2019\u00e9tait que l\u00e9g\u00e8rement sup\u00e9rieur \u00e0 celui du Canada.<\/p>\n<p>En examinant les tendances g\u00e9n\u00e9rales en mati\u00e8re d\u2019homicides, le rapport rel\u00e8ve des \u00absimilitudes notables\u00bb entre les deux pays depuis les ann\u00e9es 1970.<\/p>\n<p>Il indique que les taux d\u2019homicides au Canada et aux \u00c9tats-Unis ont augment\u00e9 r\u00e9guli\u00e8rement dans les ann\u00e9es 1970, atteignant un sommet en 1975 au Canada et en 1980 aux \u00c9tats-Unis.<\/p>\n<p>Depuis, les deux pays ont connu des \u00abdiminutions consid\u00e9rables\u00bb, selon le rapport. En 2023, le taux d\u2019homicides au Canada \u00e9tait 33\u00a0% en dessous de son niveau de 1975, tandis qu\u2019aux \u00c9tats-Unis, il \u00e9tait inf\u00e9rieur de 44\u00a0% \u00e0 son sommet de 1980.<\/p>\n<p>\u00abMalgr\u00e9 ces baisses sur le long terme, les deux pays ont r\u00e9cemment connu une l\u00e9g\u00e8re hausse de leurs taux annuels d\u2019homicides\u00bb, pr\u00e9vient le rapport. En 2023, le taux au Canada \u00e9tait 6\u00a0% au-dessus de celui de cinq ans plus t\u00f4t et de 35\u00a0% de celui de dix ans plus t\u00f4t. Aux \u00c9tats-Unis, le taux \u00e9tait sup\u00e9rieur de 11\u00a0% \u00e0 celui de 2019 et de 26\u00a0% \u00e0 celui de 2013.<\/p>\n<p>Le rapport indique que le taux d\u2019agressions graves d\u00e9clar\u00e9es par la police a augment\u00e9 au Canada et diminu\u00e9 aux \u00c9tats-Unis.<\/p>\n<p>\u00abDepuis la fin des ann\u00e9es 1990, les taux d\u2019agressions graves ont g\u00e9n\u00e9ralement suivi une tendance oppos\u00e9e au Canada et aux \u00c9tats-Unis\u00bb, note le rapport, ajoutant que la majeure partie de la baisse observ\u00e9e aux \u00c9tats-Unis s\u2019est produite entre 1998 et 2013.<\/p>\n<p>\u00abPlus r\u00e9cemment, les tendances en mati\u00e8re d\u2019agressions graves dans les deux pays se sont rapproch\u00e9es.\u00bb Le rapport r\u00e9v\u00e8le que le Canada et les \u00c9tats-Unis ont enregistr\u00e9 des tendances \u00e0 la baisse pour quatre infractions: le vol qualifi\u00e9, l\u2019introduction par effraction, le vol de v\u00e9hicules \u00e0 moteur et le vol \u00e0 main arm\u00e9e.<\/p>\n","protected":false},"excerpt":{"rendered":"OTTAWA \u2014 L\u2019\u00e9cart entre le Canada et les \u00c9tats-Unis en mati\u00e8re de crimes violents d\u00e9clar\u00e9s par la police&hellip;\n","protected":false},"author":2,"featured_media":451226,"comment_status":"","ping_status":"","sticky":false,"template":"","format":"standard","meta":{"footnotes":""},"categories":[1589],"tags":[11,73,1866,20106,12,1864,1865,1863,308],"class_list":{"0":"post-451225","1":"post","2":"type-post","3":"status-publish","4":"format-standard","5":"has-post-thumbnail","7":"category-etats-unis","8":"tag-actualites","9":"tag-etats-unis","10":"tag-etats-unis-damerique","11":"tag-https-lactualite-com-sujet-justice","12":"tag-news","13":"tag-united-states","14":"tag-united-states-of-america","15":"tag-us","16":"tag-usa"},"share_on_mastodon":{"url":"https:\/\/pubeurope.com\/@fr\/115346945206407598","error":""},"_links":{"self":[{"href":"https:\/\/www.europesays.com\/fr\/wp-json\/wp\/v2\/posts\/451225","targetHints":{"allow":["GET"]}}],"collection":[{"href":"https:\/\/www.europesays.com\/fr\/wp-json\/wp\/v2\/posts"}],"about":[{"href":"https:\/\/www.europesays.com\/fr\/wp-json\/wp\/v2\/types\/post"}],"author":[{"embeddable":true,"href":"https:\/\/www.europesays.com\/fr\/wp-json\/wp\/v2\/users\/2"}],"replies":[{"embeddable":true,"href":"https:\/\/www.europesays.com\/fr\/wp-json\/wp\/v2\/comments?post=451225"}],"version-history":[{"count":0,"href":"https:\/\/www.europesays.com\/fr\/wp-json\/wp\/v2\/posts\/451225\/revisions"}],"wp:featuredmedia":[{"embeddable":true,"href":"https:\/\/www.europesays.com\/fr\/wp-json\/wp\/v2\/media\/451226"}],"wp:attachment":[{"href":"https:\/\/www.europesays.com\/fr\/wp-json\/wp\/v2\/media?parent=451225"}],"wp:term":[{"taxonomy":"category","embeddable":true,"href":"https:\/\/www.europesays.com\/fr\/wp-json\/wp\/v2\/categories?post=451225"},{"taxonomy":"post_tag","embeddable":true,"href":"https:\/\/www.europesays.com\/fr\/wp-json\/wp\/v2\/tags?post=451225"}],"curies":[{"name":"wp","href":"https:\/\/api.w.org\/{rel}","templated":true}]}}