{"id":451242,"date":"2025-10-10T00:14:12","date_gmt":"2025-10-10T00:14:12","guid":{"rendered":"https:\/\/www.europesays.com\/fr\/451242\/"},"modified":"2025-10-10T00:14:12","modified_gmt":"2025-10-10T00:14:12","slug":"un-autre-terrien-espagnol-dit-adieu-au-tennis","status":"publish","type":"post","link":"https:\/\/www.europesays.com\/fr\/451242\/","title":{"rendered":"un autre terrien espagnol dit adieu au tennis"},"content":{"rendered":"<p>                <img decoding=\"async\" src=\"https:\/\/www.europesays.com\/fr\/wp-content\/uploads\/2025\/10\/AY7U.jpg\" fetchpriority=\"high\" alt=\"Fin de carri\u00e8re pour Albert Ramos-Vinolas : un autre terrien espagnol dit adieu au tennis\"\/><\/p>\n<p>Apr\u00e8s 18 saisons sur le circuit, Albert Ramos-Vinolas a disput\u00e9 son dernier match \u00e0 Valence. L\u2019Espagnol, artisan du jeu sur terre battue, laisse derri\u00e8re lui une carri\u00e8re aussi discr\u00e8te qu\u2019exemplaire, marqu\u00e9e par quatre titres sur le circuit principal.<\/p>\n<p><strong>Clap de fin pour Albert Ramos-Vinolas apr\u00e8s 18 ann\u00e9es pass\u00e9es \u00e0 \u00e9trenner les tournois du monde entier.<\/strong><\/p>\n<p>L\u2019Espagnol participait cette semaine au Challenger de Valence, organis\u00e9 par un autre ancien joueur espagnol, Pablo Andujar.<\/p>\n<p>\u00c0 bient\u00f4t 38 ans, il avait r\u00e9ussi \u00e0 repousser sa retraite \u00e0 deux reprises en battant Pedro Martinez (6-4, 6-2) puis Zdenek Kolar (1-6, 6-3, 6-4). Il est tomb\u00e9 ce jeudi face \u00e0 Jan Choinski (6-4, 7-5), tirant un trait sur une carri\u00e8re ponctu\u00e9e de quatre ATP 250, tous remport\u00e9s sur terre battue (Bastad 2016, Gstaad 2019, Estoril 2021 et Cordoba 2022).<\/p>\n<p>17e mondial \u00e0 son meilleur, Ramos-Vinolas avait aussi atteint les quarts de finale \u00e0 Roland-Garros en 2016 et la finale du Masters 1000 de Monte-Carlo en 2017. Durant cette belle semaine mon\u00e9gasque, il avait battu coup sur coup Andy Murray, Marin Cilic et Lucas Pouille.<\/p>\n","protected":false},"excerpt":{"rendered":"Apr\u00e8s 18 saisons sur le circuit, Albert Ramos-Vinolas a disput\u00e9 son dernier match \u00e0 Valence. L\u2019Espagnol, artisan du&hellip;\n","protected":false},"author":2,"featured_media":451243,"comment_status":"","ping_status":"","sticky":false,"template":"","format":"standard","meta":{"footnotes":""},"categories":[1415],"tags":[1011,27,60,1467],"class_list":{"0":"post-451242","1":"post","2":"type-post","3":"status-publish","4":"format-standard","5":"has-post-thumbnail","7":"category-tennis","8":"tag-fr","9":"tag-france","10":"tag-sports","11":"tag-tennis"},"share_on_mastodon":{"url":"https:\/\/pubeurope.com\/@fr\/115346988723876153","error":""},"_links":{"self":[{"href":"https:\/\/www.europesays.com\/fr\/wp-json\/wp\/v2\/posts\/451242","targetHints":{"allow":["GET"]}}],"collection":[{"href":"https:\/\/www.europesays.com\/fr\/wp-json\/wp\/v2\/posts"}],"about":[{"href":"https:\/\/www.europesays.com\/fr\/wp-json\/wp\/v2\/types\/post"}],"author":[{"embeddable":true,"href":"https:\/\/www.europesays.com\/fr\/wp-json\/wp\/v2\/users\/2"}],"replies":[{"embeddable":true,"href":"https:\/\/www.europesays.com\/fr\/wp-json\/wp\/v2\/comments?post=451242"}],"version-history":[{"count":0,"href":"https:\/\/www.europesays.com\/fr\/wp-json\/wp\/v2\/posts\/451242\/revisions"}],"wp:featuredmedia":[{"embeddable":true,"href":"https:\/\/www.europesays.com\/fr\/wp-json\/wp\/v2\/media\/451243"}],"wp:attachment":[{"href":"https:\/\/www.europesays.com\/fr\/wp-json\/wp\/v2\/media?parent=451242"}],"wp:term":[{"taxonomy":"category","embeddable":true,"href":"https:\/\/www.europesays.com\/fr\/wp-json\/wp\/v2\/categories?post=451242"},{"taxonomy":"post_tag","embeddable":true,"href":"https:\/\/www.europesays.com\/fr\/wp-json\/wp\/v2\/tags?post=451242"}],"curies":[{"name":"wp","href":"https:\/\/api.w.org\/{rel}","templated":true}]}}