{"id":451251,"date":"2025-10-10T00:21:10","date_gmt":"2025-10-10T00:21:10","guid":{"rendered":"https:\/\/www.europesays.com\/fr\/451251\/"},"modified":"2025-10-10T00:21:10","modified_gmt":"2025-10-10T00:21:10","slug":"israel-arthur-revele-que-plusieurs-artistes-refusent-de-venir-dans-vendredi-tout-est-permis-tourne-la-semaine-prochaine-en-raison-de-son-engagement-pour-la-liberation-des-otages-et-pour-la-paix","status":"publish","type":"post","link":"https:\/\/www.europesays.com\/fr\/451251\/","title":{"rendered":"Isra\u00ebl : Arthur r\u00e9v\u00e8le que plusieurs artistes refusent de venir dans \u00ab\u00a0Vendredi tout est permis\u00a0\u00bb, tourn\u00e9 la semaine prochaine, en raison de son engagement pour la lib\u00e9ration des otages et pour la paix &#8211; Vid\u00e9o"},"content":{"rendered":"<p>Arthur \u00e9tait invit\u00e9 de \u00ab\u00a0Bonjour\u00a0\u00bb sur TF1, face \u00e0 Bruce Toussaint pour la promotion de son livre, mais \u00e9galement alors que dans la nuit la situation en Isra\u00ebl a bascul\u00e9 et que l&rsquo;espoir de paix n&rsquo;a jamais \u00e9t\u00e9 aussi fort, sous l&rsquo;impulsion du Pr\u00e9sident am\u00e9ricain Donald Trump.<\/p>\n<p>Mais Arthur, interrog\u00e9 sur les r\u00e9actions en France \u00e0 son \u00e9gard depuis le 7 octobre a expliqu\u00e9 comment certains s&rsquo;\u00e9taient d\u00e9tourn\u00e9 de lui, et aujourd&rsquo;hui encore refusaient de participer \u00e0 ses \u00e9missions :\u00a0<\/p>\n<p>\u00ab\u00a0C\u2019est effarant parce qu\u2019on est arriv\u00e9 dans un monde, dans une soci\u00e9t\u00e9 o\u00f9, maintenant, l\u2019empathie a un drapeau alors que l&#8217;empathie n&rsquo;a pas de drapeau. On peut \u00eatre boulevers\u00e9 par ce qui s&rsquo;est pass\u00e9 le 7 octobre mais aussi par les enfants qui meurent \u00e0 Gaza. J&rsquo;\u00e9tais un peu perdu car on a entendu beaucoup d&rsquo;artistes qui disaient \u00ab\u00a0cessez le feu\u00a0\u00bb, mais tr\u00e8s peu disaient en m\u00eame temps \u00ab\u00a0lib\u00e9rez les otages\u00a0\u00bb.<\/p>\n<p>On s\u2019est moqu\u00e9 de moi parce que les gens pensaient que je voulais \u00eatre un porte-parole d\u2019une cause, alors que j\u2019\u00e9tais juste un \u00eatre humain qui souffrait.<\/p>\n<p><strong>Certains artistes arr\u00eatent de venir dans mes \u00e9missions. Vous savez, je tourne la semaine prochaine \u201cVendredi tout est permis\u201d, et il y a des artistes qui venaient tout le temps et qui ne viennent plus. C\u2019est fou quand m\u00eame quand on y pense.\u00a0\u00bb<\/strong><\/p>\n<p>Quand aux t\u00e9l\u00e9spectateurs, s&rsquo;est plut\u00f4t l&rsquo;effet inverse qui s&rsquo;est produit malgr\u00e9 les menaces et les messages violent que l&rsquo;animateur a pu recevoir, poussant l&rsquo;animateur \u00e0 ironiser :\u00a0<\/p>\n<p>\u00ab\u00a0Il y a eu des appels au boycott et mes audiences ont fait plus de 20% donc ce serait bien de maintenir ces appels au boycott\u00a0\u00bb.<\/p>\n<p>Arthur \u00e9tait donc sur TF1 pour faire la promotion de son\u00a0 livre intitul\u00e9 \u00ab\u00a0J&rsquo;ai perdu un b\u00e9douin dans Paris\u00a0\u00bb dans lequel il raconte comment le 7 octobre a chang\u00e9 sa vie :\u00a0<\/p>\n<p>\u00ab\u00a0C\u2019\u00e9tait le 7 octobre 2023. Le plus grand massacre de Juifs depuis la Shoah. Ce fut une bascule, une descente aux enfers o\u00f9 j\u2019ai entra\u00een\u00e9 ma famille, mes proches, dans une apn\u00e9e interminable. Je voyais dans leurs yeux ma peur refl\u00e9t\u00e9e, ma col\u00e8re, mon impuissance.<\/p>\n<p>Alors j\u2019ai pens\u00e9 \u00e0 ma m\u00e8re. \u00c0 mes racines. \u00c0 cette Histoire tatou\u00e9e dans mon sang.<\/p>\n<p>Et mon ADN s\u2019est mis \u00e0 hurler : j\u2019ai dit \u201cJe\u201d et j\u2019ai dit \u201cjuif\u201d .<\/p>\n<p>Presque malgr\u00e9 moi. Je suis devenu une voix, dans le vacarme et le mensonge.<\/p>\n<p>Et j\u2019ai \u00e9crit. Parce que je n\u2019avais plus d\u2019air. Pour survivre. Pour transformer la douleur en action.\u00a0\u00bb<\/p>\n<blockquote class=\"twitter-tweet\">\n<p lang=\"fr\" dir=\"ltr\">Accord Isra\u00ebl-Hamas : \u00ab\u00a0L&#8217;empathie n&rsquo;a pas de drapeau. On peut \u00eatre boulevers\u00e9 par ce qui s&rsquo;est pass\u00e9 le 7-Octobre, comme boulevers\u00e9 par les enfants qui meurent \u00e0 Gaza\u00a0\u00bb, <a href=\"https:\/\/twitter.com\/Arthur_Officiel?ref_src=twsrc%5Etfw\" target=\"_blank\" rel=\"noopener\">@Arthur_Officiel<\/a> dans <a href=\"https:\/\/twitter.com\/hashtag\/BonjourLaMatinaleTF1?src=hash&amp;ref_src=twsrc%5Etfw\" target=\"_blank\" rel=\"noopener\">#BonjourLaMatinaleTF1<\/a> <a href=\"https:\/\/t.co\/nxHz3MHOcg\">pic.twitter.com\/nxHz3MHOcg<\/a><\/p>\n<p>\u2014 TF1Info (@TF1Info) <a href=\"https:\/\/twitter.com\/TF1Info\/status\/1976192802108084503?ref_src=twsrc%5Etfw\" target=\"_blank\" rel=\"noopener\">October 9, 2025<\/a><\/p><\/blockquote>\n<p>          <script async src=\"https:\/\/platform.twitter.com\/widgets.js\" charset=\"utf-8\"><\/script><\/p>\n","protected":false},"excerpt":{"rendered":"Arthur \u00e9tait invit\u00e9 de \u00ab\u00a0Bonjour\u00a0\u00bb sur TF1, face \u00e0 Bruce Toussaint pour la promotion de son livre, mais&hellip;\n","protected":false},"author":2,"featured_media":451252,"comment_status":"","ping_status":"","sticky":false,"template":"","format":"standard","meta":{"footnotes":""},"categories":[1359],"tags":[56752,14684,7976,58,59,1011,27,664,973],"class_list":{"0":"post-451251","1":"post","2":"type-post","3":"status-publish","4":"format-standard","5":"has-post-thumbnail","7":"category-people","8":"tag-7-octobre","9":"tag-arthur","10":"tag-boycott","11":"tag-divertissement","12":"tag-entertainment","13":"tag-fr","14":"tag-france","15":"tag-israel","16":"tag-people"},"share_on_mastodon":{"url":"https:\/\/pubeurope.com\/@fr\/115347015936008484","error":""},"_links":{"self":[{"href":"https:\/\/www.europesays.com\/fr\/wp-json\/wp\/v2\/posts\/451251","targetHints":{"allow":["GET"]}}],"collection":[{"href":"https:\/\/www.europesays.com\/fr\/wp-json\/wp\/v2\/posts"}],"about":[{"href":"https:\/\/www.europesays.com\/fr\/wp-json\/wp\/v2\/types\/post"}],"author":[{"embeddable":true,"href":"https:\/\/www.europesays.com\/fr\/wp-json\/wp\/v2\/users\/2"}],"replies":[{"embeddable":true,"href":"https:\/\/www.europesays.com\/fr\/wp-json\/wp\/v2\/comments?post=451251"}],"version-history":[{"count":0,"href":"https:\/\/www.europesays.com\/fr\/wp-json\/wp\/v2\/posts\/451251\/revisions"}],"wp:featuredmedia":[{"embeddable":true,"href":"https:\/\/www.europesays.com\/fr\/wp-json\/wp\/v2\/media\/451252"}],"wp:attachment":[{"href":"https:\/\/www.europesays.com\/fr\/wp-json\/wp\/v2\/media?parent=451251"}],"wp:term":[{"taxonomy":"category","embeddable":true,"href":"https:\/\/www.europesays.com\/fr\/wp-json\/wp\/v2\/categories?post=451251"},{"taxonomy":"post_tag","embeddable":true,"href":"https:\/\/www.europesays.com\/fr\/wp-json\/wp\/v2\/tags?post=451251"}],"curies":[{"name":"wp","href":"https:\/\/api.w.org\/{rel}","templated":true}]}}