{"id":451261,"date":"2025-10-10T00:26:56","date_gmt":"2025-10-10T00:26:56","guid":{"rendered":"https:\/\/www.europesays.com\/fr\/451261\/"},"modified":"2025-10-10T00:26:56","modified_gmt":"2025-10-10T00:26:56","slug":"%f0%9f%8e%ac-fifac-2025-avec-lopen-pitch-les-projets-documentaires-prennent-la-parole","status":"publish","type":"post","link":"https:\/\/www.europesays.com\/fr\/451261\/","title":{"rendered":"\ud83c\udfac Fifac 2025. Avec l&rsquo;Open Pitch, les projets documentaires prennent la parole"},"content":{"rendered":"<p>Ce mercredi au Fifac, r\u00e9alisateurs, producteurs et diffuseurs se sont retrouv\u00e9s pour une matin\u00e9e d\u2019\u00e9changes et de pr\u00e9sentations de projets documentaires. L\u2019occasion pour de jeunes auteurs de d\u00e9fendre leurs id\u00e9es devant des partenaires potentiels.<\/p>\n<p>Mercredi matin s\u2019est tenue la s\u00e9ance d\u2019Open Pitch du Fifac. Un moment o\u00f9 des r\u00e9alisateurs pr\u00e9sentent leurs projets \u00e0 des producteurs et des diffuseurs potentiels. Sept de ces r\u00e9alisateurs ont, par ailleurs, b\u00e9n\u00e9fici\u00e9 d\u2019un accompagnement pour se pr\u00e9parer \u00e0 l\u2019exercice. Port\u00e9 par Docmonde et le P\u00f4le Image Maroni, cette session s&rsquo;int\u00e8gre dans le programme Doc Amazonie Cara\u00efbe qui constitue, selon les organisateurs \u00ab l&rsquo;un des piliers des rencontres professionnelles du Fifac. \u00bb<\/p>\n<p>Premier \u00e0 d\u00e9fendre son projet sur sc\u00e8ne, Daniel Nlandu Nganga a sept minutes pour convaincre. Le r\u00e9alisateur guadeloup\u00e9en est actuellement en train de d\u00e9velopper le synopsis de son film, un documentaire, Au nom du p\u00e8re, l\u2019affaire Georges Faisans. \u00ab Je raconte l\u2019histoire de mon p\u00e8re, m\u00e9decin d\u2019origine congolaise, impliqu\u00e9 dans les \u00e9v\u00e9nements ind\u00e9pendantistes des ann\u00e9es 80 en Guadeloupe, indique-t-il. C\u2019est une histoire d\u2019amour, de filiation, de blessures int\u00e9rioris\u00e9es, de transmissions bris\u00e9es et de m\u00e9moires oubli\u00e9es, mais aussi de r\u00e9conciliation, de la petite histoire dans la grande Histoire. \u00bb<\/p>\n<p>                                    <img class=\"a-article__image lazy libre\" width=\"800\" height=\"450\" data-src=\"https:\/\/www.europesays.com\/fr\/wp-content\/uploads\/2025\/10\/5-68e6b85e8f33c966935721.png\" style=\"--img-placeholder: url('\/assets\/img\/placeholders\/article-800-450.svg');\" alt=\"Daniel Nlandu Nganga, r\u00e9alisateur\" aria-hidden=\"true\"\/><\/p>\n<p>                Daniel Nlandu Nganga, r\u00e9alisateur<br \/>\n                     \u2022<br \/>\n                            \u00a9DR<\/p>\n<p>S\u2019il a d\u00e9j\u00e0 un producteur, Daniel Nlandu Nganga est \u00e0 la recherche d\u2019un diffuseur, mais \u00e9galement d\u2019un co-producteur pour donner une dimension plus internationale \u00e0 son projet. \u00ab Il y a de bons retours des professionnels pr\u00e9sents, mais \u00e0 ce stade, rien de concret. On est encore dans les pr\u00e9sentations \u00bb, glisse-t-il apr\u00e8s sa pr\u00e9sentation.<\/p>\n<p>Tout comme lui, Aliha Thalien, qui pr\u00e9sentait son film Nos \u00celes au Fifac 2024, est venue d\u00e9fendre son projet en cours, Ne quitte pas ton pays, un film sur les cons\u00e9quences du Bumidom.<\/p>\n<p>                                    <img class=\"a-article__image lazy libre\" width=\"800\" height=\"450\" data-src=\"https:\/\/www.europesays.com\/fr\/wp-content\/uploads\/2025\/10\/2-68e6b868c6a35639887382.png\" style=\"--img-placeholder: url('\/assets\/img\/placeholders\/article-800-450.svg');\" alt=\"Les r\u00e9alisateurs ont 7 minutes pour pr\u00e9senter leur projet avant de r\u00e9pondre aux questions des producteurs et diffuseurs\" aria-hidden=\"true\"\/><\/p>\n<p>                Les r\u00e9alisateurs ont 7 minutes pour pr\u00e9senter leur projet avant de r\u00e9pondre aux questions des producteurs et diffuseurs<br \/>\n                     \u2022<br \/>\n                            \u00a9A.V.<\/p>\n<p>Avec son co-r\u00e9alisateur, Nicolas Lecurieux, la r\u00e9alisatrice martiniquaise recherche un producteur ainsi qu\u2019un diffuseur. Durant la semaine, elle a b\u00e9n\u00e9fici\u00e9 d\u2019une r\u00e9sidence d\u2019\u00e9criture pour pr\u00e9parer son pitch. \u00ab Cela m\u2019a permis d\u2019\u00e9voluer et de pr\u00e9ciser les choses pour mon projet. \u00bb<\/p>\n<p>Dans l\u2019assistance, Gaby Lingib\u00e9, productrice, ne perd pas une miette des pr\u00e9sentations et du jeu de questions\/r\u00e9ponses qui suit. \u00ab C\u2019est la premi\u00e8re fois que j\u2019assiste aux pitchs du Fifac. Je trouve cela int\u00e9ressant pour rencontrer les auteurs et les r\u00e9alisateurs. En tant que productrice, j\u2019aime travailler avec des auteurs engag\u00e9s dans leurs territoires, m\u00eame au-del\u00e0 de la Guyane. \u00bb Lors de cette session, la productrice indique \u00eatre davantage venue rep\u00e9rer des auteurs avec qui elle pourrait collaborer.\u00a0<\/p>\n<blockquote class=\"ftvi_content_quote\">\n<p class=\"ftvi_citation_quote\">Un projet, c\u2019est comme un mariage. On a besoin de voir avant si la vision de chacun peut matcher<\/p>\n<p>Gaby Lingib\u00e9, productrice<\/p>\n<\/blockquote>\n<p>                                    <img class=\"a-article__image lazy libre\" width=\"800\" height=\"450\" data-src=\"https:\/\/www.europesays.com\/fr\/wp-content\/uploads\/2025\/10\/3-68e6b85d8f93f468525619.png\" style=\"--img-placeholder: url('\/assets\/img\/placeholders\/article-800-450.svg');\" alt=\"Guy Gabon pr\u00e9setner son projet  intitul\u00e9 Simonee Schwarz-Bart, au nom des femmes\" aria-hidden=\"true\"\/><\/p>\n<p>                Guy Gabon pr\u00e9sent son projet  intitul\u00e9 Simone Schwarz-Bart, au nom des femmes<br \/>\n                     \u2022<br \/>\n                            \u00a9A.V.<\/p>\n<p>Pierre-Olivier Pradinaud, r\u00e9alisateur et producteur, habitu\u00e9 du Fifac, estime que, entre les projections, les ateliers et les rencontres, les choses \u00e9voluent bien. \u00ab Au fil des ann\u00e9es, on voit \u00e9merger des auteurs. \u00bb<\/p>\n<p>                                    <img class=\"a-article__image lazy libre\" width=\"800\" height=\"450\" data-src=\"https:\/\/www.europesays.com\/fr\/wp-content\/uploads\/2025\/10\/4-68e6b86a64f84728968091.png\" style=\"--img-placeholder: url('\/assets\/img\/placeholders\/article-800-450.svg');\" alt=\"Parmi le public: des r\u00e9alisateurs, des producteurs et des diffuseurs\" aria-hidden=\"true\"\/><\/p>\n<p>                Parmi le public: des r\u00e9alisateurs, des producteurs et des diffuseurs<br \/>\n                     \u2022<br \/>\n                            \u00a9A.V.<\/p>\n<p>\u00c0 la recherche d\u2019un co-producteur et d\u2019un diffuseur pour un projet de s\u00e9rie documentaire, le Guyanais a appr\u00e9ci\u00e9 la pr\u00e9sence de diffuseurs. \u00ab Cette ann\u00e9e, il y a eu TV5 Monde, France T\u00e9l\u00e9visions et m\u00eame la d\u00e9l\u00e9gu\u00e9e du Sunny Side of the Doc. Cela montre l\u2019int\u00e9r\u00eat pour nos projets et la mont\u00e9e en puissance du Fifac.\u00bb<\/p>\n","protected":false},"excerpt":{"rendered":"Ce mercredi au Fifac, r\u00e9alisateurs, producteurs et diffuseurs se sont retrouv\u00e9s pour une matin\u00e9e d\u2019\u00e9changes et de pr\u00e9sentations&hellip;\n","protected":false},"author":2,"featured_media":451262,"comment_status":"","ping_status":"","sticky":false,"template":"","format":"standard","meta":{"footnotes":""},"categories":[1354],"tags":[58,59,1346,1011,27,1360],"class_list":{"0":"post-451261","1":"post","2":"type-post","3":"status-publish","4":"format-standard","5":"has-post-thumbnail","7":"category-films","8":"tag-divertissement","9":"tag-entertainment","10":"tag-films","11":"tag-fr","12":"tag-france","13":"tag-movies"},"share_on_mastodon":{"url":"https:\/\/pubeurope.com\/@fr\/115347039404087175","error":""},"_links":{"self":[{"href":"https:\/\/www.europesays.com\/fr\/wp-json\/wp\/v2\/posts\/451261","targetHints":{"allow":["GET"]}}],"collection":[{"href":"https:\/\/www.europesays.com\/fr\/wp-json\/wp\/v2\/posts"}],"about":[{"href":"https:\/\/www.europesays.com\/fr\/wp-json\/wp\/v2\/types\/post"}],"author":[{"embeddable":true,"href":"https:\/\/www.europesays.com\/fr\/wp-json\/wp\/v2\/users\/2"}],"replies":[{"embeddable":true,"href":"https:\/\/www.europesays.com\/fr\/wp-json\/wp\/v2\/comments?post=451261"}],"version-history":[{"count":0,"href":"https:\/\/www.europesays.com\/fr\/wp-json\/wp\/v2\/posts\/451261\/revisions"}],"wp:featuredmedia":[{"embeddable":true,"href":"https:\/\/www.europesays.com\/fr\/wp-json\/wp\/v2\/media\/451262"}],"wp:attachment":[{"href":"https:\/\/www.europesays.com\/fr\/wp-json\/wp\/v2\/media?parent=451261"}],"wp:term":[{"taxonomy":"category","embeddable":true,"href":"https:\/\/www.europesays.com\/fr\/wp-json\/wp\/v2\/categories?post=451261"},{"taxonomy":"post_tag","embeddable":true,"href":"https:\/\/www.europesays.com\/fr\/wp-json\/wp\/v2\/tags?post=451261"}],"curies":[{"name":"wp","href":"https:\/\/api.w.org\/{rel}","templated":true}]}}