{"id":451267,"date":"2025-10-10T00:30:13","date_gmt":"2025-10-10T00:30:13","guid":{"rendered":"https:\/\/www.europesays.com\/fr\/451267\/"},"modified":"2025-10-10T00:30:13","modified_gmt":"2025-10-10T00:30:13","slug":"accuse-de-violences-sexuelles-par-une-ex-compagne-le-rappeur-sous-le-coup-dune-nouvelle-procedure-judiciaire","status":"publish","type":"post","link":"https:\/\/www.europesays.com\/fr\/451267\/","title":{"rendered":"Accus\u00e9 de violences sexuelles par une ex-compagne, le rappeur sous le coup d\u2019une nouvelle proc\u00e9dure judiciaire"},"content":{"rendered":"<p>Le <a href=\"https:\/\/www.20minutes.fr\/dossier\/rappeur\" target=\"_blank\" class=\"c-link c-link--is-underlined\" rel=\"noopener\">rappeur<\/a> <a href=\"https:\/\/www.20minutes.fr\/arts-stars\/nekfeu\/\" target=\"_blank\" class=\"c-link c-link--is-underlined\" rel=\"noopener\">Nekfeu<\/a>, de son vrai nom Ken Samaras, est d\u00e9sormais au centre d\u2019une information judiciaire ouverte \u00e0 Paris pour des accusations de viol, d\u2019agressions sexuelles et de violences sur conjoint. Cette nouvelle \u00e9tape judiciaire, confirm\u00e9e jeudi par une source proche du dossier apr\u00e8s des r\u00e9v\u00e9lations de Lib\u00e9ration, intervient une semaine apr\u00e8s sa garde \u00e0 vue, \u00e0 l\u2019issue de laquelle l\u2019artiste avait \u00e9t\u00e9 lib\u00e9r\u00e9.<\/p>\n<p>Le <a href=\"https:\/\/www.20minutes.fr\/dossier\/parquet_de_paris\" target=\"_blank\" class=\"c-link c-link--is-underlined\" rel=\"noopener\">parquet de Paris<\/a> a confi\u00e9 le dossier \u00e0 un juge d\u2019instruction charg\u00e9 de d\u00e9terminer s\u2019il y a lieu de mettre le rappeur en examen. Selon l\u2019avocate de l\u2019artiste, Me Marie-Alix Canu-Bernard, cette proc\u00e9dure permettra de replacer le d\u00e9bat dans un cadre juridique plus rigoureux. \u00ab\u00a0L\u2019information judiciaire appara\u00eet \u00eatre le cadre le plus adapt\u00e9 pour examiner les paroles des deux \u00e9poux, les tr\u00e8s nombreuses pi\u00e8ces et plainte produites par Monsieur Samaras.\u00a0\u00bb<\/p>\n<p>D\u00e9cision logique pour les avocats de la plaignante<\/p>\n<p>Elle souligne aussi que cette <a href=\"https:\/\/www.20minutes.fr\/dossier\/enquete\" target=\"_blank\" class=\"c-link c-link--is-underlined\" rel=\"noopener\">enqu\u00eate<\/a> doit permettre \u00ab\u00a0d\u2019examiner l\u2019authenticit\u00e9 des pi\u00e8ces produites par Madame, mais surtout d\u2019assainir tout ce qui se dit \u00e0 l\u2019initiative de celle-ci dans la presse et sur les r\u00e9seaux depuis de trop longs mois\u00a0\u00bb. Les avocats de la plaignante, Mes William Bourdon, Rebecca Royer et Hannah Kopp, saluent une d\u00e9cision logique au vu des \u00e9l\u00e9ments recueillis. \u00ab\u00a0L\u2019ouverture de cette information judiciaire constitue une cons\u00e9quence absolument coh\u00e9rente au regard des lourdes charges d\u00e9j\u00e0 r\u00e9unies \u00e0 l\u2019encontre de M. Ken Samaras.\u00a0\u00bb<\/p>\n<\/p>\n<p>Cette affaire s\u2019inscrit dans un contexte tendu entre le rappeur et son ex-compagne. Depuis\u00a02023, cette derni\u00e8re a d\u00e9pos\u00e9 plusieurs plaintes pour viol, violences et harc\u00e8lement, toutes class\u00e9es sans suite par le parquet entre septembre\u00a02023 et mai\u00a02024. <a href=\"https:\/\/www.20minutes.fr\/faits_divers\/faits-divers-paris\/4176085-20250930-nekfeu-rappeur-place-garde-vue-apres-plaintes-viol-violences-ex-compagne\" target=\"_blank\" class=\"c-link c-link--is-underlined\" rel=\"noopener\">La garde \u00e0 vue de la semaine derni\u00e8re faisait suite \u00e0 une nouvelle plainte<\/a> d\u00e9pos\u00e9e pour des faits similaires. En novembre\u00a02024, Nekfeu avait d\u00e9nonc\u00e9 publiquement les \u00ab\u00a0intentions malveillantes\u00a0\u00bb de son ex-femme, estimant que les accusations s\u2019inscrivaient dans un conflit autour de la garde de leur fils.<\/p>\n<p>Des accusations qui divisent et une bataille m\u00e9diatique<\/p>\n<p><a href=\"https:\/\/www.20minutes.fr\/justice\/4144437-20250320-ex-epouse-nekfeu-accuse-viol-condamnee-non-presentation-enfant\" target=\"_blank\" class=\"c-link c-link--is-underlined\" rel=\"noopener\">Celle-ci a \u00e9t\u00e9 condamn\u00e9e le 19\u00a0mars 2025 \u00e0 deux mois de prison<\/a> avec sursis pour non-repr\u00e9sentation d\u2019enfant \u00e0 plusieurs reprises en\u00a02024. Elle a fait appel de cette d\u00e9cision et sera rejug\u00e9e le 7\u00a0janvier 2026 pour des faits similaires commis entre avril et juin derniers. Les avocats de la plaignante d\u00e9noncent depuis plusieurs mois \u00ab\u00a0un traitement policier et judiciaire pour le moins atypique\u00a0\u00bb, pointant \u00ab\u00a0l\u2019asym\u00e9trie de traitement entre les faits extr\u00eamement graves susceptibles d\u2019\u00eatre reproch\u00e9s \u00e0 Ken Samaras et l\u2019attitude d\u2019une m\u00e8re qui a toujours eu le souci de prot\u00e9ger son enfant\u00a0\u00bb.<\/p>\n<p><a href=\"https:\/\/www.20minutes.fr\/arts-stars\/nekfeu\/\" target=\"_blank\" class=\"c-link c-btn c-btn--primary\" rel=\"noopener\">Notre dossier sur Nekfeu<\/a><\/p>\n<p>De son c\u00f4t\u00e9, la d\u00e9fense du rappeur estime que la justice doit d\u00e9sormais permettre de \u00ab\u00a0r\u00e9tablir la v\u00e9rit\u00e9\u00a0\u00bb apr\u00e8s des mois de tensions m\u00e9diatiques. Sollicit\u00e9 par l\u2019AFP, le parquet de Paris n\u2019a pas souhait\u00e9 commenter l\u2019ouverture de cette information judiciaire.<\/p>\n","protected":false},"excerpt":{"rendered":"Le rappeur Nekfeu, de son vrai nom Ken Samaras, est d\u00e9sormais au centre d\u2019une information judiciaire ouverte \u00e0&hellip;\n","protected":false},"author":2,"featured_media":451268,"comment_status":"","ping_status":"","sticky":false,"template":"","format":"standard","meta":{"footnotes":""},"categories":[8],"tags":[47,1120,1267,58,59,1011,27,303,31011,10857,1265,798,799],"class_list":{"0":"post-451267","1":"post","2":"type-post","3":"status-publish","4":"format-standard","5":"has-post-thumbnail","7":"category-divertissement","8":"tag-actualite","9":"tag-agression","10":"tag-agression-sexuelle","11":"tag-divertissement","12":"tag-entertainment","13":"tag-fr","14":"tag-france","15":"tag-justice","16":"tag-nekfeu","17":"tag-parquet-de-paris","18":"tag-viol","19":"tag-violences-conjugales","20":"tag-violences-sexuelles"},"share_on_mastodon":{"url":"https:\/\/pubeurope.com\/@fr\/115347051252153144","error":""},"_links":{"self":[{"href":"https:\/\/www.europesays.com\/fr\/wp-json\/wp\/v2\/posts\/451267","targetHints":{"allow":["GET"]}}],"collection":[{"href":"https:\/\/www.europesays.com\/fr\/wp-json\/wp\/v2\/posts"}],"about":[{"href":"https:\/\/www.europesays.com\/fr\/wp-json\/wp\/v2\/types\/post"}],"author":[{"embeddable":true,"href":"https:\/\/www.europesays.com\/fr\/wp-json\/wp\/v2\/users\/2"}],"replies":[{"embeddable":true,"href":"https:\/\/www.europesays.com\/fr\/wp-json\/wp\/v2\/comments?post=451267"}],"version-history":[{"count":0,"href":"https:\/\/www.europesays.com\/fr\/wp-json\/wp\/v2\/posts\/451267\/revisions"}],"wp:featuredmedia":[{"embeddable":true,"href":"https:\/\/www.europesays.com\/fr\/wp-json\/wp\/v2\/media\/451268"}],"wp:attachment":[{"href":"https:\/\/www.europesays.com\/fr\/wp-json\/wp\/v2\/media?parent=451267"}],"wp:term":[{"taxonomy":"category","embeddable":true,"href":"https:\/\/www.europesays.com\/fr\/wp-json\/wp\/v2\/categories?post=451267"},{"taxonomy":"post_tag","embeddable":true,"href":"https:\/\/www.europesays.com\/fr\/wp-json\/wp\/v2\/tags?post=451267"}],"curies":[{"name":"wp","href":"https:\/\/api.w.org\/{rel}","templated":true}]}}