{"id":451274,"date":"2025-10-10T00:34:11","date_gmt":"2025-10-10T00:34:11","guid":{"rendered":"https:\/\/www.europesays.com\/fr\/451274\/"},"modified":"2025-10-10T00:34:11","modified_gmt":"2025-10-10T00:34:11","slug":"le-rn-tres-largement-en-tete-loin-devant-la-gauche-lr-fait-jeu-egal-avec-le-bloc-central","status":"publish","type":"post","link":"https:\/\/www.europesays.com\/fr\/451274\/","title":{"rendered":"le RN tr\u00e8s largement en t\u00eate loin devant la gauche, LR fait jeu \u00e9gal avec le bloc central"},"content":{"rendered":"<p>\n    <strong>SONDAGE EXCLUSIF &#8211;<\/strong> Alors que l\u2019issue de la crise politique reste incertaine, une \u00e9tude Ifop-Fiducial pour Le Figaro, LCI et Sud Radio r\u00e9v\u00e8le de nouvelles intentions de vote dans l\u2019hypoth\u00e8se o\u00f9 les Fran\u00e7ais seraient appel\u00e9s aux urnes<\/p>\n<p class=\"fig-paragraph\">M\u00eame si\u00a0<a href=\"http:\/\/www.lefigaro.fr\/politique\/ma-mission-est-terminee-les-deux-jours-durant-lesquels-sebastien-lecornu-a-tout-essaye-pour-eviter-la-dissolution-20251008\" target=\"_blank\" data-fig-type=\"Article\" rel=\"noopener\" data-gtm-custom-categorie=\"navigation\" data-gtm-custom-action=\"crossclick\" data-gtm-custom-label=\"Contextuel\" data-gtm-event=\"customEventSPE\" data-fig-domain=\"LEFIGARO\">S\u00e9bastien Lecornu<\/a>\u00a0a assur\u00e9 qu\u2019il existait un chemin pour l\u2019\u00e9viter, la dissolution continue de pr\u00e9occuper la classe politique tant l\u2019issue de la crise semble incertaine. Ce nouveau sondage Ifop-Fiducial pour Le Figaro, LCI et Sud Radio devrait donc \u00eatre scrut\u00e9 de tr\u00e8s pr\u00e8s par tous les camps. De nouvelles intentions de vote, sans projection en si\u00e8ge, qui dressent le nouveau rapport de force en cas d\u2019un prochain\u00a0<a href=\"http:\/\/www.lefigaro.fr\/politique\/demission-de-sebastien-lecornu-le-spectre-d-un-retour-aux-urnes-repose-la-question-des-alliances-a-gauche-20251006\" target=\"_blank\" data-fig-type=\"Article\" rel=\"noopener\" data-gtm-custom-categorie=\"navigation\" data-gtm-custom-action=\"crossclick\" data-gtm-custom-label=\"Contextuel\" data-gtm-event=\"customEventSPE\" data-fig-domain=\"LEFIGARO\">retour aux urnes<\/a>.<\/p>\n<p class=\"fig-paragraph\">Comme en juillet 2024,\u00a0<a href=\"http:\/\/www.lefigaro.fr\/politique\/apres-la-demission-de-sebastien-lecornu-le-rassemblement-national-veut-precipiter-la-dissolution-20251006\" target=\"_blank\" data-fig-type=\"Article\" rel=\"noopener\" data-gtm-custom-categorie=\"navigation\" data-gtm-custom-action=\"crossclick\" data-gtm-custom-label=\"Contextuel\" data-gtm-event=\"customEventSPE\" data-fig-domain=\"LEFIGARO\">le Rassemblement national et ses alli\u00e9s<\/a>\u00a0sortiraient toujours largement en t\u00eate du premier tour. Les troupes nationalistes recueilleraient m\u00eame cette fois-ci 35% \u00e0 36% des voix, am\u00e9liorant leur score des derni\u00e8res l\u00e9gislatives (33,42%). \u00ab\u00a0C\u2019est la force qui semble tirer profit de la crise politique. Ils sont \u00e0 un niveau quasiment sup\u00e9rieur, avec 11 \u00e0 17\u00a0points d\u2019avance sur le deuxi\u00e8me\u00a0\u00bb, analyse Fr\u00e9d\u00e9ric Dabi, directeur g\u00e9n\u00e9ral opinion de l\u2019Ifop.<\/p>\n<p class=\"fig-paragraph\">D\u2019autant que le parti d\u2019<a href=\"http:\/\/www.lefigaro.fr\/vox\/monde\/eric-zemmour-en-accordant-le-statut-de-refugie-a-tous-les-gazaouis-la-cour-nationale-du-droit-d-asile-ignore-la-souverainete-populaire-20250713\" target=\"_blank\" data-fig-type=\"Article\" rel=\"noopener\" data-gtm-custom-categorie=\"navigation\" data-gtm-custom-action=\"crossclick\" data-gtm-custom-label=\"Contextuel\" data-gtm-event=\"customEventSPE\" data-fig-domain=\"LEFIGARO\">\u00c9ric Zemmour<\/a>, qui n\u2019avait r\u00e9ussi \u00e0 faire \u00e9lire aucun d\u00e9put\u00e9\u2026<\/p>\n<p class=\"fig-premium-paywall__infos\">\n        Cet article est r\u00e9serv\u00e9 aux abonn\u00e9s.        Il vous reste 78% \u00e0 d\u00e9couvrir.\n    <\/p>\n<p>                <img  data- alt=\"Le Figaro\" class=\"fig-img--complete fig-img\"\/><\/p>\n<p class=\"fig-premium-paywall__title\">J-100, Le Figaro f\u00eate ses 200 ans<\/p>\n<p class=\"fig-premium-paywall__subtitle\">Offre anniversaire : 2\u20ac\/mois pendant 200 semaines<\/p>\n<p class=\"fig-premium-paywall__connect\">\n                D\u00e9j\u00e0 abonn\u00e9\u00a0?                <a class=\"fig-premium-paywall__connect-link\" href=\"https:\/\/connect.lefigaro.fr\/login?client=horizon_web&amp;type=main&amp;redirect_uri=https%3A%2F%2Fwww.lefigaro.fr%2Fpolitique%2Flegislatives-le-rn-tres-largement-en-tete-loin-devant-la-gauche-lr-fait-jeu-egal-avec-le-bloc-central-20251009\" data-js-gtm=\"{&quot;customCategorie&quot;: &quot;conversion&quot;, &quot;customAction&quot;: &quot;before_Landing_Connexion_paywall_auto&quot;, &quot;customLabel&quot;: &quot;bGVmaWdhcm8uZnJfXzFmMGE0ZjI0LWZjNDItNmQ2Mi1hOTVlLTRmZTE2NWI2MTkyNl9fQXJ0aWNsZQ==_L\u00e9gislatives\u00a0: le RN tr\u00e8s largement en t\u00eate loin devant la gauche, LR fait jeu \u00e9gal avec le bloc central_84&quot;, &quot;customIDSPE&quot;: &quot;bGVmaWdhcm8uZnJfXzFmMGE0ZjI0LWZjNDItNmQ2Mi1hOTVlLTRmZTE2NWI2MTkyNl9fQXJ0aWNsZQ==&quot;, &quot;event&quot;: &quot;customEventSPE&quot;}\" target=\"_blank\" rel=\"noopener\"><br \/>\n                    Connectez-vous<br \/>\n                <\/a>\n            <\/p>\n","protected":false},"excerpt":{"rendered":"SONDAGE EXCLUSIF &#8211; Alors que l\u2019issue de la crise politique reste incertaine, une \u00e9tude Ifop-Fiducial pour Le Figaro,&hellip;\n","protected":false},"author":2,"featured_media":451275,"comment_status":"","ping_status":"","sticky":false,"template":"","format":"standard","meta":{"footnotes":""},"categories":[4],"tags":[11,8513,1073,1011,27,12,1078,25],"class_list":{"0":"post-451274","1":"post","2":"type-post","3":"status-publish","4":"format-standard","5":"has-post-thumbnail","7":"category-france","8":"tag-actualites","9":"tag-elections-legislatives","10":"tag-emmanuel-macron","11":"tag-fr","12":"tag-france","13":"tag-news","14":"tag-rassemblement-national","15":"tag-republique-francaise"},"share_on_mastodon":{"url":"https:\/\/pubeurope.com\/@fr\/115347067088373268","error":""},"_links":{"self":[{"href":"https:\/\/www.europesays.com\/fr\/wp-json\/wp\/v2\/posts\/451274","targetHints":{"allow":["GET"]}}],"collection":[{"href":"https:\/\/www.europesays.com\/fr\/wp-json\/wp\/v2\/posts"}],"about":[{"href":"https:\/\/www.europesays.com\/fr\/wp-json\/wp\/v2\/types\/post"}],"author":[{"embeddable":true,"href":"https:\/\/www.europesays.com\/fr\/wp-json\/wp\/v2\/users\/2"}],"replies":[{"embeddable":true,"href":"https:\/\/www.europesays.com\/fr\/wp-json\/wp\/v2\/comments?post=451274"}],"version-history":[{"count":0,"href":"https:\/\/www.europesays.com\/fr\/wp-json\/wp\/v2\/posts\/451274\/revisions"}],"wp:featuredmedia":[{"embeddable":true,"href":"https:\/\/www.europesays.com\/fr\/wp-json\/wp\/v2\/media\/451275"}],"wp:attachment":[{"href":"https:\/\/www.europesays.com\/fr\/wp-json\/wp\/v2\/media?parent=451274"}],"wp:term":[{"taxonomy":"category","embeddable":true,"href":"https:\/\/www.europesays.com\/fr\/wp-json\/wp\/v2\/categories?post=451274"},{"taxonomy":"post_tag","embeddable":true,"href":"https:\/\/www.europesays.com\/fr\/wp-json\/wp\/v2\/tags?post=451274"}],"curies":[{"name":"wp","href":"https:\/\/api.w.org\/{rel}","templated":true}]}}