{"id":451279,"date":"2025-10-10T00:37:16","date_gmt":"2025-10-10T00:37:16","guid":{"rendered":"https:\/\/www.europesays.com\/fr\/451279\/"},"modified":"2025-10-10T00:37:16","modified_gmt":"2025-10-10T00:37:16","slug":"municipales-2026-valentine-mercier-tete-de-liste-lfi-a-saint-etienne-2","status":"publish","type":"post","link":"https:\/\/www.europesays.com\/fr\/451279\/","title":{"rendered":"Municipales 2026. Valentine Mercier t\u00eate de liste LFI \u00e0 Saint-\u00c9tienne"},"content":{"rendered":"<p><img loading=\"lazy\" decoding=\"async\" alt=\"\u00a9 Nahim Idir - Valentine Mercier t\u00eate de liste LFI \u00e0 Saint-\u00c9tienne pour les municipales de 2026.\" data-zoom-src=\"https:\/\/www.europesays.com\/fr\/wp-content\/uploads\/2025\/10\/initial-img-00091.jpg\" data-zoomable=\"\" height=\"702\" src=\"https:\/\/www.europesays.com\/fr\/wp-content\/uploads\/2025\/10\/initial-img-00091.jpg\" width=\"1248\"\/>  <\/p>\n<p class=\"article-desc\">\u00a9 Nahim Idir &#8211; Valentine Mercier t\u00eate de liste LFI \u00e0 Saint-\u00c9tienne pour les municipales de 2026. <\/p>\n<p>Une grande premi\u00e8re. Loin d\u2019avoir le CV d\u2019autres candidats d\u00e9j\u00e0 d\u00e9clar\u00e9s pour devenir le prochain maire de <strong>Saint-\u00c9tienne<\/strong>, <strong>Valentine Mercier<\/strong> a \u00e9t\u00e9 d\u00e9sign\u00e9e \u00e0 la \u00ab\u00a0quasi-unanimit\u00e9\u00a0\u00bb comme la candidate de<strong> la France insoumise<\/strong> (LFI) \u00e0 Saint-\u00c9tienne. <\/p>\n<p>Consultation, lutte contre la pauvret\u00e9, transport en commun\u00a0: les principaux chantiers de la candidate LFI \u00e0 Saint-\u00c9tienne <\/p>\n<p>Celle qui avait d\u00e9j\u00e0 \u00e9t\u00e9 d\u00e9sign\u00e9e, en mai dernier, co-cheffe de file (avec Nicolas Preux) de LFI en vue des \u00e9lections municipales 2026 portera seule un programme. Parmi les <strong>grands axes<\/strong> Valentine Mercier veut faire un Saint-\u00c9tienne, o\u00f9 elle r\u00e9side depuis 2018 : \u00ab\u00a0par les st\u00e9phanois, pour les st\u00e9phanois\u00a0\u00bb. <\/p>\n<p>Pour se faire, plus de d\u00e9mocratie directe, des consultations pour redonner de la vie dans les quartiers et dans <strong>un centre-ville trop peu dynamique<\/strong> au go\u00fbt de la candidate LFI. <\/p>\n<blockquote>\n<p>\u00ab\u00a0L\u2019\u00e9cole est un grand enjeu pour nous. La pi\u00e9tonisation aux abords des \u00e9tablissements scolaires est un point important. Circuler en ville doit se faire de mani\u00e8re plus fluide, par les transports en commun ou la marche \u00e0 pied.\u00a0\u00bb <\/p>\n<\/blockquote>\n<p><strong>La gratuit\u00e9 des transports<\/strong> en commun le samedi est une piste de r\u00e9flexion, pour inverser la hi\u00e9rarchie des mobilit\u00e9s. Un meilleur maillage du territoire et une place plus importante pour les v\u00e9los dans le centre-ville sont \u00e9voqu\u00e9s. <\/p>\n<p>C\u00f4t\u00e9 <strong>logement<\/strong>, la mise en place de Bail r\u00e9el solidaire (BRS) et la pr\u00e9sence plus nombreuse de logements Crous pour les \u00e9tudiants pour contrer l&rsquo;implantation importante des r\u00e9sidences \u00e9tudiantes priv\u00e9es doit permettre pour la candidate de lutter contre la pr\u00e9carit\u00e9 du logement.<\/p>\n<p> Une alliance toujours dans les tuyaux avec les Verts et d\u2019autres partis \u00e0 gauche\u00a0? <\/p>\n<p>D\u00e9j\u00e0 habitu\u00e9e des balades urbaines <strong>l\u2019assistante parlementaire<\/strong> de 34 ans, m\u00e8re d\u2019une petite fille et impliqu\u00e9e dans la politique depuis 2017, entend bien acc\u00e9l\u00e9rer le pas avec le lancement de cette campagne, pour prendre au mieux le pouls de la ville. <\/p>\n<blockquote>\n<p>\u00ab\u00a0Remettre au centre les conseils de quartiers, faire plus d\u2019animations va permettre \u00e0 la ville de retrouver du dynamisme et de retrouver l\u2019attractivit\u00e9 du c\u0153ur de ville.\u00a0\u00bb <\/p>\n<\/blockquote>\n<p>Apr\u00e8s avoir act\u00e9 des lignes trop \u00e9loign\u00e9es avec le PS, qui a annonc\u00e9 <a href=\"https:\/\/mesinfos.fr\/42000-saint-etienne\/municipales-2026-le-socialiste-regis-juanico-chef-de-file-de-la-gauche-a-saint-etienne-230378.html\" rel=\"noopener\" target=\"_blank\">la candidature de R\u00e9gis Juanico,<\/a> la candidate de la France Insoumise ne ferme pas la porte \u00e0 une coalition avec d\u2019autres forces \u00e0 gauche. <strong>Des discussions et des rencontres<\/strong> ont eu lieu avec les Verts, le Parti Communiste ou encore Saint\u00e9 populaire, mais il fallait un candidat d\u00e9sign\u00e9 pour : \u00ab\u00a0se faire conna\u00eetre et faire conna\u00eetre notre programme.\u00a0\u00bb<\/p>\n","protected":false},"excerpt":{"rendered":"\u00a9 Nahim Idir &#8211; Valentine Mercier t\u00eate de liste LFI \u00e0 Saint-\u00c9tienne pour les municipales de 2026. Une&hellip;\n","protected":false},"author":2,"featured_media":450670,"comment_status":"","ping_status":"","sticky":false,"template":"","format":"standard","meta":{"footnotes":""},"categories":[9653],"tags":[1111,11,2430,1777,674,1011,27,2338,3434,12,25,4001,9893],"class_list":{"0":"post-451279","1":"post","2":"type-post","3":"status-publish","4":"format-standard","5":"has-post-thumbnail","7":"category-saint-etienne","8":"tag-actu","9":"tag-actualites","10":"tag-auvergne-rhone-alpes","11":"tag-eu","12":"tag-europe","13":"tag-fr","14":"tag-france","15":"tag-la-france-insoumise","16":"tag-municipales-2026","17":"tag-news","18":"tag-republique-francaise","19":"tag-saint-etienne","20":"tag-saint-etienne-mu00e9tropole"},"share_on_mastodon":{"url":"https:\/\/pubeurope.com\/@fr\/115347078788392644","error":""},"_links":{"self":[{"href":"https:\/\/www.europesays.com\/fr\/wp-json\/wp\/v2\/posts\/451279","targetHints":{"allow":["GET"]}}],"collection":[{"href":"https:\/\/www.europesays.com\/fr\/wp-json\/wp\/v2\/posts"}],"about":[{"href":"https:\/\/www.europesays.com\/fr\/wp-json\/wp\/v2\/types\/post"}],"author":[{"embeddable":true,"href":"https:\/\/www.europesays.com\/fr\/wp-json\/wp\/v2\/users\/2"}],"replies":[{"embeddable":true,"href":"https:\/\/www.europesays.com\/fr\/wp-json\/wp\/v2\/comments?post=451279"}],"version-history":[{"count":0,"href":"https:\/\/www.europesays.com\/fr\/wp-json\/wp\/v2\/posts\/451279\/revisions"}],"wp:featuredmedia":[{"embeddable":true,"href":"https:\/\/www.europesays.com\/fr\/wp-json\/wp\/v2\/media\/450670"}],"wp:attachment":[{"href":"https:\/\/www.europesays.com\/fr\/wp-json\/wp\/v2\/media?parent=451279"}],"wp:term":[{"taxonomy":"category","embeddable":true,"href":"https:\/\/www.europesays.com\/fr\/wp-json\/wp\/v2\/categories?post=451279"},{"taxonomy":"post_tag","embeddable":true,"href":"https:\/\/www.europesays.com\/fr\/wp-json\/wp\/v2\/tags?post=451279"}],"curies":[{"name":"wp","href":"https:\/\/api.w.org\/{rel}","templated":true}]}}