{"id":45128,"date":"2025-04-22T23:11:15","date_gmt":"2025-04-22T23:11:15","guid":{"rendered":"https:\/\/www.europesays.com\/fr\/45128\/"},"modified":"2025-04-22T23:11:15","modified_gmt":"2025-04-22T23:11:15","slug":"ousmane-dembele-frustre-vous-vous-faites-des-films-balaye-luis-enrique","status":"publish","type":"post","link":"https:\/\/www.europesays.com\/fr\/45128\/","title":{"rendered":"Ousmane Demb\u00e9l\u00e9 frustr\u00e9? \u00ab\u00a0Vous vous faites des films\u00a0\u00bb, balaye Luis Enrique"},"content":{"rendered":"<p>\u00ab\u00a0Mon objectif en tant qu&rsquo;entraineur est que mes joueurs soient au meilleur de leur forme.\u00a0\u00bb Luis Enrique s&rsquo;occupe du collectif avant de penser aux individualit\u00e9s. Interrog\u00e9 mardi soir en conf\u00e9rence de presse, apr\u00e8s <a href=\"https:\/\/rmcsport.bfmtv.com\/football\/ligue-1\/direct-nantes-psg-suivez-en-live-le-match-en-retard-de-la-29-journee-de-l1_LS-202504220320.html\" rel=\"nofollow noopener\" target=\"_blank\" data-ylk=\"slk:le nul du PSG \u00e0 Nantes (1-1);elm:context_link;itc:0;sec:content-canvas\" class=\"link \">le nul du PSG \u00e0 Nantes (1-1) <\/a>sur le petit coup de moins bien <a href=\"https:\/\/rmcsport.bfmtv.com\/football\/ousmane-dembele_DN-202210100814.html\" rel=\"nofollow noopener\" target=\"_blank\" data-ylk=\"slk:d&#039;Ousmane Demb\u00e9l\u00e9;elm:context_link;itc:0;sec:content-canvas\" class=\"link \">d&rsquo;Ousmane Demb\u00e9l\u00e9<\/a>, et sur une \u00e9ventuelle frustration de son attaquant, l&rsquo;entraineur parisien a d\u00e9samorc\u00e9. \u00ab\u00a0Parfois vous vous faites des films, demandez \u00e0 Ousmane. Chacun g\u00e8re ses \u00e9motions comme il peut, comme il sait et comme il veut\u00a0\u00bb, a ajout\u00e9 le technicien espagnol.<\/p>\n<p>Apr\u00e8s Angers, puis l&rsquo;aller et le retour contre Aston Villa, Ousmane Demb\u00e9l\u00e9 vient d&rsquo;enchainer un quatri\u00e8me match de suite avec Paris sans le moindre but marqu\u00e9, soit sa plus \u00ab\u00a0mauvaise\u00a0\u00bb s\u00e9rie depuis la p\u00e9riode novembre-d\u00e9cembre 2024. Une habitude perdue ces derniers temps. L&rsquo;international fran\u00e7ais marche en effet sur l&rsquo;eau depuis le d\u00e9but de l&rsquo;ann\u00e9e civile, et m\u00eame de la saison. En 43 matchs toutes comp\u00e9titions confondues en 2024-2025, l&rsquo;ancien Rennais a inscrit 32 buts.<\/p>\n<p>Une premi\u00e8re depuis novembre<\/p>\n<p>Cette p\u00e9riode plus d\u00e9licate intervient alors que Luis Enrique est entr\u00e9 dans la gestion des temps de jeu de ses cadres pour cette fin de saison. Ousmane Demb\u00e9l\u00e9 en fait les frais ces derniers temps. Il n&rsquo;a dispos\u00e9 que de 28 minutes de jeu face \u00e0 Angers le 5 avril dernier. <a href=\"https:\/\/rmcsport.bfmtv.com\/football\/ligue-1\/direct-nantes-psg-suivez-en-live-le-match-en-retard-de-la-29-journee-de-l1_LS-202504220320.html\" rel=\"nofollow noopener\" target=\"_blank\" data-ylk=\"slk:Ce mardi, face \u00e0 Nantes;elm:context_link;itc:0;sec:content-canvas\" class=\"link \">Ce mardi, face \u00e0 Nantes<\/a>, il avait retrouv\u00e9 une place de titulaire mais il est sorti peu apr\u00e8s l&rsquo;heure de jeu. Pour autant, pour la premi\u00e8re fois depuis le 22 novembre 2024, Ousmane Demb\u00e9l\u00e9 n&rsquo;a pas marqu\u00e9 en commen\u00e7ant une rencontre de championnat.<\/p>\n<p>Lors de la double confrontation contre Aston Villa, l&rsquo;attaquant parisien avait d\u00e9livr\u00e9 une passe d\u00e9cisive dans les deux matchs mais avait manqu\u00e9 de r\u00e9ussite devant Emiliano Martinez. \u00c9lu homme du match \u00e0 Villa Park au retour, l&rsquo;attaquant fran\u00e7ais <a href=\"https:\/\/fr.news.yahoo.com\/sport\/aston-villa-psg-visage-tr%C3%A8s-055535279.html\" data-ylk=\"slk:avait re\u00e7u le troph\u00e9e avec la mine des mauvais jours;elm:context_link;itc:0;sec:content-canvas;outcm:mb_qualified_link;_E:mb_qualified_link;ct:story;\" class=\"link  yahoo-link\" target=\"_blank\" rel=\"noopener\">avait re\u00e7u le troph\u00e9e avec la mine des mauvais jours<\/a>. \u00ab\u00a0Qu&rsquo;un joueur soit plus ou moins frustr\u00e9 apr\u00e8s un match, \u00e7a m&rsquo;importe peu\u00a0\u00bb, a encore l\u00e2ch\u00e9 Luis Enrique apr\u00e8s la rencontre face \u00e0 Nantes ce mardi soir.<\/p>\n<p><a href=\"https:\/\/rmcsport.bfmtv.com\/football\/ligue-1\/nantes-psg-ousmane-dembele-frustre-vous-vous-faites-des-films-balaye-luis-enrique_AV-202504220807.html#xtor=AL-68\" rel=\"nofollow noopener\" target=\"_blank\" data-ylk=\"slk:Article original publi\u00e9 sur RMC Sport;elm:context_link;itc:0;sec:content-canvas\" class=\"link \">Article original publi\u00e9 sur RMC Sport<\/a><\/p>\n","protected":false},"excerpt":{"rendered":"\u00ab\u00a0Mon objectif en tant qu&rsquo;entraineur est que mes joueurs soient au meilleur de leur forme.\u00a0\u00bb Luis Enrique s&rsquo;occupe&hellip;\n","protected":false},"author":2,"featured_media":45129,"comment_status":"","ping_status":"","sticky":false,"template":"","format":"standard","meta":{"footnotes":""},"categories":[2818],"tags":[1111,11,1438,784,1153,12732,13368,1777,674,1011,27,921,766,12,2782,2636,93,25],"class_list":{"0":"post-45128","1":"post","2":"type-post","3":"status-publish","4":"format-standard","5":"has-post-thumbnail","7":"category-nantes","8":"tag-actu","9":"tag-actualites","10":"tag-angers","11":"tag-aston-villa","12":"tag-conference-de-presse","13":"tag-dembele","14":"tag-emiliano-martinez","15":"tag-eu","16":"tag-europe","17":"tag-fr","18":"tag-france","19":"tag-luis-enrique","20":"tag-nantes","21":"tag-news","22":"tag-ousmane-dembele","23":"tag-pays-de-la-loire","24":"tag-psg","25":"tag-republique-francaise"},"share_on_mastodon":{"url":"https:\/\/pubeurope.com\/@fr\/114384147826669330","error":""},"_links":{"self":[{"href":"https:\/\/www.europesays.com\/fr\/wp-json\/wp\/v2\/posts\/45128","targetHints":{"allow":["GET"]}}],"collection":[{"href":"https:\/\/www.europesays.com\/fr\/wp-json\/wp\/v2\/posts"}],"about":[{"href":"https:\/\/www.europesays.com\/fr\/wp-json\/wp\/v2\/types\/post"}],"author":[{"embeddable":true,"href":"https:\/\/www.europesays.com\/fr\/wp-json\/wp\/v2\/users\/2"}],"replies":[{"embeddable":true,"href":"https:\/\/www.europesays.com\/fr\/wp-json\/wp\/v2\/comments?post=45128"}],"version-history":[{"count":0,"href":"https:\/\/www.europesays.com\/fr\/wp-json\/wp\/v2\/posts\/45128\/revisions"}],"wp:featuredmedia":[{"embeddable":true,"href":"https:\/\/www.europesays.com\/fr\/wp-json\/wp\/v2\/media\/45129"}],"wp:attachment":[{"href":"https:\/\/www.europesays.com\/fr\/wp-json\/wp\/v2\/media?parent=45128"}],"wp:term":[{"taxonomy":"category","embeddable":true,"href":"https:\/\/www.europesays.com\/fr\/wp-json\/wp\/v2\/categories?post=45128"},{"taxonomy":"post_tag","embeddable":true,"href":"https:\/\/www.europesays.com\/fr\/wp-json\/wp\/v2\/tags?post=45128"}],"curies":[{"name":"wp","href":"https:\/\/api.w.org\/{rel}","templated":true}]}}