{"id":451280,"date":"2025-10-10T00:38:49","date_gmt":"2025-10-10T00:38:49","guid":{"rendered":"https:\/\/www.europesays.com\/fr\/451280\/"},"modified":"2025-10-10T00:38:49","modified_gmt":"2025-10-10T00:38:49","slug":"6-millions-deuros-pour-le-nouveau-campus-de-4-000-metres-carres","status":"publish","type":"post","link":"https:\/\/www.europesays.com\/fr\/451280\/","title":{"rendered":"6 millions d&rsquo;euros pour le nouveau campus de 4 000 m\u00e8tres carr\u00e9s"},"content":{"rendered":"<p>L\u2019inauguration officielle du nouveau Campus CCI Formation EESC marque une \u00e9tape majeure dans le d\u00e9veloppement de l\u2019enseignement professionnel et entrepreneurial \u00e0 Nancy. Ce nouvel espace moderne et innovant a \u00e9t\u00e9 con\u00e7u pour offrir aux apprenants, aux formateurs et aux entreprises un environnement propice \u00e0 l\u2019excellence, \u00e0 la collaboration et \u00e0 l\u2019innovation. Il incarne l\u2019engagement de la CCI \u00e0 anticiper les besoins de demain, \u00e0 renforcer les comp\u00e9tences locales et \u00e0 favoriser l\u2019insertion professionnelle dans un monde en constante \u00e9volution.\u00a0D\u00e9couvrez\u00a0en images ce moment fort pour la formation et le territoire.<\/p>\n","protected":false},"excerpt":{"rendered":"L\u2019inauguration officielle du nouveau Campus CCI Formation EESC marque une \u00e9tape majeure dans le d\u00e9veloppement de l\u2019enseignement professionnel&hellip;\n","protected":false},"author":2,"featured_media":451281,"comment_status":"","ping_status":"","sticky":false,"template":"","format":"standard","meta":{"footnotes":""},"categories":[9635],"tags":[1111,11,33,1704,1057,1777,674,107,1011,27,2798,775,10426,1702,12,25,104],"class_list":{"0":"post-451280","1":"post","2":"type-post","3":"status-publish","4":"format-standard","5":"has-post-thumbnail","7":"category-nancy","8":"tag-actu","9":"tag-actualites","10":"tag-economie","11":"tag-edition-nancy-et-agglomeration","12":"tag-education","13":"tag-eu","14":"tag-europe","15":"tag-fil-info","16":"tag-fr","17":"tag-france","18":"tag-galerie-photo","19":"tag-grand-est","20":"tag-laxou","21":"tag-nancy","22":"tag-news","23":"tag-republique-francaise","24":"tag-societe"},"share_on_mastodon":{"url":"https:\/\/pubeurope.com\/@fr\/115347086617626724","error":""},"_links":{"self":[{"href":"https:\/\/www.europesays.com\/fr\/wp-json\/wp\/v2\/posts\/451280","targetHints":{"allow":["GET"]}}],"collection":[{"href":"https:\/\/www.europesays.com\/fr\/wp-json\/wp\/v2\/posts"}],"about":[{"href":"https:\/\/www.europesays.com\/fr\/wp-json\/wp\/v2\/types\/post"}],"author":[{"embeddable":true,"href":"https:\/\/www.europesays.com\/fr\/wp-json\/wp\/v2\/users\/2"}],"replies":[{"embeddable":true,"href":"https:\/\/www.europesays.com\/fr\/wp-json\/wp\/v2\/comments?post=451280"}],"version-history":[{"count":0,"href":"https:\/\/www.europesays.com\/fr\/wp-json\/wp\/v2\/posts\/451280\/revisions"}],"wp:featuredmedia":[{"embeddable":true,"href":"https:\/\/www.europesays.com\/fr\/wp-json\/wp\/v2\/media\/451281"}],"wp:attachment":[{"href":"https:\/\/www.europesays.com\/fr\/wp-json\/wp\/v2\/media?parent=451280"}],"wp:term":[{"taxonomy":"category","embeddable":true,"href":"https:\/\/www.europesays.com\/fr\/wp-json\/wp\/v2\/categories?post=451280"},{"taxonomy":"post_tag","embeddable":true,"href":"https:\/\/www.europesays.com\/fr\/wp-json\/wp\/v2\/tags?post=451280"}],"curies":[{"name":"wp","href":"https:\/\/api.w.org\/{rel}","templated":true}]}}