{"id":45130,"date":"2025-04-22T23:12:09","date_gmt":"2025-04-22T23:12:09","guid":{"rendered":"https:\/\/www.europesays.com\/fr\/45130\/"},"modified":"2025-04-22T23:12:09","modified_gmt":"2025-04-22T23:12:09","slug":"previsions-du-mercredi-23-avril-2025-3","status":"publish","type":"post","link":"https:\/\/www.europesays.com\/fr\/45130\/","title":{"rendered":"pr\u00e9visions du mercredi 23 avril 2025"},"content":{"rendered":"<p>La grisaille ne se disperse toujours pas, il va y avoir encore des nuages aujourd&rsquo;hui. \u00c0 Bordeaux, des pluies \u00e9parses vont tomber. Les temp\u00e9ratures s&rsquo;\u00e9chelonneront entre 8 et 15\u00b0C. Un vent de sud-ouest est attendu le matin : il soufflera \u00e0 20 km\/h. Toujours de la grisaille l&rsquo;apr\u00e8s-midi. Les nuages vont s&rsquo;attarder. Les valeurs seront comprises entre 13 et 15\u00b0C. On observera la pr\u00e9sence persistante de nuages le soir. Il va pleuvoir. Il va faire 13\u00b0C en moyenne. Entre mercredi et jeudi, la nuit sera brumeuse.<\/p>\n<p>C&rsquo;est un soleil \u00e9clatant qui va briller demain sur Bordeaux. Le temps va se r\u00e9chauffer avec une hausse de quelques degr\u00e9s. Le mercure affichera 15\u00b0C en moyenne. Un vent de nord-ouest rafra\u00eechira un peu l&rsquo;atmosph\u00e8re. Les temp\u00e9ratures vont enregistrer une augmentation de plusieurs degr\u00e9s au cours de l&rsquo;apr\u00e8s-midi. Les maximales iront jusqu&rsquo;\u00e0 20\u00b0C tandis que les minimales seront de 18\u00b0C.<\/p>\n<p>Peu d&rsquo;\u00e9volutions au fil des jours. Il fera 15\u00b0C en moyenne pour des journ\u00e9es avec une m\u00e9t\u00e9o ensoleill\u00e9e.<\/p>\n<p><\/p>\n","protected":false},"excerpt":{"rendered":"La grisaille ne se disperse toujours pas, il va y avoir encore des nuages aujourd&rsquo;hui. \u00c0 Bordeaux, des&hellip;\n","protected":false},"author":2,"featured_media":45131,"comment_status":"","ping_status":"","sticky":false,"template":"","format":"standard","meta":{"footnotes":""},"categories":[2817],"tags":[1111,11,3177,1997,1777,674,1011,27,2905,12,2219,2119,25],"class_list":{"0":"post-45130","1":"post","2":"type-post","3":"status-publish","4":"format-standard","5":"has-post-thumbnail","7":"category-bordeaux","8":"tag-actu","9":"tag-actualites","10":"tag-aquitaine","11":"tag-bordeaux","12":"tag-eu","13":"tag-europe","14":"tag-fr","15":"tag-france","16":"tag-gironde","17":"tag-news","18":"tag-nouvelle-aquitaine","19":"tag-previsions-meteo","20":"tag-republique-francaise"},"share_on_mastodon":{"url":"https:\/\/pubeurope.com\/@fr\/114384151782953249","error":""},"_links":{"self":[{"href":"https:\/\/www.europesays.com\/fr\/wp-json\/wp\/v2\/posts\/45130","targetHints":{"allow":["GET"]}}],"collection":[{"href":"https:\/\/www.europesays.com\/fr\/wp-json\/wp\/v2\/posts"}],"about":[{"href":"https:\/\/www.europesays.com\/fr\/wp-json\/wp\/v2\/types\/post"}],"author":[{"embeddable":true,"href":"https:\/\/www.europesays.com\/fr\/wp-json\/wp\/v2\/users\/2"}],"replies":[{"embeddable":true,"href":"https:\/\/www.europesays.com\/fr\/wp-json\/wp\/v2\/comments?post=45130"}],"version-history":[{"count":0,"href":"https:\/\/www.europesays.com\/fr\/wp-json\/wp\/v2\/posts\/45130\/revisions"}],"wp:featuredmedia":[{"embeddable":true,"href":"https:\/\/www.europesays.com\/fr\/wp-json\/wp\/v2\/media\/45131"}],"wp:attachment":[{"href":"https:\/\/www.europesays.com\/fr\/wp-json\/wp\/v2\/media?parent=45130"}],"wp:term":[{"taxonomy":"category","embeddable":true,"href":"https:\/\/www.europesays.com\/fr\/wp-json\/wp\/v2\/categories?post=45130"},{"taxonomy":"post_tag","embeddable":true,"href":"https:\/\/www.europesays.com\/fr\/wp-json\/wp\/v2\/tags?post=45130"}],"curies":[{"name":"wp","href":"https:\/\/api.w.org\/{rel}","templated":true}]}}