{"id":451304,"date":"2025-10-10T00:55:34","date_gmt":"2025-10-10T00:55:34","guid":{"rendered":"https:\/\/www.europesays.com\/fr\/451304\/"},"modified":"2025-10-10T00:55:34","modified_gmt":"2025-10-10T00:55:34","slug":"plusieurs-candidates-de-loire-atlantique-en-lice-pour-le-concours-de-miss-pays-de-la-loire-2","status":"publish","type":"post","link":"https:\/\/www.europesays.com\/fr\/451304\/","title":{"rendered":"Plusieurs candidates de Loire-Atlantique en lice pour le concours de miss Pays de la Loire"},"content":{"rendered":"<p><a href=\"https:\/\/nantes.maville.com\/actu\/actudet_--etre-miss-c-est-mon-reve-depuis-toute-petite-elora-fisher-nouvelle-miss-de-loire-atlantique-_8-6945930_actu.Htm\" target=\"_self\" rel=\"noopener\">\u00c9lora Fischer,<\/a> de Saint-Herblain, a \u00e9t\u00e9 \u00e9lue Miss Loire-Atlantique 2025 fin ao\u00fbt \u00e0 Blain, devant pr\u00e8s de 2\u00a0000\u00a0spectateurs. Elle sera vendredi 10\u00a0octobre au <a href=\"https:\/\/www.instagram.com\/misspaysdelaloire\/?hl=fr\" target=\"_self\" rel=\"noopener\">concours de miss Pays de la Loire,<\/a> comme cinq autres jeunes femmes de Loire-Atlantique\u00a0: Rania El Fallahi (Nantes), Lola Winter (miss Loire-Atlantique 2024, de Pornichet), Louise Gilardeau (Haute-Goulaine), Ma\u00eblle Hamon (Nantes) et Agathe Monclin (Haute-Goulaine).<\/p>\n<p>Qui remplacera <a href=\"https:\/\/rennes.maville.com\/actu\/actudet_-qui-est-la-miss-pays-de-la-loire-selectionnee-pour-miss-france-2025-_8-6484138_actu.Htm\" target=\"_self\" rel=\"noopener\">Melissa Atta-Bession<\/a>, miss Pays de la Loire 2024\u00a0?<\/p>\n<p>\t<img decoding=\"async\" src=\"https:\/\/www.europesays.com\/fr\/wp-content\/uploads\/2025\/10\/P35512031D7012828G_px_640_.jpg\" alt=\"photo lola winter.  \u00a9  photo po-jimmy perrotte\" width=\"640\" title=\" Lola Winter.   Photo PO-Jimmy Perrotte \"\/><\/p>\n<p class=\"elmt-legende\"> Lola Winter.   Photo PO-Jimmy Perrotte <\/p>\n<p>\t<img decoding=\"async\" src=\"https:\/\/www.europesays.com\/fr\/wp-content\/uploads\/2025\/10\/P35512032D7012828G_px_640_.jpg\" alt=\"photo elora fischer  \u00a9  photo jimmy perrotte\" width=\"640\" title=\" Elora Fischer   Photo Jimmy Perrotte \"\/><\/p>\n<p class=\"elmt-legende\"> Elora Fischer   Photo Jimmy Perrotte <\/p>\n<p>Quatorze candidates et la miss France<\/p>\n<p>\u00a014\u00a0candidates venues des 5\u00a0d\u00e9partements de la r\u00e9gion d\u00e9fileront sur le th\u00e8me des d\u00e9esses antiques \u2013 \u00e0 la fois romaines, grecques et \u00e9gyptiennes. Ang\u00e9lique Angarni-Filopon, Miss France 2025, sera pr\u00e9sente pour couronner la nouvelle ambassadrice de la r\u00e9gion, qui nous repr\u00e9sentera en d\u00e9cembre prochain sur TF1\u00a0\u00bb, selon l\u2019agence 53X11, qui g\u00e8re l\u2019organisation du concours.<\/p>\n<p>Il est encore possible de r\u00e9server une place (48 ou 60\u00a0\u20ac) pour assister \u00e0 cette soir\u00e9e en Mayenne (53) via le lien sur<a href=\"https:\/\/my.weezevent.com\/misspaysdelaloire2025?fbclid=IwY2xjawNUphRleHRuA2FlbQIxMABicmlkETE1UVprZDZYeXZyWmh1aFh2AR5qyFJ7mD4ZOcR-xMqq3zEHHiSs9L5g5trt7tN-tSjgW4nvzriVDNGuOmJs5A_aem_vTo2fE6DBqu6QUxZT3uUkg\" target=\"_self\" rel=\"noopener\">\u00a0my.weezevent.fr.<\/a><\/p>\n<p>\t<img decoding=\"async\" src=\"https:\/\/www.europesays.com\/fr\/wp-content\/uploads\/2025\/10\/P35512033D7012828G_px_640_.jpg\" alt=\"photo ma\u00eblle hamon.  \u00a9  jimmy perrotte\" width=\"640\" title=\" Ma\u00eblle Hamon.   Jimmy PERROTTE \"\/><\/p>\n<p class=\"elmt-legende\"> Ma\u00eblle Hamon.   Jimmy PERROTTE <\/p>\n<p>\t<img decoding=\"async\" src=\"https:\/\/www.europesays.com\/fr\/wp-content\/uploads\/2025\/10\/P35512034D7012828G_px_640_.jpg\" alt=\"photo louise gilardrau  \u00a9  jimmy perrotte\" width=\"640\" title=\" Louise Gilardrau   Jimmy PERROTTE \"\/><\/p>\n<p class=\"elmt-legende\"> Louise Gilardrau   Jimmy PERROTTE <\/p>\n<p>\t<img decoding=\"async\" src=\"https:\/\/www.europesays.com\/fr\/wp-content\/uploads\/2025\/10\/P35512035D7012828G_px_640_.jpg\" alt=\"photo rania el fallahi.  \u00a9  jimmy perrotte\" width=\"640\" title=\" Rania El Fallahi.   Jimmy PERROTTE \"\/><\/p>\n<p class=\"elmt-legende\"> Rania El Fallahi.   Jimmy PERROTTE <\/p>\n<p>\t<img decoding=\"async\" src=\"https:\/\/www.europesays.com\/fr\/wp-content\/uploads\/2025\/10\/P35512036D7012828G_px_640_.jpg\" alt=\"photo agathe monclin.  \u00a9  jimmy perrotte\" width=\"640\" title=\" Agathe Monclin.   Jimmy PERROTTE \"\/><\/p>\n<p class=\"elmt-legende\"> Agathe Monclin.   Jimmy PERROTTE <\/p>\n<p>\u00a0<\/p>\n<p>\t\t<script async src=\"\/\/www.instagram.com\/embed.js\"><\/script><\/p>\n","protected":false},"excerpt":{"rendered":"\u00c9lora Fischer, de Saint-Herblain, a \u00e9t\u00e9 \u00e9lue Miss Loire-Atlantique 2025 fin ao\u00fbt \u00e0 Blain, devant pr\u00e8s de 2\u00a0000\u00a0spectateurs.&hellip;\n","protected":false},"author":2,"featured_media":450950,"comment_status":"","ping_status":"","sticky":false,"template":"","format":"standard","meta":{"footnotes":""},"categories":[2818],"tags":[1111,11,57670,903,1777,674,1011,27,48298,3367,3047,27472,766,12,5457,2636,25],"class_list":{"0":"post-451304","1":"post","2":"type-post","3":"status-publish","4":"format-standard","5":"has-post-thumbnail","7":"category-nantes","8":"tag-actu","9":"tag-actualites","10":"tag-candidates","11":"tag-concours","12":"tag-eu","13":"tag-europe","14":"tag-fr","15":"tag-france","16":"tag-lice","17":"tag-loire","18":"tag-loire-atlantique","19":"tag-miss","20":"tag-nantes","21":"tag-news","22":"tag-pays","23":"tag-pays-de-la-loire","24":"tag-republique-francaise"},"share_on_mastodon":{"url":"https:\/\/pubeurope.com\/@fr\/115347149781069708","error":""},"_links":{"self":[{"href":"https:\/\/www.europesays.com\/fr\/wp-json\/wp\/v2\/posts\/451304","targetHints":{"allow":["GET"]}}],"collection":[{"href":"https:\/\/www.europesays.com\/fr\/wp-json\/wp\/v2\/posts"}],"about":[{"href":"https:\/\/www.europesays.com\/fr\/wp-json\/wp\/v2\/types\/post"}],"author":[{"embeddable":true,"href":"https:\/\/www.europesays.com\/fr\/wp-json\/wp\/v2\/users\/2"}],"replies":[{"embeddable":true,"href":"https:\/\/www.europesays.com\/fr\/wp-json\/wp\/v2\/comments?post=451304"}],"version-history":[{"count":0,"href":"https:\/\/www.europesays.com\/fr\/wp-json\/wp\/v2\/posts\/451304\/revisions"}],"wp:featuredmedia":[{"embeddable":true,"href":"https:\/\/www.europesays.com\/fr\/wp-json\/wp\/v2\/media\/450950"}],"wp:attachment":[{"href":"https:\/\/www.europesays.com\/fr\/wp-json\/wp\/v2\/media?parent=451304"}],"wp:term":[{"taxonomy":"category","embeddable":true,"href":"https:\/\/www.europesays.com\/fr\/wp-json\/wp\/v2\/categories?post=451304"},{"taxonomy":"post_tag","embeddable":true,"href":"https:\/\/www.europesays.com\/fr\/wp-json\/wp\/v2\/tags?post=451304"}],"curies":[{"name":"wp","href":"https:\/\/api.w.org\/{rel}","templated":true}]}}