{"id":451309,"date":"2025-10-10T00:58:12","date_gmt":"2025-10-10T00:58:12","guid":{"rendered":"https:\/\/www.europesays.com\/fr\/451309\/"},"modified":"2025-10-10T00:58:12","modified_gmt":"2025-10-10T00:58:12","slug":"previsions-du-vendredi-10-octobre-2025-12","status":"publish","type":"post","link":"https:\/\/www.europesays.com\/fr\/451309\/","title":{"rendered":"pr\u00e9visions du vendredi 10 octobre 2025"},"content":{"rendered":"<p class=\"mb-4 text-lg md:leading-8 break-words\"><strong>M\u00e9t\u00e9o &#8211; Aujourd&rsquo;hui, un beau soleil rayonnera. Les temp\u00e9ratures seront de 15\u00b0C la matin\u00e9e et de 23\u00b0C l&rsquo;apr\u00e8s-midi&#8230;<\/strong><\/p>\n<p class=\"mb-4 text-lg md:leading-8 break-words\">Un magnifique soleil brillera sur Bordeaux, o\u00f9 la journ\u00e9e sera des plus plaisantes. Il fera 17\u00b0C en moyenne. Une brise de nord-est soufflera doucement. Il va faire en moyenne 15\u00b0C, le matin. L&rsquo;apr\u00e8s-midi, c&rsquo;est une hausse de plusieurs degr\u00e9s que vont enregistrer les temp\u00e9ratures. Les maximales iront jusqu&rsquo;\u00e0 24\u00b0C tandis que les minimales seront de 20\u00b0C. Le ciel va s&rsquo;\u00e9claircir au cours de la soir\u00e9e. On anticipe des valeurs avoisinant 16\u00b0C. Le passage de vendredi \u00e0 samedi s&rsquo;effectuera sous un ciel d\u00e9pourvu de nuages.<\/p>\n<p class=\"mb-4 text-lg md:leading-8 break-words\">Demain, les Bordelais vont pouvoir b\u00e9n\u00e9ficier d&rsquo;un soleil radieux. Un temps plus chaud est \u00e0 pr\u00e9voir puisque les temp\u00e9ratures vont conna\u00eetre une augmentation. Le thermom\u00e8tre affichera 19\u00b0C en moyenne. Un vent de nord-est rafra\u00eechira l\u00e9g\u00e8rement l&rsquo;atmosph\u00e8re. Les temp\u00e9ratures vont enregistrer une hausse de plusieurs degr\u00e9s dans l&rsquo;apr\u00e8s-midi. Les valeurs seront comprises entre 22 et 26\u00b0C. La ville aura quelques \u00e9claircies demain soir.<\/p>\n<p class=\"mb-4 text-lg md:leading-8 break-words\">Peu d&rsquo;\u00e9volutions au fil des jours. Il fera 21\u00b0C en moyenne pour des journ\u00e9es avec un ciel ensoleill\u00e9.<\/p>\n<p class=\"mb-4 text-lg md:leading-8 break-words\"><a href=\"https:\/\/www.20minutes.fr\/planete\/previsions-meteo\/4178372-20251010-meteo-bordeaux-previsions-vendredi-10-octobre-2025?at_medium=RSS%20feed&amp;at_campaign=ynews&amp;utm_source=yahoo&amp;utm_medium=rss&amp;utm_campaign=news_feed&amp;utm_content=read_more_link&quot;\" rel=\"nofollow noopener\" target=\"_blank\" data-ylk=\"slk:Lire la suite sur 20minutes;elm:context_link;itc:0;sec:content-canvas\" class=\"link \">Lire la suite sur 20minutes<\/a><\/p>\n","protected":false},"excerpt":{"rendered":"M\u00e9t\u00e9o &#8211; Aujourd&rsquo;hui, un beau soleil rayonnera. Les temp\u00e9ratures seront de 15\u00b0C la matin\u00e9e et de 23\u00b0C l&rsquo;apr\u00e8s-midi&#8230;&hellip;\n","protected":false},"author":2,"featured_media":451310,"comment_status":"","ping_status":"","sticky":false,"template":"","format":"standard","meta":{"footnotes":""},"categories":[2817],"tags":[1111,11,1997,1777,674,1011,27,51394,2487,12,2219,25],"class_list":{"0":"post-451309","1":"post","2":"type-post","3":"status-publish","4":"format-standard","5":"has-post-thumbnail","7":"category-bordeaux","8":"tag-actu","9":"tag-actualites","10":"tag-bordeaux","11":"tag-eu","12":"tag-europe","13":"tag-fr","14":"tag-france","15":"tag-la-matinee","16":"tag-meteo","17":"tag-news","18":"tag-nouvelle-aquitaine","19":"tag-republique-francaise"},"share_on_mastodon":{"url":"https:\/\/pubeurope.com\/@fr\/115347161341057536","error":""},"_links":{"self":[{"href":"https:\/\/www.europesays.com\/fr\/wp-json\/wp\/v2\/posts\/451309","targetHints":{"allow":["GET"]}}],"collection":[{"href":"https:\/\/www.europesays.com\/fr\/wp-json\/wp\/v2\/posts"}],"about":[{"href":"https:\/\/www.europesays.com\/fr\/wp-json\/wp\/v2\/types\/post"}],"author":[{"embeddable":true,"href":"https:\/\/www.europesays.com\/fr\/wp-json\/wp\/v2\/users\/2"}],"replies":[{"embeddable":true,"href":"https:\/\/www.europesays.com\/fr\/wp-json\/wp\/v2\/comments?post=451309"}],"version-history":[{"count":0,"href":"https:\/\/www.europesays.com\/fr\/wp-json\/wp\/v2\/posts\/451309\/revisions"}],"wp:featuredmedia":[{"embeddable":true,"href":"https:\/\/www.europesays.com\/fr\/wp-json\/wp\/v2\/media\/451310"}],"wp:attachment":[{"href":"https:\/\/www.europesays.com\/fr\/wp-json\/wp\/v2\/media?parent=451309"}],"wp:term":[{"taxonomy":"category","embeddable":true,"href":"https:\/\/www.europesays.com\/fr\/wp-json\/wp\/v2\/categories?post=451309"},{"taxonomy":"post_tag","embeddable":true,"href":"https:\/\/www.europesays.com\/fr\/wp-json\/wp\/v2\/tags?post=451309"}],"curies":[{"name":"wp","href":"https:\/\/api.w.org\/{rel}","templated":true}]}}