{"id":45132,"date":"2025-04-22T23:13:09","date_gmt":"2025-04-22T23:13:09","guid":{"rendered":"https:\/\/www.europesays.com\/fr\/45132\/"},"modified":"2025-04-22T23:13:09","modified_gmt":"2025-04-22T23:13:09","slug":"deux-molosses-blessent-severement-un-gendarme-et-tuent-un-petit-chien","status":"publish","type":"post","link":"https:\/\/www.europesays.com\/fr\/45132\/","title":{"rendered":"deux molosses blessent s\u00e9v\u00e8rement un gendarme et tuent un petit chien"},"content":{"rendered":"<p>\u00c0 Libourne, deux molosses ont attaqu\u00e9 un petit chien, vendredi en d\u00e9but d\u2019apr\u00e8s-midi. Un des gendarmes de la brigade cynophile, intervenu pour les mettre en fourri\u00e8re, a \u00e9t\u00e9 s\u00e9rieusement bless\u00e9 \u00e0 la main.<\/p>\n<p class=\"fig-paragraph\">Les faits, qui impliquent\u00a0<a href=\"http:\/\/www.lefigaro.fr\/bordeaux\/en-gironde-un-homme-avoue-avoir-crible-de-17-balles-une-chienne-qu-il-soupconnait-d-avoir-croque-ses-poules-20250327\" data-fig-type=\"NewsFlash\" data-gtm-custom-categorie=\"navigation\" data-gtm-custom-action=\"crossclick\" data-gtm-custom-label=\"Contextuel\" data-gtm-event=\"customEventSPE\" data-fig-domain=\"LEFIGARO\" target=\"_blank\" rel=\"noopener\">deux chiens<\/a>\u00a0n\u2019appartenant pas aux cat\u00e9gories 1 et 2 dites dangereuses, se sont d\u00e9roul\u00e9s \u00e0\u00a0<a href=\"http:\/\/www.lefigaro.fr\/bordeaux\/a-libourne-une-enseignante-a-nouveau-menacee-de-mort-et-ciblee-par-des-lettres-anonymes-racistes-20250414\" data-fig-type=\"NewsFlash\" data-gtm-custom-categorie=\"navigation\" data-gtm-custom-action=\"crossclick\" data-gtm-custom-label=\"Contextuel\" data-gtm-event=\"customEventSPE\" data-fig-domain=\"LEFIGARO\" target=\"_blank\" rel=\"noopener\">Libourne<\/a>\u00a0ce vendredi 18 avril vers 13 heures. Les deux molosses<a href=\"http:\/\/www.lefigaro.fr\/bordeaux\/il-a-pris-une-balle-dans-la-gorge-a-lacanau-un-cochon-domestique-confondu-avec-un-sanglier-tue-a-proximite-d-habitations-20250407\" data-fig-type=\"NewsFlash\" data-gtm-custom-categorie=\"navigation\" data-gtm-custom-action=\"crossclick\" data-gtm-custom-label=\"Contextuel\" data-gtm-event=\"customEventSPE\" data-fig-domain=\"LEFIGARO\" target=\"_blank\" rel=\"noopener\">\u00a0erraient\u00a0<\/a>dans un quartier r\u00e9sidentiel et se sont attaqu\u00e9s \u00e0 un chien, plus petit qu\u2019eux, tenu en laisse. Ce dernier est d\u00e9c\u00e9d\u00e9 des suites de ses blessures.<\/p>\n<p class=\"fig-paragraph\">Rapidement inform\u00e9e de l\u2019accident, la gendarmerie de la Gironde est intervenue avec l\u2019appui de la brigade cynophile pour mettre les deux animaux agressifs en fourri\u00e8re. Une op\u00e9ration au cours de laquelle l\u2019une des b\u00eates a mordu un militaire \u00e0 la main.<\/p>\n<p class=\"fig-paragraph\">La s\u00e9v\u00e8re blessure de celui-ci l\u2019a conduit \u00e0 \u00eatre op\u00e9r\u00e9 le jour m\u00eame. Quarante-cinq jours d\u2019ITT lui ont \u00e9t\u00e9 prescrits, nous indique le procureur de la R\u00e9publique de Libourne, Lo\u00efs Raschel. Une enqu\u00eate est en cours et les propri\u00e9taires du chien qui est mort ont d\u00e9pos\u00e9 plainte.<\/p>\n<p class=\"fig-body-link\">\n            \u00c0 lire aussi<br \/>\n        <a class=\"fig-body-link__link\" href=\"http:\/\/www.lefigaro.fr\/bordeaux\/il-a-pris-une-balle-dans-la-gorge-a-lacanau-un-cochon-domestique-confondu-avec-un-sanglier-tue-a-proximite-d-habitations-20250407\" data-fig-type=\"NewsFlash\" data-gtm-custom-categorie=\"navigation\" data-gtm-custom-action=\"crossclick\" data-gtm-custom-label=\"Contextuel\" data-gtm-event=\"customEventSPE\" data-fig-domain=\"LEFIGARO\" target=\"_blank\" rel=\"noopener\">\u00abIl a pris une balle dans la gorge\u00bb\u00a0: \u00e0 Lacanau, un cochon domestique confondu avec un sanglier tu\u00e9 \u00e0 proximit\u00e9 d\u2019habitations<br \/>\n    <\/a>\n<\/p>\n<p>Des chiens d\u00e9j\u00e0 signal\u00e9s aux autorit\u00e9s<\/p>\n<p class=\"fig-paragraph\">\u00abJ\u2019ai demand\u00e9 au procureur de la R\u00e9publique d\u2019\u00eatre ferme, r\u00e9agit le maire de Libourne, Philippe Buisson. Ce sont des chiens qui avaient d\u00e9j\u00e0 fait l\u2019objet de signalements pour des aboiements intempestifs et des comportements qui semblaient agressifs.\u00bb Rappel\u00e9e \u00e0 l\u2019ordre par la police municipale il y a une dizaine de jours, la ma\u00eetresse des deux chiens avait signal\u00e9 son intention de d\u00e9m\u00e9nager pour offrir \u00e0 ses animaux un jardin plus grand et plus adapt\u00e9.<\/p>\n","protected":false},"excerpt":{"rendered":"\u00c0 Libourne, deux molosses ont attaqu\u00e9 un petit chien, vendredi en d\u00e9but d\u2019apr\u00e8s-midi. Un des gendarmes de la&hellip;\n","protected":false},"author":2,"featured_media":45133,"comment_status":"","ping_status":"","sticky":false,"template":"","format":"standard","meta":{"footnotes":""},"categories":[2817],"tags":[1111,11,1997,2916,2911,2910,2915,2909,2904,2913,2912,2914,2906,2907,13370,1777,674,1011,27,13369,2905,2908,12,2219,25],"class_list":{"0":"post-45132","1":"post","2":"type-post","3":"status-publish","4":"format-standard","5":"has-post-thumbnail","7":"category-bordeaux","8":"tag-actu","9":"tag-actualites","10":"tag-bordeaux","11":"tag-bordeaux-cauderan","12":"tag-bordeaux-centre-ville","13":"tag-bordeaux-chartrons-grand-parc-jardin-public","14":"tag-bordeaux-la-bastide","15":"tag-bordeaux-maritime","16":"tag-bordeaux-metropole","17":"tag-bordeaux-nansouty-st-genes","18":"tag-bordeaux-st-augustin-tauzin-alphonse-dupeux","19":"tag-bordeaux-sud","20":"tag-capitale-de-gaule","21":"tag-cathedrale-gothique-de-saint-andre","22":"tag-chiens","23":"tag-eu","24":"tag-europe","25":"tag-fr","26":"tag-france","27":"tag-gendarmes","28":"tag-gironde","29":"tag-girondins-de-bordeaux","30":"tag-news","31":"tag-nouvelle-aquitaine","32":"tag-republique-francaise"},"share_on_mastodon":{"url":"","error":"Validation failed: Text character limit of 500 exceeded"},"_links":{"self":[{"href":"https:\/\/www.europesays.com\/fr\/wp-json\/wp\/v2\/posts\/45132","targetHints":{"allow":["GET"]}}],"collection":[{"href":"https:\/\/www.europesays.com\/fr\/wp-json\/wp\/v2\/posts"}],"about":[{"href":"https:\/\/www.europesays.com\/fr\/wp-json\/wp\/v2\/types\/post"}],"author":[{"embeddable":true,"href":"https:\/\/www.europesays.com\/fr\/wp-json\/wp\/v2\/users\/2"}],"replies":[{"embeddable":true,"href":"https:\/\/www.europesays.com\/fr\/wp-json\/wp\/v2\/comments?post=45132"}],"version-history":[{"count":0,"href":"https:\/\/www.europesays.com\/fr\/wp-json\/wp\/v2\/posts\/45132\/revisions"}],"wp:featuredmedia":[{"embeddable":true,"href":"https:\/\/www.europesays.com\/fr\/wp-json\/wp\/v2\/media\/45133"}],"wp:attachment":[{"href":"https:\/\/www.europesays.com\/fr\/wp-json\/wp\/v2\/media?parent=45132"}],"wp:term":[{"taxonomy":"category","embeddable":true,"href":"https:\/\/www.europesays.com\/fr\/wp-json\/wp\/v2\/categories?post=45132"},{"taxonomy":"post_tag","embeddable":true,"href":"https:\/\/www.europesays.com\/fr\/wp-json\/wp\/v2\/tags?post=45132"}],"curies":[{"name":"wp","href":"https:\/\/api.w.org\/{rel}","templated":true}]}}