{"id":451326,"date":"2025-10-10T01:08:28","date_gmt":"2025-10-10T01:08:28","guid":{"rendered":"https:\/\/www.europesays.com\/fr\/451326\/"},"modified":"2025-10-10T01:08:28","modified_gmt":"2025-10-10T01:08:28","slug":"les-heros-du-gazon-on-vous-invite-a-lavant-premiere-de-la-saison-2-les-heros-du-gazon","status":"publish","type":"post","link":"https:\/\/www.europesays.com\/fr\/451326\/","title":{"rendered":"Les h\u00e9ros du gazon : On vous invite \u00e0 l&rsquo;avant-premi\u00e8re de la saison 2 ! Les h\u00e9ros du gazon"},"content":{"rendered":"<p><img loading=\"lazy\" decoding=\"async\" alt=\"joueur de football \" height=\"35\" src=\"https:\/\/www.europesays.com\/fr\/wp-content\/uploads\/2025\/10\/16768651.gif\" width=\"35\"\/>\u00a0Apr\u00e8s une premi\u00e8re saison \u00e0 succ\u00e8s en \u00cele-de-France, <strong>Les h\u00e9ros du gazon<\/strong> font leur retour en Provence-Alpes-C\u00f4te d\u2019Azur\u00a0avec Rolland Courbis, \u00e0 la rencontre de l\u2019Olympique Novais !<\/p>\n<p><img loading=\"lazy\" decoding=\"async\" alt=\"invitation \" height=\"35\" src=\"https:\/\/www.europesays.com\/fr\/wp-content\/uploads\/2025\/10\/17447541.gif\" width=\"35\"\/><strong>\u00a0Fans de Sport, on vous invite \u00e0 l&rsquo;avant-premi\u00e8re exceptionnelle de cette saison 2 en pr\u00e9sence de Rolland Courbis, mardi 14 octobre au si\u00e8ge de la F\u00e9d\u00e9ration Fran\u00e7aise de Football, \u00e0 Paris !<\/strong><\/p>\n<p>\u00a0<\/p>\n<p>Les h\u00e9ros du gazon \u2013 saison 2<\/p>\n<p>Nouveau coach, nouveau d\u00e9fi : Rolland Courbis \u00e0 la rescousse de l\u2019Olympique de Noves !<br \/><strong>D\u00e8s vendredi 24 octobre sur <a href=\"https:\/\/www.france.tv\/documentaires\/les-heros-du-gazon\/\" rel=\"nofollow noopener\" target=\"_blank\">france.tv<\/a> et dimanche 26 octobre sur France 3 Provence-Alpes-C\u00f4te d&rsquo;Azur et France 3 Paris \u00cele-de-France<\/strong><\/p>\n<p><a href=\"https:\/\/www.france.tv\/documentaires\/les-heros-du-gazon\/\" target=\"_blank\" title=\"Les h\u00e9ros du gazon | France.tv\" rel=\"nofollow noopener\"><img decoding=\"async\" alt=\"France TV\" src=\"https:\/\/www.europesays.com\/fr\/wp-content\/uploads\/2025\/10\/france-tv-black-60_0.png_1.png\"\/><\/a><\/p>\n<p>Rendez-vous \u00e0 Noves, une commune de 6 000 habitants dans les Bouches-du-Rh\u00f4ne. Fond\u00e9 il y a quatre-vingt-quinze ans, l\u2019Olympique Novais, club embl\u00e9matique de la ville, poss\u00e8de deux \u00e9quipes seniors, engag\u00e9es en District Grand Vaucluse sous la Ligue M\u00e9diterran\u00e9e.<\/p>\n<p>Rolland Courbis, coach bien connu des amateurs de football fran\u00e7ais, c\u00e9l\u00e8bre pour son franc-parler et son grand c\u0153ur, rel\u00e8ve le d\u00e9fi : venir en aide \u00e0 l\u2019\u00e9quipe r\u00e9serve du club qui se trouve dans une situation critique. Avec 0 victoire, 3 matchs nuls, 12 d\u00e9faites et 12 buts marqu\u00e9s pour 74 buts encaiss\u00e9s, l\u2019\u00e9quipe \u00e9volue dans la division la plus basse, la D4. Objectif de Rolland Courbis : redresser la barre et lui faire remporter un match avant la fin de la saison !<\/p>\n<p>Pour finir en beaut\u00e9 cette saison, les joueurs de l\u2019Olympique Novais rencontrent ceux de l\u2019AS Fontenay-le-Vicomte, l\u2019\u00e9quipe entra\u00een\u00e9e par Pascal Dupraz lors de la premi\u00e8re saison de l&rsquo;\u00e9mission. Ce dernier reprend du service pour ce duel symbolique, un classico entre le nord et le sud qui promet de faire des \u00e9tincelles !<\/p>\n<p>Une aventure humaine et sportive, entre rires, larmes et exploits improbables. Une immersion unique au c\u0153ur du football amateur, o\u00f9 tout reste possible\u2026 ou presque.<\/p>\n<p>Les h\u00e9ros de cette saison :\u00a0<br \/>&#13;<br \/>\n\u2022 \u00a0 \u00a0Djoul (25 ans) &#8211; Attaquant fougueux, il vit sa premi\u00e8re saison au club. \u00c9tudiant en master de politique sociale, il met sa jeunesse et son \u00e9nergie au service de l\u2019\u00e9quipe.<br \/>&#13;<br \/>\n\u2022 \u00a0 \u00a0Eric \u00ab P\u00e9pito \u00bb (32 ans) &#8211; Gardien exp\u00e9riment\u00e9, plus d\u2019une d\u00e9cennie au club. Carrossier poids lourds, il fait partie des figures historiques de l\u2019\u00e9quipe.<br \/>&#13;<br \/>\n\u2022 \u00a0 \u00a0Florent \u00ab Kiwi \u00bb (39 ans) &#8211; Capitaine et pilier de la d\u00e9fense centrale depuis une dizaine d\u2019ann\u00e9es. Responsable de magasins, il incarne l\u2019\u00e2me combative du groupe.<br \/>&#13;<br \/>\n\u2022 \u00a0 \u00a0Jonathan \u00ab Shrek \u00bb (40 ans) &#8211; Gardien de but embl\u00e9matique, il d\u00e9fend les cages du club depuis plus de dix ans. Cariste dans une entreprise d\u2019emballage plastique, il est aussi papa de deux enfants, eux-m\u00eames joueurs \u00e0 Noves.<br \/>&#13;<br \/>\n\u2022 \u00a0 \u00a0Kenzo (20 ans) &#8211; Attaquant prometteur pour sa premi\u00e8re ann\u00e9e au club. Il exerce le m\u00e9tier de boulanger.<br \/>&#13;<br \/>\n\u2022 \u00a0 \u00a0Killian (34 ans) &#8211; Milieu infatigable depuis 4 ans, agent de relev\u00e9 et poseur de compteurs d\u2019eau dans la vie de tous les jours. P\u00e8re de 4 enfants, dont 3 \u00e9voluent aussi \u00e0 Noves.<br \/>&#13;<br \/>\n\u2022 \u00a0 \u00a0Marwin (26 ans) &#8211; Milieu offensif cr\u00e9atif, il \u00e9volue \u00e0 Noves depuis 4 ans. Charg\u00e9 d\u2019affaires dans les t\u00e9l\u00e9coms, il est aussi jeune papa d\u2019une petite fille de 6 mois.<br \/>&#13;<br \/>\n\u2022 \u00a0 \u00a0Mickael (38 ans) &#8211; Milieu de terrain, nouvelle recrue cette saison. Ma\u00eetre d\u2019h\u00f4tel en restauration traiteur, il est aussi p\u00e8re de deux enfants.<br \/>&#13;<br \/>\n\u2022 \u00a0 \u00a0Rayan (27 ans) &#8211; Milieu d\u00e9fensif solide, arriv\u00e9 cette saison. Il travaille comme vendeur dans un magasin de sport.<br \/>&#13;<br \/>\n\u2022 \u00a0 \u00a0Valentin \u00ab Hospice \u00bb (24 ans) &#8211; Fid\u00e8le gardien de but depuis 8 ans, il est \u00e9galement professionnel de l\u2019informatique.<br \/>&#13;<br \/>\n\u2022 \u00a0 \u00a0Youssef \u00ab Youyou \u00bb (30 ans) &#8211; D\u00e9fenseur rugueux et exp\u00e9riment\u00e9, pr\u00e9sent depuis 4 saisons. Il exerce le m\u00e9tier de climaticien frigoriste.<\/p>\n<p><strong style=\"font-size: 2.4rem;\">Abonnez-vous \u00e0 la newsletter France TV &amp; Vous<\/strong><\/p>\n<p>Exclusivit\u00e9s, coulisses, tournages, rencontres avec\u00a0nos animateurs, participation \u00e0 des \u00e9v\u00e9nements sportifs dans des conditions exceptionnelles&#8230;<br \/><strong><strong><a href=\"https:\/\/www.francetelevisions.fr\/abonnements\/\" rel=\"nofollow noopener\" target=\"_blank\">Ne manquez aucune\u00a0de nos meilleures offres fid\u00e9lit\u00e9 en vous abonnant d\u00e8s maintenant \u00e0 notre newsletter !<\/a><\/strong><\/strong><\/p>\n<p>\u00a0<\/p>\n","protected":false},"excerpt":{"rendered":"\u00a0Apr\u00e8s une premi\u00e8re saison \u00e0 succ\u00e8s en \u00cele-de-France, Les h\u00e9ros du gazon font leur retour en Provence-Alpes-C\u00f4te d\u2019Azur\u00a0avec&hellip;\n","protected":false},"author":2,"featured_media":451327,"comment_status":"","ping_status":"","sticky":false,"template":"","format":"standard","meta":{"footnotes":""},"categories":[1592],"tags":[1111,11,1777,674,1011,27,662,12,626,25],"class_list":{"0":"post-451326","1":"post","2":"type-post","3":"status-publish","4":"format-standard","5":"has-post-thumbnail","7":"category-ile-de-france","8":"tag-actu","9":"tag-actualites","10":"tag-eu","11":"tag-europe","12":"tag-fr","13":"tag-france","14":"tag-ile-de-france","15":"tag-news","16":"tag-paris","17":"tag-republique-francaise"},"share_on_mastodon":{"url":"https:\/\/pubeurope.com\/@fr\/115347201113901999","error":""},"_links":{"self":[{"href":"https:\/\/www.europesays.com\/fr\/wp-json\/wp\/v2\/posts\/451326","targetHints":{"allow":["GET"]}}],"collection":[{"href":"https:\/\/www.europesays.com\/fr\/wp-json\/wp\/v2\/posts"}],"about":[{"href":"https:\/\/www.europesays.com\/fr\/wp-json\/wp\/v2\/types\/post"}],"author":[{"embeddable":true,"href":"https:\/\/www.europesays.com\/fr\/wp-json\/wp\/v2\/users\/2"}],"replies":[{"embeddable":true,"href":"https:\/\/www.europesays.com\/fr\/wp-json\/wp\/v2\/comments?post=451326"}],"version-history":[{"count":0,"href":"https:\/\/www.europesays.com\/fr\/wp-json\/wp\/v2\/posts\/451326\/revisions"}],"wp:featuredmedia":[{"embeddable":true,"href":"https:\/\/www.europesays.com\/fr\/wp-json\/wp\/v2\/media\/451327"}],"wp:attachment":[{"href":"https:\/\/www.europesays.com\/fr\/wp-json\/wp\/v2\/media?parent=451326"}],"wp:term":[{"taxonomy":"category","embeddable":true,"href":"https:\/\/www.europesays.com\/fr\/wp-json\/wp\/v2\/categories?post=451326"},{"taxonomy":"post_tag","embeddable":true,"href":"https:\/\/www.europesays.com\/fr\/wp-json\/wp\/v2\/tags?post=451326"}],"curies":[{"name":"wp","href":"https:\/\/api.w.org\/{rel}","templated":true}]}}