{"id":451330,"date":"2025-10-10T01:10:13","date_gmt":"2025-10-10T01:10:13","guid":{"rendered":"https:\/\/www.europesays.com\/fr\/451330\/"},"modified":"2025-10-10T01:10:13","modified_gmt":"2025-10-10T01:10:13","slug":"mosimann-des-dream-tracks-au-dream-tour-tournee-en-mars-et-zenith-de-paris-les-17-et-18-octobre-2026","status":"publish","type":"post","link":"https:\/\/www.europesays.com\/fr\/451330\/","title":{"rendered":"Mosimann, des &lsquo;dream tracks&rsquo; au Dream Tour ! Tourn\u00e9e en mars et Z\u00e9nith de Paris les 17 et 18 octobre 2026"},"content":{"rendered":"<p>                                <a href=\"https:\/\/www.infoconcert.com\/artiste\/mosimann-62543\/concerts.html\" rel=\"nofollow noopener\" target=\"_blank\"><img decoding=\"async\" style=\"max-width: 100%;\" src=\"https:\/\/www.europesays.com\/fr\/wp-content\/uploads\/2025\/10\/mosimann_tournee-concert-zenith-paris_visunews1025.jpg\" alt=\"\"\/><\/a><\/p>\n<p><strong>Mosimann<\/strong>, le gagnant de la Star Academy en 2008 devenu DJ c\u00e9l\u00e8bre, <strong>r\u00e9gale aujourd&rsquo;hui avec ses<\/strong> <strong>tracks de r\u00eaves<\/strong>\u00a0(dream track) sur les r\u00e9seaux sociaux et sur France Inter. <strong>Il veut d\u00e9sormais investir les salles de concerts<\/strong>. Apr\u00e8s avoir annonc\u00e9 un Z\u00e9nith de Paris il y a quelques jours (le 17\/10\/2026 complet), le DJ producteur vient d&rsquo;annoncer <strong>une tourn\u00e9e fran\u00e7aise de 10 dates en mars 2026<\/strong> et <strong>une seconde date au Z\u00e9nith de Paris le 18 octobre 2026<\/strong>.<\/p>\n<p><strong><a href=\"https:\/\/www.infoconcert.com\/artiste\/mosimann-62543\/concerts.html?departement_id=75\" rel=\"nofollow noopener\" target=\"_blank\">Mosimann en tourn\u00e9e : voir toutes les dates<\/a>\u00a0<br \/>=&gt; <a href=\"https:\/\/www.infoconcert.com\/artiste\/mosimann-62543\/concerts.html?departement_id=75\" rel=\"nofollow noopener\" target=\"_blank\">se pr\u00e9inscrire pour \u00eatre averti<\/a><\/strong><br \/>Mise en vente des billets le vendredi 10\/10 \u00e0 10h00<\/p>\n<p><strong>Qu&rsquo;est\u2011ce qui rend ce DJ, ancien gagnant de la Star Academy, aussi incontournable aujourd&rsquo;hui &#8211; via son \u00e9mission sur France Inter, ses dream tracks, et sa connexion directe avec le public ? D\u00e9cryptage. <\/strong>\n<\/p>\n<p><strong>Le virage \u00ab\u00a0Dream Track\u00a0\u00bb + France Inter : le carburant de la popularit\u00e9<\/strong><\/p>\n<p><strong>Un concept qui fait buzzer<br \/><\/strong>Depuis 2024, Mosimann d\u00e9veloppe les dream tracks : des morceaux construits \u00e0 partir de paroles, sons ou r\u00e9f\u00e9rences absurdes propos\u00e9es par des internautes ou des personnalit\u00e9s (Alain Chabat, Florent Manaudou, Nagui&#8230;). Par exemple, lui imposer de m\u00ealer un monologue de Chantal Lauby, un g\u00e9n\u00e9rique t\u00e9l\u00e9 et une ligne de basse house, puis donner vie \u00e0 ce patchwork en 2\u20113 minutes, \u00e7a devient un jeu cr\u00e9atif pris\u00e9 du public. R\u00e9sultat : des vid\u00e9os cumulant des millions de vues, un bouche-\u00e0-oreille exponentiel, un format viral dans les timelines.<\/p>\n<\/p>\n<p><strong>La cons\u00e9cration radio<br \/><\/strong>S\u00e9duite par ce format, la direction de France Inter lui a offert une chronique hebdomadaire : chaque mercredi \u00e0 8h55, Mosimann livrera un dream track exclusif \u00e0 l&rsquo;antenne. Il dispose d&rsquo;une carte blanche totale pour mixer ses influences et surprendre les auditeurs : \u00ab\u202fje vais pouvoir mixer Vincent Delerm et Daft Punk pour la premi\u00e8re \u00bb, dit-il. Cette pr\u00e9sence hebdomadaire lui offre une visibilit\u00e9 puissante aupr\u00e8s d&rsquo;un public non \u00e9lectro, g\u00e9n\u00e9rant une curiosit\u00e9 qui se traduit en streaming, partage, et sans doute en ventes de billets.<\/p>\n<\/p>\n<p><strong>Le Z\u00e9nith de Paris et une tourn\u00e9e devenus in\u00e9vitables<\/strong><\/p>\n<p>Mosimann avait d\u00e9j\u00e0 conquis l&rsquo;Olympia ; c&rsquo;\u00e9tait le signe, pour lui, de pouvoir viser plus grand. Et voil\u00e0 que le DJ annonce un concert au Z\u00e9nith Paris, une des plus grandes salles de concerts de la capitale pour un d\u00e9fi sc\u00e9nique et une affirmation incontestable de maturit\u00e9.<br \/>Une premi\u00e8re date qui s&rsquo;est vendu rapidement, poussant Mosimann \u00e0 ajouter une seconde date le 18 octobre 2026. S&rsquo;il la remplie \u00e9galement Mosimann rassemblera plus de 12\u202f000 spectateurs en deux soirs. Ainsi, ce double Z\u00e9nith de Paris devient l&rsquo;un des \u00e9v\u00e9nements les plus attendus de la sc\u00e8ne \u00e9lectro en 2026.<\/p>\n<\/p>\n<p><strong>Tourn\u00e9e \u00ab\u00a0Dream Tour 2026\u00a0\u00bb : la France comme terrain de jeu<\/strong><\/p>\n<p>Mais avant d&rsquo;investir le Z\u00e9nith de Paris, Mosimann se lancera dans une tourn\u00e9e nationale \u00e0 partir du 19 mars 2026. Dix dates sont d\u00e9j\u00e0 au planning du DJ dans des salles et clubs de concerts en r\u00e9gion comme La Sir\u00e8ne \u00e0 la Rochelle, l&rsquo;Atabal \u00e0 Biarritz, la Coop\u00e9rative \u00e0 Clermont-Ferrand, la BAM \u00e0 Metz, le Moloco \u00e0 Audaincourt, le 106 \u00e0 Rouen ou Paloma \u00e0 Lille.<\/p>\n","protected":false},"excerpt":{"rendered":"Mosimann, le gagnant de la Star Academy en 2008 devenu DJ c\u00e9l\u00e8bre, r\u00e9gale aujourd&rsquo;hui avec ses tracks de&hellip;\n","protected":false},"author":2,"featured_media":451331,"comment_status":"","ping_status":"","sticky":false,"template":"","format":"standard","meta":{"footnotes":""},"categories":[1888],"tags":[1111,1928,11,1927,1777,674,1011,27,12,1926,626,1925,25],"class_list":{"0":"post-451330","1":"post","2":"type-post","3":"status-publish","4":"format-standard","5":"has-post-thumbnail","7":"category-paris","8":"tag-actu","9":"tag-actu-paris","10":"tag-actualites","11":"tag-actualites-paris","12":"tag-eu","13":"tag-europe","14":"tag-fr","15":"tag-france","16":"tag-news","17":"tag-news-paris","18":"tag-paris","19":"tag-paris-news","20":"tag-republique-francaise"},"share_on_mastodon":{"url":"https:\/\/pubeurope.com\/@fr\/115347208646708421","error":""},"_links":{"self":[{"href":"https:\/\/www.europesays.com\/fr\/wp-json\/wp\/v2\/posts\/451330","targetHints":{"allow":["GET"]}}],"collection":[{"href":"https:\/\/www.europesays.com\/fr\/wp-json\/wp\/v2\/posts"}],"about":[{"href":"https:\/\/www.europesays.com\/fr\/wp-json\/wp\/v2\/types\/post"}],"author":[{"embeddable":true,"href":"https:\/\/www.europesays.com\/fr\/wp-json\/wp\/v2\/users\/2"}],"replies":[{"embeddable":true,"href":"https:\/\/www.europesays.com\/fr\/wp-json\/wp\/v2\/comments?post=451330"}],"version-history":[{"count":0,"href":"https:\/\/www.europesays.com\/fr\/wp-json\/wp\/v2\/posts\/451330\/revisions"}],"wp:featuredmedia":[{"embeddable":true,"href":"https:\/\/www.europesays.com\/fr\/wp-json\/wp\/v2\/media\/451331"}],"wp:attachment":[{"href":"https:\/\/www.europesays.com\/fr\/wp-json\/wp\/v2\/media?parent=451330"}],"wp:term":[{"taxonomy":"category","embeddable":true,"href":"https:\/\/www.europesays.com\/fr\/wp-json\/wp\/v2\/categories?post=451330"},{"taxonomy":"post_tag","embeddable":true,"href":"https:\/\/www.europesays.com\/fr\/wp-json\/wp\/v2\/tags?post=451330"}],"curies":[{"name":"wp","href":"https:\/\/api.w.org\/{rel}","templated":true}]}}