{"id":451332,"date":"2025-10-10T01:11:13","date_gmt":"2025-10-10T01:11:13","guid":{"rendered":"https:\/\/www.europesays.com\/fr\/451332\/"},"modified":"2025-10-10T01:11:13","modified_gmt":"2025-10-10T01:11:13","slug":"on-voulait-ne-pas-etre-separes-pourquoi-le-corps-de-robert-badinter-nentrera-pas-au-pantheon","status":"publish","type":"post","link":"https:\/\/www.europesays.com\/fr\/451332\/","title":{"rendered":"\u00ab\u00a0On voulait ne pas \u00eatre s\u00e9par\u00e9s\u00a0\u00bb\u00a0: pourquoi le corps de Robert Badinter n\u2019entrera pas au Panth\u00e9on"},"content":{"rendered":"<p class=\"paragraph text_align_left lp-f-body-02\"><a href=\"https:\/\/www.leparisien.fr\/politique\/cest-lesprit-des-lumieres-qui-entre-au-pantheon-le-dernier-hommage-de-la-nation-a-robert-badinter-08-10-2025-7QDRZOVVNNDO7IU734U6ZSWROQ.php\" target=\"_blank\" rel=\"noreferrer nofollow noopener\">Robert Badinter<\/a>, artisan de l\u2019abolition de la peine de mort, entre ce jeudi 9 octobre au <a href=\"https:\/\/www.leparisien.fr\/politique\/pantheon-decouvrez-les-secrets-de-la-crypte-ou-sont-enterres-les-grands-noms-de-la-republique-08-10-2025-O7R27HYJXJH6RD7JVCYBQ46WU4.php\" target=\"_blank\" rel=\"noreferrer nofollow noopener\">Panth\u00e9on<\/a>. Un cercueil portant le nom l\u2019ancien avocat et ministre de la Justice, d\u00e9c\u00e9d\u00e9 en f\u00e9vrier 2024 \u00e0 l\u2019\u00e2ge de 95 ans, sera transport\u00e9 vers l\u2019ancienne \u00e9glise du centre de Paris, mais pas son corps.<\/p>\n<p class=\"paragraph text_align_left lp-f-body-02\">Et la raison est simple : \u00ab Ce qu\u2019on voulait, c\u2019est ne pas \u00eatre s\u00e9par\u00e9s \u00bb, confie \u00c9lisabeth Badinter, sa veuve, dans les colonnes de <a href=\"https:\/\/www.liberation.fr\/portraits\/elisabeth-badinter-abolir-la-peine-20251007_VDQ2DC6PH5BNLFAKYGMODAOASQ\/\" target=\"_blank\" rel=\"noreferrer nofollow noopener\">Lib\u00e9ration<\/a>. Le couple s\u2019\u00e9tait promis de reposer ensemble dans le carr\u00e9 juif du <a href=\"https:\/\/www.leparisien.fr\/hauts-de-seine-92\/bagneux-92220\/la-tombe-de-robert-badinter-taguee-au-cimetiere-de-bagneux-a-quelques-heures-de-son-entree-au-pantheon-09-10-2025-T65PWNUMBFCAHK6ZWZBJE673A4.php\" target=\"_blank\" rel=\"noreferrer nofollow noopener\">cimeti\u00e8re de Bagneux<\/a> (Hauts-de-Seine).<\/p>\n<p>Sa robe d\u2019avocat et trois livres<\/p>\n<p class=\"paragraph text_align_left lp-f-body-02\">\u00c0 la place du corps, \u00c9lisabeth Badinter a choisi quatre objets qui figureront dans le cercueil : la robe d\u2019avocat de son mari, ainsi que trois livres : Idiss, \u00e9crit en hommage \u00e0 sa grand-m\u00e8re, Choses vues de Victor Hugo et la biographie de Nicolas de Condorcet, \u00e9crite par le couple.<\/p>\n<p class=\"paragraph text_align_left lp-f-body-02\">Ce n\u2019est pas la premi\u00e8re fois qu\u2019un cercueil entre au Panth\u00e9on sans une d\u00e9pouille \u00e0 l\u2019int\u00e9rieur. Cela s\u2019\u00e9tait d\u00e9j\u00e0 produit en 2015, avec les cercueils <a href=\"https:\/\/www.leparisien.fr\/val-de-marne-94\/saint-mande-94160\/saint-mande-germaine-tillion-au-pantheon-sans-sa-depouille-13-03-2015-4601635.php\" target=\"_blank\" rel=\"noreferrer nofollow noopener\">des r\u00e9sistantes<\/a> Germaine Tillion et Genevi\u00e8ve de Gaulle-Anthonioz, ni\u00e8ce du g\u00e9n\u00e9ral de Gaulle, qui \u00e9taient entr\u00e9s au Panth\u00e9on sans leurs d\u00e9pouilles. Ces derni\u00e8res avaient \u00e9t\u00e9 conserv\u00e9es dans des cimeti\u00e8res, \u00e0 la demande des familles. \u00c0 la place, une petite urne contenant de la terre, pr\u00e9lev\u00e9e sur les tombes, avait \u00e9t\u00e9 plac\u00e9e dans chaque cercueil.<\/p>\n<p class=\"paragraph text_align_left lp-f-body-02\">Robert Badinter reposera au Panth\u00e9on au c\u00f4t\u00e9 de Nicolas Condorcet. Le cercueil de ce dernier serait d\u2019ailleurs vide car son corps n\u2019a jamais \u00e9t\u00e9 retrouv\u00e9, indique <a href=\"https:\/\/www.franceinfo.fr\/societe\/debats\/pantheon\/corps-coeur-cendres-plaques-que-trouve-t-on-dans-les-caveaux-du-pantheon_905481.html\" target=\"_blank\" rel=\"noreferrer nofollow noopener\">France Info<\/a>.<\/p>\n<p class=\"paragraph text_align_left lp-f-body-02\">Mais ces cas cit\u00e9s sont loin d\u2019\u00eatre isol\u00e9s. \u00ab Il est bien difficile de dire ce que contient chaque caveau \u00bb, expliquait Pascal Monnet, administrateur du Panth\u00e9on, \u00e0 nos confr\u00e8res en 2015. \u00ab Aucune expertise n\u2019a jamais \u00e9t\u00e9 faite. Pour Voltaire et Rousseau, cela demeure un myst\u00e8re. Quelques ossements ont \u00e9t\u00e9 constat\u00e9s \u00e0 la fin du XIXe si\u00e8cle, mais sans savoir si c\u2019\u00e9tait bien ceux des deux grands philosophes exhum\u00e9s presque quinze ans apr\u00e8s leur d\u00e9c\u00e8s \u00bb, poursuivait-il.<\/p>\n","protected":false},"excerpt":{"rendered":"Robert Badinter, artisan de l\u2019abolition de la peine de mort, entre ce jeudi 9 octobre au Panth\u00e9on. Un&hellip;\n","protected":false},"author":2,"featured_media":451333,"comment_status":"","ping_status":"","sticky":false,"template":"","format":"standard","meta":{"footnotes":""},"categories":[1888],"tags":[11,1777,674,1011,27,12,626,316,25],"class_list":{"0":"post-451332","1":"post","2":"type-post","3":"status-publish","4":"format-standard","5":"has-post-thumbnail","7":"category-paris","8":"tag-actualites","9":"tag-eu","10":"tag-europe","11":"tag-fr","12":"tag-france","13":"tag-news","14":"tag-paris","15":"tag-politique","16":"tag-republique-francaise"},"share_on_mastodon":{"url":"https:\/\/pubeurope.com\/@fr\/115347212417130564","error":""},"_links":{"self":[{"href":"https:\/\/www.europesays.com\/fr\/wp-json\/wp\/v2\/posts\/451332","targetHints":{"allow":["GET"]}}],"collection":[{"href":"https:\/\/www.europesays.com\/fr\/wp-json\/wp\/v2\/posts"}],"about":[{"href":"https:\/\/www.europesays.com\/fr\/wp-json\/wp\/v2\/types\/post"}],"author":[{"embeddable":true,"href":"https:\/\/www.europesays.com\/fr\/wp-json\/wp\/v2\/users\/2"}],"replies":[{"embeddable":true,"href":"https:\/\/www.europesays.com\/fr\/wp-json\/wp\/v2\/comments?post=451332"}],"version-history":[{"count":0,"href":"https:\/\/www.europesays.com\/fr\/wp-json\/wp\/v2\/posts\/451332\/revisions"}],"wp:featuredmedia":[{"embeddable":true,"href":"https:\/\/www.europesays.com\/fr\/wp-json\/wp\/v2\/media\/451333"}],"wp:attachment":[{"href":"https:\/\/www.europesays.com\/fr\/wp-json\/wp\/v2\/media?parent=451332"}],"wp:term":[{"taxonomy":"category","embeddable":true,"href":"https:\/\/www.europesays.com\/fr\/wp-json\/wp\/v2\/categories?post=451332"},{"taxonomy":"post_tag","embeddable":true,"href":"https:\/\/www.europesays.com\/fr\/wp-json\/wp\/v2\/tags?post=451332"}],"curies":[{"name":"wp","href":"https:\/\/api.w.org\/{rel}","templated":true}]}}