{"id":451334,"date":"2025-10-10T01:12:13","date_gmt":"2025-10-10T01:12:13","guid":{"rendered":"https:\/\/www.europesays.com\/fr\/451334\/"},"modified":"2025-10-10T01:12:13","modified_gmt":"2025-10-10T01:12:13","slug":"pronos-paris-rmc-le-buteur-du-10-octobre-qualif-coupe-du-monde","status":"publish","type":"post","link":"https:\/\/www.europesays.com\/fr\/451334\/","title":{"rendered":"PRONOS PARIS RMC Le buteur du 10 octobre \u2013 Qualif. Coupe du monde"},"content":{"rendered":"<p><img loading=\"lazy\" decoding=\"async\" src=\"https:\/\/www.europesays.com\/fr\/wp-content\/uploads\/2025\/10\/Kilyan-Mbappe-France-2152245.jpg\" width=\"16\" height=\"9\" alt=\"Kilyan Mbapp\u00e9 - France \"\/><\/p>\n<p class=\"cover_legend\">Kilyan Mbapp\u00e9 &#8211; France &#8211; Iconsport<\/p>\n<p><strong>Notre pronostic <\/strong>: Kylian Mbapp\u00e9 (France) inscrit un doubl\u00e9 face \u00e0 l\u2019Azerba\u00efdjan (1.84)<\/p>\n<p>Cinq buts en deux matches de Ligue des champions (doubl\u00e9 face \u00e0 Marseille et tripl\u00e9 \u00e0 Almaty) ! Neuf buts en huit journ\u00e9es de Liga. Deux r\u00e9alisations en deux s\u00e9lections avec l\u2019Equipe de France. Soit seize buts en douze rencontres avec le Real Madrid ou les Bleus ! Le Soulier d\u2019Or 2024\/2025 est parti surdes bases encore bien plus \u00e9lev\u00e9es cette saison. S\u2019il est titulaire ce soir au Parc des Princes, Kylian MBapp\u00e9 a de tr\u00e8s grandes chances de se mettre en \u00e9vidence et de soigner ses stats contre une \u00e9quipes d\u2019Azerba\u00efdjan tr\u00e8s faible comme le prouve sa r\u00e9cente d\u00e9faite 5-0 en Islande. Pour toutes ces raisons, je vous propose de parier sur un doubl\u00e9 du capitaine de l\u2019Equipe de France pour presque doubler la mise.<\/p>\n<p>Fiabilit\u00e9 : 50 %<\/p>\n<p><strong>Les autres options :<\/strong><\/p>\n<p>Wirtz (Allemagne) marque contre le Luxembourg (1.74)<\/p>\n<p>Openda (Belgique) marque contre la Mac\u00e9doine (2.05)<\/p>\n<p>Gyokeres ou Isak (Su\u00e8de) marque contre la Suisse (1.44)<\/p>\n<p>Cote totale des quatre buteurs du jour : 9.45<\/p>\n<p><a href=\"https:\/\/www.winamax.fr\/paris-sportifs\/match\/56418515?lp=1&amp;banid=41200\" target=\"_blank\" class=\"external_link\" rel=\"nofollow noopener\">Pariez sur France &#8211; Azerba\u00efdjan ici<\/a><\/p>\n<p>Christophe Paillet Journaliste RMC Sport<\/p>\n","protected":false},"excerpt":{"rendered":"Kilyan Mbapp\u00e9 &#8211; France &#8211; Iconsport Notre pronostic : Kylian Mbapp\u00e9 (France) inscrit un doubl\u00e9 face \u00e0 l\u2019Azerba\u00efdjan&hellip;\n","protected":false},"author":2,"featured_media":451335,"comment_status":"","ping_status":"","sticky":false,"template":"","format":"standard","meta":{"footnotes":""},"categories":[1888],"tags":[11,1777,674,1011,27,12,626,25],"class_list":{"0":"post-451334","1":"post","2":"type-post","3":"status-publish","4":"format-standard","5":"has-post-thumbnail","7":"category-paris","8":"tag-actualites","9":"tag-eu","10":"tag-europe","11":"tag-fr","12":"tag-france","13":"tag-news","14":"tag-paris","15":"tag-republique-francaise"},"share_on_mastodon":{"url":"https:\/\/pubeurope.com\/@fr\/115347216423373416","error":""},"_links":{"self":[{"href":"https:\/\/www.europesays.com\/fr\/wp-json\/wp\/v2\/posts\/451334","targetHints":{"allow":["GET"]}}],"collection":[{"href":"https:\/\/www.europesays.com\/fr\/wp-json\/wp\/v2\/posts"}],"about":[{"href":"https:\/\/www.europesays.com\/fr\/wp-json\/wp\/v2\/types\/post"}],"author":[{"embeddable":true,"href":"https:\/\/www.europesays.com\/fr\/wp-json\/wp\/v2\/users\/2"}],"replies":[{"embeddable":true,"href":"https:\/\/www.europesays.com\/fr\/wp-json\/wp\/v2\/comments?post=451334"}],"version-history":[{"count":0,"href":"https:\/\/www.europesays.com\/fr\/wp-json\/wp\/v2\/posts\/451334\/revisions"}],"wp:featuredmedia":[{"embeddable":true,"href":"https:\/\/www.europesays.com\/fr\/wp-json\/wp\/v2\/media\/451335"}],"wp:attachment":[{"href":"https:\/\/www.europesays.com\/fr\/wp-json\/wp\/v2\/media?parent=451334"}],"wp:term":[{"taxonomy":"category","embeddable":true,"href":"https:\/\/www.europesays.com\/fr\/wp-json\/wp\/v2\/categories?post=451334"},{"taxonomy":"post_tag","embeddable":true,"href":"https:\/\/www.europesays.com\/fr\/wp-json\/wp\/v2\/tags?post=451334"}],"curies":[{"name":"wp","href":"https:\/\/api.w.org\/{rel}","templated":true}]}}