{"id":451336,"date":"2025-10-10T01:13:13","date_gmt":"2025-10-10T01:13:13","guid":{"rendered":"https:\/\/www.europesays.com\/fr\/451336\/"},"modified":"2025-10-10T01:13:13","modified_gmt":"2025-10-10T01:13:13","slug":"multimedia-la-russie-versera-des-indemnites-pour-laccident-de-lavion-azeri-poutine-xinhua","status":"publish","type":"post","link":"https:\/\/www.europesays.com\/fr\/451336\/","title":{"rendered":"(Multim\u00e9dia) La Russie versera des indemnit\u00e9s pour l&rsquo;accident de l&rsquo;avion az\u00e9ri (Poutine) &#8211; Xinhua"},"content":{"rendered":"<p><img decoding=\"async\" controls=\"controls\" src=\"https:\/\/www.europesays.com\/fr\/wp-content\/uploads\/2025\/10\/202510108d71997b7e5f49ae898d9c51cf50a453_XxjifrF000002_20251010_CBMFN0A001.JPG\"\/>Photo a\u00e9rienne prise le 25 d\u00e9cembre 2024 montrant le site o\u00f9 l&rsquo;avion s&rsquo;est \u00e9cras\u00e9 pr\u00e8s d&rsquo;Aktau, au Kazakhstan. (Xinhua\/Azamat Sarsenbayev)<\/p>\n<p><strong>Des fragments de missiles russes auraient pu provoquer le crash d&rsquo;un avion de ligne az\u00e9ri en d\u00e9cembre dernier, a annonc\u00e9 jeudi le pr\u00e9sident russe Vladimir Poutine, pr\u00e9cisant que Moscou versera une indemnisation.<\/strong><\/p>\n<p>MOSCOU, 9 octobre (Xinhua) &#8212; Des fragments de missiles russes auraient pu provoquer le crash d&rsquo;un avion de ligne az\u00e9ri en d\u00e9cembre dernier, a annonc\u00e9 jeudi le pr\u00e9sident russe Vladimir Poutine, pr\u00e9cisant que Moscou versera une indemnisation.<\/p>\n<p>Lors d&rsquo;une rencontre avec son homologue az\u00e9ri Ilham Aliyev \u00e0 Douchanb\u00e9, capital du Tadjikistan, M. Poutine a \u00e9voqu\u00e9 les causes de l&rsquo;accident, pr\u00e9cisant que la Russie surveillait alors trois drones ukrainiens franchissant sa fronti\u00e8re et que des\u00a0 \u00ab\u00a0d\u00e9faillances techniques\u00a0\u00bb de son syst\u00e8me de d\u00e9fense a\u00e9rienne pourraient avoir contribu\u00e9 au crash.<\/p>\n<p>Deux missiles ont explos\u00e9 \u00e0 proximit\u00e9 de l&rsquo;avion, probablement via le m\u00e9canisme d&rsquo;autodestruction, a ajout\u00e9 M. Poutine, ajoutant que les fragments de missiles ont tr\u00e8s probablement endommag\u00e9 l&rsquo;appareil.<\/p>\n<p>Il a ajout\u00e9 que, selon les enregistrements de la bo\u00eete noire, le pilote avait \u00e9t\u00e9 conseill\u00e9 d&rsquo;effectuer un atterrissage d&rsquo;urgence dans la ville russe de Makhatchkala apr\u00e8s une collision pr\u00e9sum\u00e9e avec des oiseaux, mais qu&rsquo;il avait d\u00e9cid\u00e9 de retourner \u00e0 sa base d&rsquo;origine, puis au Kazakhstan.<\/p>\n<p>\u00ab\u00a0Naturellement, la partie russe fera tout ce qui doit \u00eatre fait dans ces circonstances tragiques, y compris le versement d&rsquo;indemnisations et une \u00e9valuation juridique des actions de tous les responsables concern\u00e9s\u00a0\u00bb, a d\u00e9clar\u00e9 M. Poutine.<\/p>\n<p>De son c\u00f4t\u00e9, M. Aliyev a remerci\u00e9 M. Poutine pour son suivi personnel de la situation et d\u00e9clar\u00e9 qu&rsquo;il n&rsquo;y avait\u00a0 \u00ab\u00a0aucun doute que l&rsquo;enqu\u00eate examinerait tout de mani\u00e8re objective\u00a0\u00bb.<\/p>\n<p>Le 25 d\u00e9cembre 2024, un Embraer 190 d&rsquo;Azerbaijan Airlines, vol J2-8243 reliant Bakou \u00e0 Grozny, s&rsquo;est \u00e9cras\u00e9 pr\u00e8s de la ville kazakhe d&rsquo;Aktau avec 67 personnes \u00e0 bord. Trente-huit personnes ont \u00e9t\u00e9 tu\u00e9es dans l&rsquo;accident.<\/p>\n","protected":false},"excerpt":{"rendered":"Photo a\u00e9rienne prise le 25 d\u00e9cembre 2024 montrant le site o\u00f9 l&rsquo;avion s&rsquo;est \u00e9cras\u00e9 pr\u00e8s d&rsquo;Aktau, au Kazakhstan.&hellip;\n","protected":false},"author":2,"featured_media":451337,"comment_status":"","ping_status":"","sticky":false,"template":"","format":"standard","meta":{"footnotes":""},"categories":[1591],"tags":[11,15149,1887,12,1885,1886,132],"class_list":{"0":"post-451336","1":"post","2":"type-post","3":"status-publish","4":"format-standard","5":"has-post-thumbnail","7":"category-russie","8":"tag-actualites","9":"tag-azerbaidjan","10":"tag-federation-de-russie","11":"tag-news","12":"tag-russia","13":"tag-russian-federation","14":"tag-russie"},"share_on_mastodon":{"url":"https:\/\/pubeurope.com\/@fr\/115347220627869083","error":""},"_links":{"self":[{"href":"https:\/\/www.europesays.com\/fr\/wp-json\/wp\/v2\/posts\/451336","targetHints":{"allow":["GET"]}}],"collection":[{"href":"https:\/\/www.europesays.com\/fr\/wp-json\/wp\/v2\/posts"}],"about":[{"href":"https:\/\/www.europesays.com\/fr\/wp-json\/wp\/v2\/types\/post"}],"author":[{"embeddable":true,"href":"https:\/\/www.europesays.com\/fr\/wp-json\/wp\/v2\/users\/2"}],"replies":[{"embeddable":true,"href":"https:\/\/www.europesays.com\/fr\/wp-json\/wp\/v2\/comments?post=451336"}],"version-history":[{"count":0,"href":"https:\/\/www.europesays.com\/fr\/wp-json\/wp\/v2\/posts\/451336\/revisions"}],"wp:featuredmedia":[{"embeddable":true,"href":"https:\/\/www.europesays.com\/fr\/wp-json\/wp\/v2\/media\/451337"}],"wp:attachment":[{"href":"https:\/\/www.europesays.com\/fr\/wp-json\/wp\/v2\/media?parent=451336"}],"wp:term":[{"taxonomy":"category","embeddable":true,"href":"https:\/\/www.europesays.com\/fr\/wp-json\/wp\/v2\/categories?post=451336"},{"taxonomy":"post_tag","embeddable":true,"href":"https:\/\/www.europesays.com\/fr\/wp-json\/wp\/v2\/tags?post=451336"}],"curies":[{"name":"wp","href":"https:\/\/api.w.org\/{rel}","templated":true}]}}