{"id":451340,"date":"2025-10-10T01:15:12","date_gmt":"2025-10-10T01:15:12","guid":{"rendered":"https:\/\/www.europesays.com\/fr\/451340\/"},"modified":"2025-10-10T01:15:12","modified_gmt":"2025-10-10T01:15:12","slug":"le-venezuela-demande-une-reunion-durgence-du-conseil-de-securite-de-lonu-pour-gerer-sa-crise-avec-les-etats-unis","status":"publish","type":"post","link":"https:\/\/www.europesays.com\/fr\/451340\/","title":{"rendered":"Le Venezuela demande une r\u00e9union d&rsquo;urgence du Conseil de s\u00e9curit\u00e9 de l&rsquo;ONU pour g\u00e9rer sa crise avec les \u00c9tats-Unis"},"content":{"rendered":"<p>\n    Caracas d\u00e9nonce l\u2019\u00abescalade des agressions\u00bb des \u00c9tats-Unis qui ont d\u00e9ploy\u00e9 des navires de guerre dans les Cara\u00efbes et cibl\u00e9 des embarcations de narcotrafiquants pr\u00e9sum\u00e9s, tuant au moins 21 personnes.<\/p>\n<p class=\"fig-paragraph\">Le\u00a0<a href=\"https:\/\/www.lefigaro.fr\/tag\/venezuela\" target=\"_blank\" rel=\"sponsored noopener nofollow\" data-gtm-custom-categorie=\"navigation\" data-gtm-custom-action=\"crossclick\" data-gtm-custom-label=\"Contextuel\" data-gtm-event=\"customEventSPE\">Venezuela<\/a>\u00a0a demand\u00e9 jeudi une r\u00e9union d&rsquo;urgence du Conseil de s\u00e9curit\u00e9 de l&rsquo;ONU d\u00e9non\u00e7ant l&rsquo;\u00abescalade des agressions\u00bb des \u00c9tats-Unis qui ont d\u00e9ploy\u00e9 des navires de guerre dans les Cara\u00efbes et cibl\u00e9 des embarcations de narcotrafiquants pr\u00e9sum\u00e9s, tuant au moins 21 personnes.<\/p>\n<p class=\"fig-paragraph\">\u00abLe gouvernement bolivarien du Venezuela a officiellement demand\u00e9 une r\u00e9union d&rsquo;urgence du Conseil de s\u00e9curit\u00e9 des Nations Unies, face \u00e0 la grave escalade des agressions et au d\u00e9ploiement militaire sans pr\u00e9c\u00e9dent des \u00c9tats-Unis dans les Cara\u00efbes\u00bb, selon le texte du communiqu\u00e9 qui rend public la lettre v\u00e9n\u00e9zu\u00e9lienne adress\u00e9e \u00e0 l&rsquo;ONU.<\/p>\n","protected":false},"excerpt":{"rendered":"Caracas d\u00e9nonce l\u2019\u00abescalade des agressions\u00bb des \u00c9tats-Unis qui ont d\u00e9ploy\u00e9 des navires de guerre dans les Cara\u00efbes et&hellip;\n","protected":false},"author":2,"featured_media":451341,"comment_status":"","ping_status":"","sticky":false,"template":"","format":"standard","meta":{"footnotes":""},"categories":[1589],"tags":[11,73,1866,12,1864,1865,1863,308,337],"class_list":{"0":"post-451340","1":"post","2":"type-post","3":"status-publish","4":"format-standard","5":"has-post-thumbnail","7":"category-etats-unis","8":"tag-actualites","9":"tag-etats-unis","10":"tag-etats-unis-damerique","11":"tag-news","12":"tag-united-states","13":"tag-united-states-of-america","14":"tag-us","15":"tag-usa","16":"tag-venezuela"},"share_on_mastodon":{"url":"https:\/\/pubeurope.com\/@fr\/115347228174041596","error":""},"_links":{"self":[{"href":"https:\/\/www.europesays.com\/fr\/wp-json\/wp\/v2\/posts\/451340","targetHints":{"allow":["GET"]}}],"collection":[{"href":"https:\/\/www.europesays.com\/fr\/wp-json\/wp\/v2\/posts"}],"about":[{"href":"https:\/\/www.europesays.com\/fr\/wp-json\/wp\/v2\/types\/post"}],"author":[{"embeddable":true,"href":"https:\/\/www.europesays.com\/fr\/wp-json\/wp\/v2\/users\/2"}],"replies":[{"embeddable":true,"href":"https:\/\/www.europesays.com\/fr\/wp-json\/wp\/v2\/comments?post=451340"}],"version-history":[{"count":0,"href":"https:\/\/www.europesays.com\/fr\/wp-json\/wp\/v2\/posts\/451340\/revisions"}],"wp:featuredmedia":[{"embeddable":true,"href":"https:\/\/www.europesays.com\/fr\/wp-json\/wp\/v2\/media\/451341"}],"wp:attachment":[{"href":"https:\/\/www.europesays.com\/fr\/wp-json\/wp\/v2\/media?parent=451340"}],"wp:term":[{"taxonomy":"category","embeddable":true,"href":"https:\/\/www.europesays.com\/fr\/wp-json\/wp\/v2\/categories?post=451340"},{"taxonomy":"post_tag","embeddable":true,"href":"https:\/\/www.europesays.com\/fr\/wp-json\/wp\/v2\/tags?post=451340"}],"curies":[{"name":"wp","href":"https:\/\/api.w.org\/{rel}","templated":true}]}}