{"id":451342,"date":"2025-10-10T01:16:14","date_gmt":"2025-10-10T01:16:14","guid":{"rendered":"https:\/\/www.europesays.com\/fr\/451342\/"},"modified":"2025-10-10T01:16:14","modified_gmt":"2025-10-10T01:16:14","slug":"les-conservateurs-tentent-de-rebondir-en-attaquant-sur-limmigration","status":"publish","type":"post","link":"https:\/\/www.europesays.com\/fr\/451342\/","title":{"rendered":"les conservateurs tentent de rebondir en attaquant sur l\u2019immigration"},"content":{"rendered":"<p>\n    <strong>D\u00c9CRYPTAGE <\/strong>&#8211; Lors du congr\u00e8s annuel des tories, leur dirigeante, Kemi Badenoch, a essay\u00e9 de convaincre les \u00e9lecteurs de ne pas se tourner vers Reform UK, le parti de Nigel Farage.<\/p>\n<p class=\"fig-paragraph\">Certains dressent un constat de \u00ab\u00a0mort c\u00e9r\u00e9brale\u00a0\u00bb, les plus optimistes parlent de mauvaise passe prolong\u00e9e. Le parti conservateur britannique, qui vient de clore son congr\u00e8s annuel \u00e0 Manchester, s\u2019ab\u00eeme dans les profondeurs des sondages. Au risque de se faire voler le statut de principale force d\u2019opposition par\u00a0<a href=\"http:\/\/www.lefigaro.fr\/international\/la-derniere-chance-de-remettre-ce-pays-sur-les-rails-a-birmingham-nigel-farage-se-pose-en-futur-premier-ministre-20250905\" data-fig-type=\"Article\" data-gtm-custom-categorie=\"navigation\" data-gtm-custom-action=\"crossclick\" data-gtm-custom-label=\"Contextuel\" data-gtm-event=\"customEventSPE\" data-fig-domain=\"LEFIGARO\" rel=\"nofollow noopener\" target=\"_blank\">le parti Reform UK de Nigel Farage<\/a>. Pour tenter de rebondir, sa chef, Kemi Badenoch, fait assaut de volontarisme pour lutter contre l\u2019immigration. En d\u00e9clinant son slogan\u00a0: \u00ab\u00a0Une \u00e9conomie plus forte, des fronti\u00e8res plus solides.\u00a0\u00bb<\/p>\n<p class=\"fig-paragraph\">Tous les observateurs ont vu une inspiration tr\u00e8s am\u00e9ricaine dans les derni\u00e8res propositions de Kemi Badenoch en mati\u00e8re d\u2019immigration. La patronne des tories a propos\u00e9, si son parti revenait au pouvoir, la cr\u00e9ation d\u2019une\u00a0<a href=\"http:\/\/www.lefigaro.fr\/international\/etats-unis-la-justice-americaine-suspend-l-expulsion-de-600-mineurs-guatemalteques-un-revers-pour-donald-trump-20250901\" data-fig-type=\"NewsFlash\" data-gtm-custom-categorie=\"navigation\" data-gtm-custom-action=\"crossclick\" data-gtm-custom-label=\"Contextuel\" data-gtm-event=\"customEventSPE\" data-fig-domain=\"LEFIGARO\" rel=\"nofollow noopener\" target=\"_blank\">\u00ab\u00a0force d\u2019expulsion\u00a0\u00bb tr\u00e8s trumpienne<\/a>, qui ressemblerait fort \u00e0 l\u2019agence am\u00e9ricaine de l\u2019Immigration and Customs Enforcement (ICE). Cette force permettrait d\u2019expulser chaque ann\u00e9e 150.000\u00a0migrants non autoris\u00e9s \u00e0 rester\u2026<\/p>\n<p class=\"fig-premium-paywall__infos\">\n        Cet article est r\u00e9serv\u00e9 aux abonn\u00e9s.        Il vous reste 83% \u00e0 d\u00e9couvrir.\n    <\/p>\n<p>                <img  data- alt=\"Le Figaro\" class=\"fig-img--complete fig-img\"\/><\/p>\n<p class=\"fig-premium-paywall__title\">J-100, Le Figaro f\u00eate ses 200 ans<\/p>\n<p class=\"fig-premium-paywall__subtitle\">Offre anniversaire : 2\u20ac\/mois pendant 200 semaines<\/p>\n<p class=\"fig-premium-paywall__connect\">\n                D\u00e9j\u00e0 abonn\u00e9\u00a0?                <a class=\"fig-premium-paywall__connect-link\" href=\"https:\/\/connect.lefigaro.fr\/login?client=horizon_web&amp;type=main&amp;redirect_uri=https%3A%2F%2Fwww.lefigaro.fr%2Finternational%2Fgrande-bretagne-les-conservateurs-tentent-de-rebondir-en-attaquant-sur-l-immigration-20251008\" data-js-gtm=\"{&quot;customCategorie&quot;: &quot;conversion&quot;, &quot;customAction&quot;: &quot;before_Landing_Connexion_paywall_auto&quot;, &quot;customLabel&quot;: &quot;bGVmaWdhcm8uZnJfXzFmMGE0NTAzLWEwMGEtNjg1ZS04ZTE2LTBkOTU0OGU5ZTc4OV9fQXJ0aWNsZQ==_Grande-Bretagne\u00a0: les conservateurs tentent de rebondir en attaquant sur l\u2019immigration_441&quot;, &quot;customIDSPE&quot;: &quot;bGVmaWdhcm8uZnJfXzFmMGE0NTAzLWEwMGEtNjg1ZS04ZTE2LTBkOTU0OGU5ZTc4OV9fQXJ0aWNsZQ==&quot;, &quot;event&quot;: &quot;customEventSPE&quot;}\" rel=\"nofollow noopener\" target=\"_blank\"><br \/>\n                    Connectez-vous<br \/>\n                <\/a>\n            <\/p>\n","protected":false},"excerpt":{"rendered":"D\u00c9CRYPTAGE &#8211; Lors du congr\u00e8s annuel des tories, leur dirigeante, Kemi Badenoch, a essay\u00e9 de convaincre les \u00e9lecteurs&hellip;\n","protected":false},"author":2,"featured_media":451343,"comment_status":"","ping_status":"","sticky":false,"template":"","format":"standard","meta":{"footnotes":""},"categories":[1588],"tags":[11,45365,1777,674,12,10669,473,1853,1851,1850,1852],"class_list":{"0":"post-451342","1":"post","2":"type-post","3":"status-publish","4":"format-standard","5":"has-post-thumbnail","7":"category-royaume-uni","8":"tag-actualites","9":"tag-conservateur","10":"tag-eu","11":"tag-europe","12":"tag-news","13":"tag-nigel-farage","14":"tag-royaume-uni","15":"tag-royaume-uni-de-grande-bretagne-et-dirlande-du-nord","16":"tag-uk","17":"tag-united-kingdom","18":"tag-united-kingdom-of-great-britain-and-northern-ireland"},"share_on_mastodon":{"url":"https:\/\/pubeurope.com\/@fr\/115347232150895575","error":""},"_links":{"self":[{"href":"https:\/\/www.europesays.com\/fr\/wp-json\/wp\/v2\/posts\/451342","targetHints":{"allow":["GET"]}}],"collection":[{"href":"https:\/\/www.europesays.com\/fr\/wp-json\/wp\/v2\/posts"}],"about":[{"href":"https:\/\/www.europesays.com\/fr\/wp-json\/wp\/v2\/types\/post"}],"author":[{"embeddable":true,"href":"https:\/\/www.europesays.com\/fr\/wp-json\/wp\/v2\/users\/2"}],"replies":[{"embeddable":true,"href":"https:\/\/www.europesays.com\/fr\/wp-json\/wp\/v2\/comments?post=451342"}],"version-history":[{"count":0,"href":"https:\/\/www.europesays.com\/fr\/wp-json\/wp\/v2\/posts\/451342\/revisions"}],"wp:featuredmedia":[{"embeddable":true,"href":"https:\/\/www.europesays.com\/fr\/wp-json\/wp\/v2\/media\/451343"}],"wp:attachment":[{"href":"https:\/\/www.europesays.com\/fr\/wp-json\/wp\/v2\/media?parent=451342"}],"wp:term":[{"taxonomy":"category","embeddable":true,"href":"https:\/\/www.europesays.com\/fr\/wp-json\/wp\/v2\/categories?post=451342"},{"taxonomy":"post_tag","embeddable":true,"href":"https:\/\/www.europesays.com\/fr\/wp-json\/wp\/v2\/tags?post=451342"}],"curies":[{"name":"wp","href":"https:\/\/api.w.org\/{rel}","templated":true}]}}