{"id":451367,"date":"2025-10-10T01:32:12","date_gmt":"2025-10-10T01:32:12","guid":{"rendered":"https:\/\/www.europesays.com\/fr\/451367\/"},"modified":"2025-10-10T01:32:12","modified_gmt":"2025-10-10T01:32:12","slug":"les-bruits-de-couloir-vont-plus-vite-que-moi-jean-dujardin-reagit-a-cette-image-tenace-qui-lui-colle-a-la-peau","status":"publish","type":"post","link":"https:\/\/www.europesays.com\/fr\/451367\/","title":{"rendered":"\u00ab\u00a0Les bruits de couloir vont plus vite que moi\u00a0\u00bb : Jean Dujardin r\u00e9agit \u00e0 cette image tenace qui lui colle \u00e0 la peau"},"content":{"rendered":"<p>            <img loading=\"lazy\" decoding=\"async\" src=\"https:\/\/www.europesays.com\/fr\/wp-content\/uploads\/2025\/04\/144-64f8c016610ee-35x35-1.jpg\" class=\"author-article-picture\" width=\"35\" height=\"35\"\/><\/p>\n<p>                Par<br \/>\n                                    <a class=\"author-article-bio-link\" href=\"https:\/\/www.purepeople.com\/auteur\/louise-martin_a144\" rel=\"nofollow noopener\" target=\"_blank\">Louise Martin<\/a><br \/>\n                                                    | R\u00e9dactrice<\/p>\n<p>\n                Koh Lanta, Les Marseillais mais aussi Mari\u00e9s au Premier regards\u2026 Louise Martin est une t\u00e9l\u00e9vore qui essaye, \u00e0 ses heures perdues, de refaire les g\u00e2teaux qu\u2019elle admire devant le Meilleur P\u00e2tissier\u2026 mais elle ne risque pas de gagner le tablier bleu ! Les r\u00e9seaux sociaux n\u2019ont pas de secret pour elle, les derniers scoops, les derni\u00e8res \u00e9missions, elle les conna\u00eet tous.\n            <\/p>\n<p>\n    La carri\u00e8re de Jean Dujardin ne cesse d\u2019\u00eatre couronn\u00e9e de succ\u00e8s. Mais la r\u00e9ussite de ses films au cin\u00e9ma n\u2019est pas le seul sujet de conversation des cin\u00e9philes : la vie priv\u00e9e de l\u2019acteur suscite \u00e9galement beaucoup de curiosit\u00e9. Depuis plusieurs ann\u00e9es, celui-ci est notamment connu pour sortir jusqu\u2019au bout de la nuit. Alors, info ou intox ? Jean Dujardin a r\u00e9cemment mis les choses au clair.\n<\/p>\n<p>                            <img loading=\"lazy\" decoding=\"async\" class=\"player-thumbnail\" src=\"https:\/\/www.europesays.com\/fr\/wp-content\/uploads\/2025\/10\/571d26f9f9fd8ed1-580x326-2.jpg\" width=\"580\" height=\"326\"\/><\/p>\n<p>                    \u00ab\u00a0Les bruits de couloir vont plus vite que moi\u00a0\u00bb : Jean Dujardin r\u00e9agit \u00e0 cette image tenace qui lui colle \u00e0 la peau<\/p>\n<p>La suite apr\u00e8s la publicit\u00e9<\/p>\n<p>\u00c0 53 ans, on peut dire que <a href=\"https:\/\/www.purepeople.com\/people\/jean-dujardin_p465\" rel=\"nofollow noopener\" target=\"_blank\">Jean Dujardin<\/a> est un homme aux multiples facettes. L\u2019acteur et r\u00e9alisateur fran\u00e7ais revient <strong>sur le devant de la sc\u00e8ne dans le film <\/strong><strong>L\u2019Homme qui r\u00e9tr\u00e9cit<\/strong>, attendu dans les salles de cin\u00e9ma le 29 octobre 2025. Une \u0153uvre cin\u00e9matographique qui n\u2019h\u00e9site pas \u00e0 explorer <strong>des th\u00e8mes chers au c\u0153ur du p\u00e8re de famille<\/strong>.\u00a0<\/p>\n<p>Car oui, Jean Dujardin n\u2019est pas seulement l\u2019interpr\u00e8te \u00e0 la fois grave et hilarant que l\u2019on a l\u2019habitude de voir \u00e0 l\u2019\u00e9cran. Ce dernier est \u00e9galement un <a href=\"https:\/\/www.purepeople.com\/article\/mes-deux-grands-dun-cote-et-mes-deux-petites-de-lautre-jean-dujardin-parle-de-sa-vie-de-papa-et-de-ses-filles-quil-a-eues-avec-nathalie-pechalat_a543381\/1\" rel=\"nofollow noopener\" target=\"_blank\">p\u00e8re de famille tr\u00e8s investi<\/a>. Dans une interview accord\u00e9e \u00e0 nos confr\u00e8res de Paris Match, le com\u00e9dien est revenu sur cette dimension intime et familiale de sa vie. \u201cC&rsquo;est le sens m\u00eame de l&rsquo;existence. Je serai papa toute ma vie\u201d, a-t-il d\u00e9clar\u00e9 \u00e0 ce sujet. <strong>Un r\u00f4le bien loin de l\u2019image que l\u2019on tente parfois de lui donner<\/strong> : celle du f\u00eatard inv\u00e9t\u00e9r\u00e9. Nos confr\u00e8res ont justement abord\u00e9 ce c\u00f4t\u00e9 de sa personnalit\u00e9. Mais tr\u00e8s rapidement, Jean Dujardin a souhait\u00e9 mettre les choses au clair. \u201cJe n\u2019ai jamais \u00e9t\u00e9 un oiseau de nuit. Pas plus qu\u2019un autre. Je ne me drogue pas, je m\u2019amuse normalement, je rigole bien et basta ! <strong>Les rumeurs et les bruits de couloir vont plus vite que mo<\/strong>i, mais si ceux qui les font courir savaient\u2026<strong> Ils seraient d\u00e9\u00e7us<\/strong>\u201d, s\u2019est-il exclam\u00e9.<br \/>\u00a0<\/p>\n<p>Jean Dujardin vit avec son temps<\/p>\n<p>Jean Dujardin s\u2019est amus\u00e9 par le pass\u00e9. N\u00e9anmoins, cela ne veut pas forc\u00e9ment dire que l\u2019acteur de 53 ans est un <a href=\"https:\/\/www.purepeople.com\/article\/jean-dujardin-reapparait-en-soiree-le-pere-des-filles-de-nathalie-pechalat-celebre-une-autre-passion-que-le-cinema-avec-philippe-caveriviere_a542875\/1\" rel=\"nofollow noopener\" target=\"_blank\">f\u00eatard confirm\u00e9<\/a>. Quand il a du temps libre, ce dernier pr\u00e9f\u00e8re, \u00e0 pr\u00e9sent, profiter de ses enfants et du reste de sa famille. Comme <a href=\"https:\/\/www.purepeople.com\/article\/-la-pente-elle-est-raide-jean-dujardin-en-difficulte-apres-brice-de-nice-un-celebre-acteur-l-a-defendu_a506233\/1\" rel=\"nofollow noopener\" target=\"_blank\">l\u2019interpr\u00e8te de Brice de Nice<\/a> l\u2019explique, il n\u2019a pas peur de vieillir. Il se dit m\u00eame<strong> moins angoiss\u00e9<\/strong> que certains potes \u201cpar le temps qui passe\u201d. \u201c<strong>Je constate quelques changements<\/strong>, comme un poil blanc que j\u2019avais rat\u00e9 la veille, mais bizarrement, ce n\u2019est pas \u00e7a qui m\u2019inqui\u00e8te\u201d, a-t-il confi\u00e9. Certes, Jean Dujardin vit en fonction de son \u00e2ge, mais <strong>celui-ci ne veut surtout pas <\/strong><strong>\u201cperdre l\u2019enfance\u201d et \u201cfaire rentrer le vieux en [lui]\u201d<\/strong>.<\/p>\n","protected":false},"excerpt":{"rendered":"Par Louise Martin | R\u00e9dactrice Koh Lanta, Les Marseillais mais aussi Mari\u00e9s au Premier regards\u2026 Louise Martin est&hellip;\n","protected":false},"author":2,"featured_media":451368,"comment_status":"","ping_status":"","sticky":false,"template":"","format":"standard","meta":{"footnotes":""},"categories":[1359],"tags":[58,59,1011,27,973],"class_list":{"0":"post-451367","1":"post","2":"type-post","3":"status-publish","4":"format-standard","5":"has-post-thumbnail","7":"category-people","8":"tag-divertissement","9":"tag-entertainment","10":"tag-fr","11":"tag-france","12":"tag-people"},"share_on_mastodon":{"url":"https:\/\/pubeurope.com\/@fr\/115347295719478333","error":""},"_links":{"self":[{"href":"https:\/\/www.europesays.com\/fr\/wp-json\/wp\/v2\/posts\/451367","targetHints":{"allow":["GET"]}}],"collection":[{"href":"https:\/\/www.europesays.com\/fr\/wp-json\/wp\/v2\/posts"}],"about":[{"href":"https:\/\/www.europesays.com\/fr\/wp-json\/wp\/v2\/types\/post"}],"author":[{"embeddable":true,"href":"https:\/\/www.europesays.com\/fr\/wp-json\/wp\/v2\/users\/2"}],"replies":[{"embeddable":true,"href":"https:\/\/www.europesays.com\/fr\/wp-json\/wp\/v2\/comments?post=451367"}],"version-history":[{"count":0,"href":"https:\/\/www.europesays.com\/fr\/wp-json\/wp\/v2\/posts\/451367\/revisions"}],"wp:featuredmedia":[{"embeddable":true,"href":"https:\/\/www.europesays.com\/fr\/wp-json\/wp\/v2\/media\/451368"}],"wp:attachment":[{"href":"https:\/\/www.europesays.com\/fr\/wp-json\/wp\/v2\/media?parent=451367"}],"wp:term":[{"taxonomy":"category","embeddable":true,"href":"https:\/\/www.europesays.com\/fr\/wp-json\/wp\/v2\/categories?post=451367"},{"taxonomy":"post_tag","embeddable":true,"href":"https:\/\/www.europesays.com\/fr\/wp-json\/wp\/v2\/tags?post=451367"}],"curies":[{"name":"wp","href":"https:\/\/api.w.org\/{rel}","templated":true}]}}