{"id":451369,"date":"2025-10-10T01:33:35","date_gmt":"2025-10-10T01:33:35","guid":{"rendered":"https:\/\/www.europesays.com\/fr\/451369\/"},"modified":"2025-10-10T01:33:35","modified_gmt":"2025-10-10T01:33:35","slug":"a-paris-une-expo-gratuite-pour-louverture-de-la-maison-des-mondes-africains","status":"publish","type":"post","link":"https:\/\/www.europesays.com\/fr\/451369\/","title":{"rendered":"\u00c0 Paris, une expo gratuite pour l&rsquo;ouverture de la Maison des mondes africains"},"content":{"rendered":"<p class=\"editor-content__paragraph\">Longtemps, l\u2019incertitude a r\u00e9gn\u00e9. Depuis la promesse d\u2019Emmanuel Macron en 2021, la <strong>Maison des mondes africains<\/strong> (MansA) a envisag\u00e9 de s\u2019installer dans les anciens locaux de la fondation Cartier, boulevard Raspail, <a href=\"https:\/\/www.beauxarts.com\/grand-format\/la-monnaie-de-paris-futur-ecrin-dune-maison-des-mondes-africains\/\" target=\"_blank\" rel=\"noopener\">au sein de la Monnaie de Paris, quai Conti<\/a>\u2026 Finalement, c\u2019est dans <strong>un ancien atelier de couture du 10e arrondissement<\/strong> qu\u2019elle a ouvert ses portes le 4\u00a0octobre, d\u00e9voilant<strong> un espace de 800\u00a0m2<\/strong>\u00a0sur trois \u00e9tages, revu par les jeunes architectes Meriem Chabani et M\u00e9lissa Dyminat. Enfin\u00a0!<\/p>\n<p class=\"editor-content__paragraph\">Si cet emplacement est <strong>provisoire<\/strong> \u2013 elle restera deux ans dans ce quartier populaire de la capitale, nettement moins bourgeois que ceux qui avaient d\u2019abord \u00e9t\u00e9 envisag\u00e9s \u2013, <strong>la MansA<\/strong> ne boude pas son plaisir d\u2019avoir trouv\u00e9 un toit. Celle-ci ouvre ses portes avec une <strong>exposition-installation d\u2019une artiste \u00e9mergente, Roxane Mbanga<\/strong>, 29\u00a0ans, laquelle a pris au pied de la lettre la notion de \u00ab\u00a0maison\u00a0\u00bb pour imaginer la sienne, et <strong>donner naissance \u00e0 un refuge<\/strong>, un \u00ab\u00a0environnement enveloppant o\u00f9 les corps non-blancs se retrouvent un peu chez eux\u00a0\u00bb, afin de \u00ab\u00a0faire de la place \u00e0 ceux qui n\u2019en ont jamais eu\u00a0\u00bb, a-t-elle expliqu\u00e9 lors de la visite inaugurale.<\/p>\n<p>Une exposition inaugurale aussi intime qu\u2019universelle<\/p>\n<p class=\"editor-content__paragraph\">Pour ce faire, l\u2019artiste a travaill\u00e9 durant trois semaines <strong>dans un atelier au sous-sol du b\u00e2timent<\/strong>, que l\u2019on peut visiter pour y voir ses outils, ses notes et autres \u0153uvres en cours, l\u2019artiste restant sur place jusqu\u2019\u00e0 la fin de l\u2019exposition. Entour\u00e9e d\u2019une \u00e9quipe d\u2019une quinzaine de personnes, elle s\u2019est empar\u00e9e ici du moindre centim\u00e8tre carr\u00e9 disponible \u2013 avec, au sol, <strong>des tapis<\/strong>\u00a0; au mur, de <strong>grands portraits textiles de sa grand-m\u00e8re, de sa m\u00e8re<\/strong> et d\u2019elle-m\u00eame. Dans des cadres diss\u00e9min\u00e9s ici et l\u00e0, on observe des <strong>photos de famille<\/strong>\u00a0; et, dans la biblioth\u00e8que de la MansA, des<strong> livres<\/strong> venus de sa propre collection se glissent parmi ceux de la jeune institution.<\/p>\n<p>    <img loading=\"lazy\" decoding=\"async\" class=\"image__img\" src=\"https:\/\/www.europesays.com\/fr\/wp-content\/uploads\/2025\/10\/webmariette-kouame_mansa_2025_roxane-mbanga-en-atelier-dans-les-locaux-de-mansa_preparation-de-l_exp.jpeg\" alt=\"Roxane Mbanga dans les locaux de la Maison des mondes africains pour la pre\u0301paration de l\u2019exposition \u00ab\u00a0NOIRES\u00a0\u00bb\" width=\"964\" height=\"643\"\/><\/p>\n<p>Roxane Mbanga dans les locaux de la Maison des mondes africains pour la pre\u0301paration de l\u2019exposition \u00ab\u00a0NOIRES\u00a0\u00bb, 2025<\/p>\n<p>    i<\/p>\n<p class=\"legende__cartel\">\u00a9 Mariette Kouame \/ MansA<\/p>\n<p class=\"editor-content__paragraph\">L\u2019atmosph\u00e8re est douce, domestique, accueillante. On a d\u2019embl\u00e9e envie de s\u2019asseoir pour <strong>bouquiner<\/strong>, de revenir pour<strong> y laisser jouer les enfants<\/strong> (des jeux de soci\u00e9t\u00e9 africains dits mancalas sont disponibles, en plus des bandes dessin\u00e9es, de romans et de livres d\u2019art)\u2026 Pour autant, il y a beaucoup \u00e0 voir. L\u2019artiste a profit\u00e9 de sa r\u00e9sidence entre ces murs pour <strong>revisiter \u00ab\u00a0en profondeur certaines techniques<\/strong>, comme celles du <strong>batik<\/strong>\u00a0\u00bb, une teinture \u00e0 la cire qu\u2019elle a utilis\u00e9e pour colorer les <strong>grands pans textiles<\/strong> qui ornent l\u2019espace d\u00e8s l\u2019entr\u00e9e. Elle a aussi r\u00e9parti dans l\u2019espace des <strong>archives vid\u00e9o autour des femmes<\/strong> au sein du mouvement Coup\u00e9-D\u00e9cal\u00e9 en C\u00f4te d\u2019Ivoire.<\/p>\n<p>        \u00c0 lire aussi :<br \/>\n        <a class=\"renvoi-explicite__link\" href=\"https:\/\/www.beauxarts.com\/expos\/5-expositions-gratuites-a-voir-en-octobre-a-lille-le-mans-rennes-metz\/\" target=\"_blank\" rel=\"noopener\">5 expositions gratuites \u00e0 voir en octobre \u00e0 Lille, Le Mans, Rennes, Metz\u2026<\/a><\/p>\n<p>Un espace d\u00e9cloisonn\u00e9<\/p>\n<p class=\"editor-content__paragraph\">Outre l\u2019exposition, la MansA \u2013 dont le nom et le logo en couronne ont \u00e9t\u00e9 choisis en hommage au roi du Mali Mansa Musa \u2013 r\u00e9v\u00e8le pour son ouverture un<strong> espace d\u00e9cloisonn\u00e9<\/strong>, dans tous les sens du terme, o\u00f9 s\u2019encha\u00eeneront les<strong> lectures<\/strong>, les <strong>expos<\/strong> (toujours courtes), les <strong>concerts<\/strong>, les <strong>conf\u00e9rences<\/strong>, et d\u2019o\u00f9 l\u2019on aper\u00e7oit l\u2019\u00e9quipe travailler \u00e0 l\u2019\u00e9tage\u2026 Le sous-sol, quant \u00e0 lui, se transformera dans les prochaines semaines en <strong>incubateur<\/strong>, h\u00e9bergeant \u00ab\u00a012\u00a0projets autour des mondes africains\u00a0\u00bb (mode, m\u00e9dias, podcast\u2026), nous explique Imane Leh\u00e9rissier, charg\u00e9e de programmation.<\/p>\n<p>    <img loading=\"lazy\" decoding=\"async\" class=\"image__img\" src=\"https:\/\/www.europesays.com\/fr\/wp-content\/uploads\/2025\/10\/webmariette-kouame_mansa_2025_portrait-de-elizabeth-liz-gomis-964x1285.jpg\" alt=\"Portrait de Elizabeth (Liz) Gomis\" width=\"964\" height=\"1285\"\/><\/p>\n<p>Portrait de Elizabeth (Liz) Gomis, 2025<\/p>\n<p>    i<\/p>\n<p class=\"editor-content__paragraph\">Dans cette maison qui r\u00e9ussit le pari d\u2019\u00eatre \u00e0 la fois tr\u00e8s <strong>accueillante<\/strong> (le choix de l\u2019artiste y est pour beaucoup) et engag\u00e9e, on sent aussi nettement la personnalit\u00e9 forte et d\u00e9termin\u00e9e de <strong>sa fondatrice Liz Gomis<\/strong>, journaliste et r\u00e9alisatrice de documentaires comme Africa Riding sur Arte. Laquelle pr\u00e9cise la <strong>double mission<\/strong>, d\u00e9j\u00e0 bien affirm\u00e9e, du lieu, entre soin des blessures et joie pure d\u2019exister, de <strong>nouer fiert\u00e9 et inventivit\u00e9<\/strong>\u00a0: \u00ab\u00a0Transmettre, non plus seulement des traumas, mais des forces. Ne pas nommer les br\u00e8ches et les absences, mais les faire <strong>rena\u00eetre par la cr\u00e9ation contemporaine<\/strong> vivante, puissante et indocile.\u00a0\u00bb<\/p>\n<p>  Arrow<\/p>\n<p>Roxane Mbanga. Noires<\/p>\n<p>Du 4 octobre 2025 au 26 octobre 2025<\/p>\n<p class=\"url-expo\"><a href=\"https:\/\/www.billetweb.fr\/noires-roxane-mbanga\" target=\"_blank\" rel=\"noopener\">www.billetweb.fr<\/a><\/p>\n<p class=\"annexe-content__infos\">MansA &#8211; Maison des mondes africains \u2022 26 Rue Jacques Louvel-Tessier \u2022 75010 Paris<br \/><a href=\"https:\/\/www.instagram.com\/maisonmondesafricains\/?hl=fr\" target=\"_blank\" rel=\"noopener\">www.instagram.com<\/a><\/p>\n<p>        \u00c0 lire aussi :<br \/>\n        <a class=\"renvoi-explicite__link\" href=\"https:\/\/www.beauxarts.com\/grand-format\/de-la-france-au-japon-les-nouveaux-musees-les-plus-spectaculaires-du-monde\/\" target=\"_blank\" rel=\"noopener\">De la France au Japon, les nouveaux mus\u00e9es les plus spectaculaires du monde !<\/a><\/p>\n<p><script async src=\"\/\/www.instagram.com\/embed.js\"><\/script><\/p>\n","protected":false},"excerpt":{"rendered":"Longtemps, l\u2019incertitude a r\u00e9gn\u00e9. Depuis la promesse d\u2019Emmanuel Macron en 2021, la Maison des mondes africains (MansA) a&hellip;\n","protected":false},"author":2,"featured_media":451370,"comment_status":"","ping_status":"","sticky":false,"template":"","format":"standard","meta":{"footnotes":""},"categories":[1358],"tags":[1396,1348,1384,1385,1386,58,59,1011,27,57689],"class_list":{"0":"post-451369","1":"post","2":"type-post","3":"status-publish","4":"format-standard","5":"has-post-thumbnail","7":"category-arts-et-design","8":"tag-art-contemporain","9":"tag-arts","10":"tag-arts-and-design","11":"tag-arts-et-design","12":"tag-design","13":"tag-divertissement","14":"tag-entertainment","15":"tag-fr","16":"tag-france","17":"tag-mansa-maison-des-mondes-africains"},"share_on_mastodon":{"url":"https:\/\/pubeurope.com\/@fr\/115347299283967015","error":""},"_links":{"self":[{"href":"https:\/\/www.europesays.com\/fr\/wp-json\/wp\/v2\/posts\/451369","targetHints":{"allow":["GET"]}}],"collection":[{"href":"https:\/\/www.europesays.com\/fr\/wp-json\/wp\/v2\/posts"}],"about":[{"href":"https:\/\/www.europesays.com\/fr\/wp-json\/wp\/v2\/types\/post"}],"author":[{"embeddable":true,"href":"https:\/\/www.europesays.com\/fr\/wp-json\/wp\/v2\/users\/2"}],"replies":[{"embeddable":true,"href":"https:\/\/www.europesays.com\/fr\/wp-json\/wp\/v2\/comments?post=451369"}],"version-history":[{"count":0,"href":"https:\/\/www.europesays.com\/fr\/wp-json\/wp\/v2\/posts\/451369\/revisions"}],"wp:featuredmedia":[{"embeddable":true,"href":"https:\/\/www.europesays.com\/fr\/wp-json\/wp\/v2\/media\/451370"}],"wp:attachment":[{"href":"https:\/\/www.europesays.com\/fr\/wp-json\/wp\/v2\/media?parent=451369"}],"wp:term":[{"taxonomy":"category","embeddable":true,"href":"https:\/\/www.europesays.com\/fr\/wp-json\/wp\/v2\/categories?post=451369"},{"taxonomy":"post_tag","embeddable":true,"href":"https:\/\/www.europesays.com\/fr\/wp-json\/wp\/v2\/tags?post=451369"}],"curies":[{"name":"wp","href":"https:\/\/api.w.org\/{rel}","templated":true}]}}