{"id":451374,"date":"2025-10-10T01:36:22","date_gmt":"2025-10-10T01:36:22","guid":{"rendered":"https:\/\/www.europesays.com\/fr\/451374\/"},"modified":"2025-10-10T01:36:22","modified_gmt":"2025-10-10T01:36:22","slug":"la-chanteuse-rose-raconte-sa-descente-aux-enfers-et-comment-lamour-de-son-fils-la-sauvee","status":"publish","type":"post","link":"https:\/\/www.europesays.com\/fr\/451374\/","title":{"rendered":"La chanteuse Rose raconte sa descente aux enfers et comment l&rsquo;amour de son fils l&rsquo;a sauv\u00e9e"},"content":{"rendered":"<p>\u00c0 l&rsquo;aube de la sortie de plusieurs de ses projets, dont un nouvel album et un livre, Rose se confie ce jeudi 9 octobre sur sa longue descente aux enfers apr\u00e8s le succ\u00e8s de son premier opus comportant le single La liste, son plus grand succ\u00e8s.<\/p>\n<p>C&rsquo;est gr\u00e2ce \u00e0 la musique que le grand public d\u00e9couvre Rose, 28 ans, auteur-compositeur-interpr\u00e8te d&rsquo;une ballade jou\u00e9e \u00e0 la guitare : La liste. Une chanson qui conquiert les charts en 2006 permettant ainsi \u00e0 la chanteuse de go\u00fbter \u00e0 un succ\u00e8s inesp\u00e9r\u00e9. Il faut dire que le morceau est inspir\u00e9 d&rsquo;une banale fin d&rsquo;histoire d&rsquo;amour. Et c&rsquo;est d&rsquo;ailleurs gr\u00e2ce \u00e0 son compagnon de l&rsquo;\u00e9poque que l&rsquo;artiste maquette son \u00e9bauche. La c\u00e9l\u00e9brit\u00e9 lui tendant les bras, <a href=\"https:\/\/www.programme-tv.net\/news\/musique\/276488-que-devient-la-chanteuse-rose\/\" data-api-deeplink=\"teleloisirs:\/\/news\/276488\" target=\"_blank\" rel=\"noopener\">l&rsquo;ex-institutrice <\/a>remplace ses copies et stylo par des verres pas vraiment remplis de menthe \u00e0 l&rsquo;eau&#8230;<\/p>\n<p>Rose face \u00e0 ses d\u00e9mons : La chanteuse se confie sur le c\u00f4t\u00e9 sombre de la c\u00e9l\u00e9brit\u00e9<\/p>\n<p>Malgr\u00e9 le triomphe rencontr\u00e9 avec<a href=\"https:\/\/www.programme-tv.net\/news\/tv\/273659-jai-sabote-pas-mal-de-choses-la-chanteuse-rose-evoque-les-lourdes-consequences-de-son-addiction-a-la-cocaine-sur-sa-carriere-video\/\" data-api-deeplink=\"teleloisirs:\/\/news\/273659\" target=\"_blank\" rel=\"noopener\"> ce premier album<\/a> et une ribambelle de bonnes opportunit\u00e9s comme des concerts dans toute la France et m\u00eame quelques premi\u00e8res parties de ses pairs, Rose se perd dans l&rsquo;alcool et la drogue lors de f\u00eates. \u00ab\u00a0De plus en plus fort, de plus en plus longtemps. <b>On me presse comme un citron. Je picole beaucoup et je d\u00e9couvre la coca\u00efne qui me permet de tenir plus longtemps<\/b>\u00ab\u00a0, explique celle qui sort son sixi\u00e8me opus Rose Movie ce vendredi 10 octobre 2025. Dans les colonnes du <a href=\"https:\/\/www.leparisien.fr\/culture-loisirs\/musique\/je-picole-beaucoup-je-decouvre-la-cocaine-la-chanteuse-rose-raconte-ses-annees-noires-apres-la-liste-09-10-2025-LYJWBGZCI5DRDDOSEHJL4ZRRIU.php\" target=\"_blank\" rel=\"noopener\">Parisien<\/a>, elle confie d&rsquo;ailleurs avoir beaucoup d&rsquo;exp\u00e9riences \u00e0 raconter, voil\u00e0 pourquoi son projet se d\u00e9cline \u00e9galement en spectacle (\u00e0 d\u00e9couvrir d\u00e8s le 13 octobre au th\u00e9\u00e2tre de l&rsquo;atelier \u00e0 Paris), mais aussi en livre \u00e9ponyme (\u00e0 para\u00eetre 16 octobre aux \u00e9ditions Eyrolles). Car Rose met du temps \u00e0 remonter la pente apr\u00e8s cette lente descente aux enfers&#8230; <a href=\"https:\/\/www.programme-tv.net\/news\/people\/378975-ma-femme-m-a-dit-je-vais-te-quitter-olivier-delacroix-revele-pour-la-premiere-fois-avoir-ete-accro-a-l-heroine-pendant-25-ans\/\" data-api-deeplink=\"teleloisirs:\/\/news\/378975\" target=\"_blank\" rel=\"noopener\">H\u00f4tesse du podcast Contre-addictions<\/a>, la quadrag\u00e9naire a d\u00e9j\u00e0 racont\u00e9 des bribes de son travail de reconstruction jusqu&rsquo;\u00e0 l&rsquo;arriv\u00e9e d&rsquo;un homme dans sa vie en 2017. \u00ab\u00a0Je sortais de l&rsquo;h\u00f4pital et j&rsquo;avais deux choix : soit j&rsquo;arr\u00eatais tout pour de bon, je disparaissais, mais je laissais un enfant, soit je me ressaisissais avec l&rsquo;envie de vivre. Avoir eu envie de mourir est une chance parce qu&rsquo;on reprend possession de sa vie\u00a0\u00bb, conc\u00e8de<a href=\"https:\/\/www.programme-tv.net\/news\/people\/320361-je-narrivais-plus-a-etre-maman-rose-se-confie-sur-ses-addictions-et-les-consequences-dans-son-quotidien-pour-son-fils\/\" data-api-deeplink=\"teleloisirs:\/\/news\/320361\" target=\"_blank\" rel=\"noopener\"> la maman d&rsquo;un adolescent de 14 ans<\/a>.<\/p>\n<p>                        Rose, fi\u00e8re de sa reconstruction<\/p>\n<p>D\u00e9sormais sobre, Rose continue de se livrer dans son podcast, dont un num\u00e9ro sort chaque semaine. \u00ab\u00a0Tout devient lumineux une fois qu&rsquo;on a la conscience de ce qui nous nourrit et ce qui nous d\u00e9truit\u00a0\u00bb, analyse-t-elle aupr\u00e8s de nos confr\u00e8res.<\/p>\n","protected":false},"excerpt":{"rendered":"\u00c0 l&rsquo;aube de la sortie de plusieurs de ses projets, dont un nouvel album et un livre, Rose&hellip;\n","protected":false},"author":2,"featured_media":451375,"comment_status":"","ping_status":"","sticky":false,"template":"","format":"standard","meta":{"footnotes":""},"categories":[1355],"tags":[6654,244,58,59,1011,27,1361,873,4940],"class_list":{"0":"post-451374","1":"post","2":"type-post","3":"status-publish","4":"format-standard","5":"has-post-thumbnail","7":"category-musique","8":"tag-addiction","9":"tag-commentaire","10":"tag-divertissement","11":"tag-entertainment","12":"tag-fr","13":"tag-france","14":"tag-music","15":"tag-musique","16":"tag-rose"},"share_on_mastodon":{"url":"https:\/\/pubeurope.com\/@fr\/115347310945011129","error":""},"_links":{"self":[{"href":"https:\/\/www.europesays.com\/fr\/wp-json\/wp\/v2\/posts\/451374","targetHints":{"allow":["GET"]}}],"collection":[{"href":"https:\/\/www.europesays.com\/fr\/wp-json\/wp\/v2\/posts"}],"about":[{"href":"https:\/\/www.europesays.com\/fr\/wp-json\/wp\/v2\/types\/post"}],"author":[{"embeddable":true,"href":"https:\/\/www.europesays.com\/fr\/wp-json\/wp\/v2\/users\/2"}],"replies":[{"embeddable":true,"href":"https:\/\/www.europesays.com\/fr\/wp-json\/wp\/v2\/comments?post=451374"}],"version-history":[{"count":0,"href":"https:\/\/www.europesays.com\/fr\/wp-json\/wp\/v2\/posts\/451374\/revisions"}],"wp:featuredmedia":[{"embeddable":true,"href":"https:\/\/www.europesays.com\/fr\/wp-json\/wp\/v2\/media\/451375"}],"wp:attachment":[{"href":"https:\/\/www.europesays.com\/fr\/wp-json\/wp\/v2\/media?parent=451374"}],"wp:term":[{"taxonomy":"category","embeddable":true,"href":"https:\/\/www.europesays.com\/fr\/wp-json\/wp\/v2\/categories?post=451374"},{"taxonomy":"post_tag","embeddable":true,"href":"https:\/\/www.europesays.com\/fr\/wp-json\/wp\/v2\/tags?post=451374"}],"curies":[{"name":"wp","href":"https:\/\/api.w.org\/{rel}","templated":true}]}}