{"id":451388,"date":"2025-10-10T01:44:19","date_gmt":"2025-10-10T01:44:19","guid":{"rendered":"https:\/\/www.europesays.com\/fr\/451388\/"},"modified":"2025-10-10T01:44:19","modified_gmt":"2025-10-10T01:44:19","slug":"jordan-bardella-et-francois-xavier-bellamy-ont-vote-la-censure-contre-ursula-von-der-leyen","status":"publish","type":"post","link":"https:\/\/www.europesays.com\/fr\/451388\/","title":{"rendered":"Jordan Bardella et Fran\u00e7ois-Xavier Bellamy ont vot\u00e9 la censure contre Ursula von\u00a0der\u00a0Leyen"},"content":{"rendered":"<p>C\u2019est un changement de pied pour cette d\u00e9l\u00e9gation fran\u00e7aise. Les eurod\u00e9put\u00e9s de la droite fran\u00e7aise ont soutenu jeudi la <a href=\"https:\/\/www.20minutes.fr\/politique\/4178208-20251009-union-europeenne-menacee-censure-ursula-von-der-leyen-sauve-tete-rassure\" class=\"c-link c-link--is-underlined\" target=\"_blank\" rel=\"noopener\">motion de censure<\/a> d\u00e9pos\u00e9e par l\u2019<a href=\"https:\/\/www.20minutes.fr\/dossier\/extreme_droite\" class=\"c-link c-link--is-underlined\" target=\"_blank\" rel=\"noopener\">extr\u00eame droite<\/a> de <a href=\"https:\/\/www.20minutes.fr\/politique\/jordan-bardella\/\" class=\"c-link c-link--is-underlined\" target=\"_blank\" rel=\"noopener\">Jordan Bardella<\/a> contre <a href=\"https:\/\/www.20minutes.fr\/politique\/ursula-von-der-leyen\/\" class=\"c-link c-link--is-underlined\" target=\"_blank\" rel=\"noopener\">Ursula von\u00a0der\u00a0Leyen.<\/a><\/p>\n<p><a href=\"https:\/\/www.20minutes.fr\/politique\/francois-xavier-bellamy\/\" class=\"c-link c-link--is-underlined\" target=\"_blank\" rel=\"noopener\">Fran\u00e7ois-Xavier Bellamy<\/a>, vice-pr\u00e9sident des <a href=\"https:\/\/www.20minutes.fr\/politique\/lr\/\" class=\"c-link c-link--is-underlined\" target=\"_blank\" rel=\"noopener\">LR<\/a>, Laurent Castillo, Christophe Gomart, et C\u00e9line Imart sont les seuls \u00e9lus de la droite europ\u00e9enne (groupe PPE) \u00e0 avoir soutenu cette tentative de censure contre la pr\u00e9sidente de la Commission, elle-m\u00eame issue de la droite.<\/p>\n<p>Marquer son opposition \u00e0 l\u2019accord commercial avec les pays du Mercosur<\/p>\n<p>Lors d\u2019une pr\u00e9c\u00e9dente tentative pour faire chuter Ursula von\u00a0der\u00a0Leyen, initi\u00e9e par d\u2019autres \u00e9lus d\u2019extr\u00eame droite en juillet, la d\u00e9l\u00e9gation fran\u00e7aise lui avait apport\u00e9 son soutien. Fran\u00e7ois-Xavier Bellamy a expliqu\u00e9 avoir voulu marquer son opposition \u00e0 l\u2019accord commercial avec les pays du Mercosur. La motion de censure des Patriotes \u00ab\u00a0invoquait le Mercosur, et le n\u00e9cessaire respect de nos parlements nationaux dans le processus de ratification de cet accord commercial\u00a0\u00bb, a-t-il soulign\u00e9.<\/p>\n<\/p>\n<p>\u00ab\u00a0Cette motion [\u2026] n\u2019avait aucune chance de passer, nous ne pouvions pour autant \u00eatre en contradiction avec les engagements pris pendant notre campagne, et le combat que nous menons sans rel\u00e2che en particulier pour prot\u00e9ger nos agriculteurs\u00a0\u00bb, a ajout\u00e9 l\u2019eurod\u00e9put\u00e9.<\/p>\n<p><a href=\"https:\/\/www.20minutes.fr\/dossier\/commission_europeenne\" class=\"c-link c-btn c-btn--primary\" target=\"_blank\" rel=\"noopener\">Tous nos articles sur la Commission europ\u00e9enne<\/a><\/p>\n<p>\u00ab\u00a0Seule la coh\u00e9rence de nos engagements sur le fond d\u00e9termine nos votes. [\u2026] Nous restons totalement engag\u00e9s pour faire avancer le programme que nous portons au sein du PPE au Parlement europ\u00e9en\u00a0\u00bb, a conclu Fran\u00e7ois-Xavier Bellamy.<\/p>\n<p>D\u00e9pos\u00e9e par le groupe de Jordan Bardella (Les Patriotes), la motion de censure d\u2019extr\u00eame droite a \u00e9t\u00e9 largement rejet\u00e9e jeudi, avec 179 voix pour, 378 voix contre et 37 abstentions.<\/p>\n","protected":false},"excerpt":{"rendered":"C\u2019est un changement de pied pour cette d\u00e9l\u00e9gation fran\u00e7aise. Les eurod\u00e9put\u00e9s de la droite fran\u00e7aise ont soutenu jeudi&hellip;\n","protected":false},"author":2,"featured_media":451389,"comment_status":"","ping_status":"","sticky":false,"template":"","format":"standard","meta":{"footnotes":""},"categories":[4],"tags":[47,11,2196,6592,1076,1011,27,41135,1077,8335,26542,12,8552,316,2556,25,2544],"class_list":{"0":"post-451388","1":"post","2":"type-post","3":"status-publish","4":"format-standard","5":"has-post-thumbnail","7":"category-france","8":"tag-actualite","9":"tag-actualites","10":"tag-commission-europeenne","11":"tag-droite","12":"tag-extreme-droite","13":"tag-fr","14":"tag-france","15":"tag-francois-xavier-bellamy","16":"tag-jordan-bardella","17":"tag-les-republicains-lr","18":"tag-motion-de-censure","19":"tag-news","20":"tag-parlement-europeen","21":"tag-politique","22":"tag-rassemblement-national-rn","23":"tag-republique-francaise","24":"tag-ursula-von-der-leyen"},"share_on_mastodon":{"url":"https:\/\/pubeurope.com\/@fr\/115347342213223152","error":""},"_links":{"self":[{"href":"https:\/\/www.europesays.com\/fr\/wp-json\/wp\/v2\/posts\/451388","targetHints":{"allow":["GET"]}}],"collection":[{"href":"https:\/\/www.europesays.com\/fr\/wp-json\/wp\/v2\/posts"}],"about":[{"href":"https:\/\/www.europesays.com\/fr\/wp-json\/wp\/v2\/types\/post"}],"author":[{"embeddable":true,"href":"https:\/\/www.europesays.com\/fr\/wp-json\/wp\/v2\/users\/2"}],"replies":[{"embeddable":true,"href":"https:\/\/www.europesays.com\/fr\/wp-json\/wp\/v2\/comments?post=451388"}],"version-history":[{"count":0,"href":"https:\/\/www.europesays.com\/fr\/wp-json\/wp\/v2\/posts\/451388\/revisions"}],"wp:featuredmedia":[{"embeddable":true,"href":"https:\/\/www.europesays.com\/fr\/wp-json\/wp\/v2\/media\/451389"}],"wp:attachment":[{"href":"https:\/\/www.europesays.com\/fr\/wp-json\/wp\/v2\/media?parent=451388"}],"wp:term":[{"taxonomy":"category","embeddable":true,"href":"https:\/\/www.europesays.com\/fr\/wp-json\/wp\/v2\/categories?post=451388"},{"taxonomy":"post_tag","embeddable":true,"href":"https:\/\/www.europesays.com\/fr\/wp-json\/wp\/v2\/tags?post=451388"}],"curies":[{"name":"wp","href":"https:\/\/api.w.org\/{rel}","templated":true}]}}