{"id":451395,"date":"2025-10-10T01:48:52","date_gmt":"2025-10-10T01:48:52","guid":{"rendered":"https:\/\/www.europesays.com\/fr\/451395\/"},"modified":"2025-10-10T01:48:52","modified_gmt":"2025-10-10T01:48:52","slug":"nancy-des-policiers-alertent-la-population-sur-la-crise-de-linvestigation","status":"publish","type":"post","link":"https:\/\/www.europesays.com\/fr\/451395\/","title":{"rendered":"Nancy. Des policiers alertent la population sur la crise de l\u2019investigation"},"content":{"rendered":"<p>L\u2019appel au <a href=\"https:\/\/www.estrepublicain.fr\/faits-divers-justice\/2022\/11\/25\/police-l-investigation-en-securite-publique-est-en-grande-souffrance\" target=\"_blank\" rel=\"noopener\">secours de la fili\u00e8re investigation<\/a> ne date pas d\u2019aujourd\u2019hui. Mais plus les ann\u00e9es passent et plus la sp\u00e9cialit\u00e9 semble s\u2019enfoncer davantage dans la crise.\u00a0C\u2019est le constat sur le terrain du syndicat de police Un1t\u00e9 qui, ce mercredi 8\u00a0octobre, avait choisi d\u2019aller \u00e0 la rencontre de la population nanc\u00e9ienne. Pour lui exposer ses difficult\u00e9s \u00e0 ciel ouvert. Avec distribution d\u2019un tract intitul\u00e9 \u00ab\u00a0Victime abandonn\u00e9e, et si c\u2019\u00e9tait vous\u00a0?\u00a0\u00bb, car selon Un1t\u00e9, \u00ab\u00a0il manque au moins 2\u00a0000 enqu\u00eateurs au niveau national et plus de 3\u00a0millions de proc\u00e9dures sont en attente d\u2019\u00eatre trait\u00e9es\u00a0\u00bb, relaie R\u00e9gis Peiffer, porte-parole d\u2019Un1t\u00e9.<\/p>\n<p>La Meurthe-et-Moselle n\u2019est pas \u00e9pargn\u00e9e. \u00ab\u00a0Dans le d\u00e9partement, des milliers de plaintes sont en attente mais les enqu\u00eateurs croulent d\u00e9j\u00e0 sous les dossiers, sans parler de l\u2019urgence \u00e0 traiter. Ils n\u2019ont tout simplement pas de temps \u00e0 y consacrer\u00a0\u00bb, poursuit le syndicaliste. Si le temps manque, c\u2019est parce que \u00ab\u00a0les effectifs sont insuffisants, le mat\u00e9riel informatique obsol\u00e8te alors que les contraintes impos\u00e9es par le code de proc\u00e9dure p\u00e9nale sont toujours plus \u00e9crasantes. Le risque, c\u2019est que des plaintes pour des faits graves entrent dans les d\u00e9lais de prescription, sans que les victimes aient pu obtenir de r\u00e9ponse\u00a0\u00bb.<\/p>\n<p>  Plainte pour l\u2019assurance<\/p>\n<p>La <a href=\"https:\/\/www.estrepublicain.fr\/faits-divers-justice\/2025\/02\/23\/les-flics-d-investigation-sont-au-bout-du-rouleau-beaucoup-de-collegues-ont-envie-de-lacher\" target=\"_blank\" rel=\"noopener\">crise de l\u2019investigation<\/a> alimenterait la \u00ab\u00a0perte de confiance de la population envers les institutions police\/justice, avec des policiers qui s\u2019\u00e9puisent \u00e0 accomplir leurs missions avec les moyens du bord\u00a0\u00bb. \u00ab\u00a0Des gens renoncent parfois \u00e0 d\u00e9poser plainte car ils savent que \u00e7a ne donnera rien. Ce n\u2019est pas normal\u00a0!\u00a0\u00bb, constate David Didier, secr\u00e9taire d\u00e9partemental d\u2019Un1t\u00e9.<\/p>\n<p>\u00ab\u00a0Aujourd\u2019hui, on ne devrait pas d\u00e9poser plainte uniquement pour son assurance mais c\u2019est un fait et \u00e7a me r\u00e9volte car je ne suis pas entr\u00e9 dans la police pour voir \u00e7a\u00a0! On se doit d\u2019apporter une r\u00e9ponse \u00e0 nos concitoyens qui ne soit pas seulement un classement sans suite\u00a0\u00bb, mart\u00e8le un enqu\u00eateur. \u00ab\u00a0Le policier manque de tout, lutte avec ses petits moyens mais il s\u2019\u00e9puise\u00a0\u00bb. \u00ab\u00a0Oui, nous ne sommes que des humains\u00a0\u00bb, rebondit une enqu\u00eatrice, exc\u00e9d\u00e9e par des outils informatiques \u00ab\u00a0inadapt\u00e9s alors qu\u2019on nous demande d\u2019aller de plus en plus vite avec moins en moins de moyens. Il nous faut des effectifs, du temps et de l\u2019argent\u00a0! On ne traite pas un vol de voiture comme le viol d\u2019un enfant\u00a0\u00bb.<\/p>\n","protected":false},"excerpt":{"rendered":"L\u2019appel au secours de la fili\u00e8re investigation ne date pas d\u2019aujourd\u2019hui. Mais plus les ann\u00e9es passent et plus&hellip;\n","protected":false},"author":2,"featured_media":451396,"comment_status":"","ping_status":"","sticky":false,"template":"","format":"standard","meta":{"footnotes":""},"categories":[9635],"tags":[1111,11,271,272,1704,341,1777,674,274,1011,27,775,3457,1702,1703,12,25,801,104],"class_list":{"0":"post-451395","1":"post","2":"type-post","3":"status-publish","4":"format-standard","5":"has-post-thumbnail","7":"category-nancy","8":"tag-actu","9":"tag-actualites","10":"tag-crime","11":"tag-delit-et-contravention","12":"tag-edition-nancy-et-agglomeration","13":"tag-emploi","14":"tag-eu","15":"tag-europe","16":"tag-faits-divers-justice","17":"tag-fr","18":"tag-france","19":"tag-grand-est","20":"tag-meurthe-et-moselle","21":"tag-nancy","22":"tag-nancy-ville-54b","23":"tag-news","24":"tag-republique-francaise","25":"tag-social","26":"tag-societe"},"share_on_mastodon":{"url":"https:\/\/pubeurope.com\/@fr\/115347361865612746","error":""},"_links":{"self":[{"href":"https:\/\/www.europesays.com\/fr\/wp-json\/wp\/v2\/posts\/451395","targetHints":{"allow":["GET"]}}],"collection":[{"href":"https:\/\/www.europesays.com\/fr\/wp-json\/wp\/v2\/posts"}],"about":[{"href":"https:\/\/www.europesays.com\/fr\/wp-json\/wp\/v2\/types\/post"}],"author":[{"embeddable":true,"href":"https:\/\/www.europesays.com\/fr\/wp-json\/wp\/v2\/users\/2"}],"replies":[{"embeddable":true,"href":"https:\/\/www.europesays.com\/fr\/wp-json\/wp\/v2\/comments?post=451395"}],"version-history":[{"count":0,"href":"https:\/\/www.europesays.com\/fr\/wp-json\/wp\/v2\/posts\/451395\/revisions"}],"wp:featuredmedia":[{"embeddable":true,"href":"https:\/\/www.europesays.com\/fr\/wp-json\/wp\/v2\/media\/451396"}],"wp:attachment":[{"href":"https:\/\/www.europesays.com\/fr\/wp-json\/wp\/v2\/media?parent=451395"}],"wp:term":[{"taxonomy":"category","embeddable":true,"href":"https:\/\/www.europesays.com\/fr\/wp-json\/wp\/v2\/categories?post=451395"},{"taxonomy":"post_tag","embeddable":true,"href":"https:\/\/www.europesays.com\/fr\/wp-json\/wp\/v2\/tags?post=451395"}],"curies":[{"name":"wp","href":"https:\/\/api.w.org\/{rel}","templated":true}]}}