{"id":451399,"date":"2025-10-10T01:50:16","date_gmt":"2025-10-10T01:50:16","guid":{"rendered":"https:\/\/www.europesays.com\/fr\/451399\/"},"modified":"2025-10-10T01:50:16","modified_gmt":"2025-10-10T01:50:16","slug":"cet-ancien-sous-marin-nucleaire-sera-ouvert-au-public-a-toulon","status":"publish","type":"post","link":"https:\/\/www.europesays.com\/fr\/451399\/","title":{"rendered":"cet ancien sous-marin nucl\u00e9aire sera ouvert au public \u00e0 Toulon"},"content":{"rendered":"<p>            Par<br \/>\n        <strong><br \/>\n            <a href=\"https:\/\/actu.fr\/auteur\/guillemette-herve\" title=\"Consulter tous les articles de Agence de presse APEI\" rel=\"nofollow noopener\" target=\"_blank\">Agence de presse APEI<\/a><br \/>\n        <\/strong><\/p>\n<p>        Publi\u00e9 le<\/p>\n<p>            9 oct. 2025 \u00e0 10h47        <\/p>\n<p>\u00ab\u00a0Le Casabianca reviendra \u00e0 Toulon !\u00a0\u00bb Sur son compte <a href=\"https:\/\/www.facebook.com\/ychenevard83\/?locale=fr_FR\" rel=\"nofollow noopener\" target=\"_blank\">Facebook<\/a>, Yannick Chenevard est formel :\u00a0le Casabianca, <strong>ancien sous-marin nucl\u00e9aire<\/strong> d\u2019attaque, doit, dans quelques ann\u00e9es, rejoindre <a href=\"https:\/\/actu.fr\/provence-alpes-cote-d-azur\/toulon_83137\/seconde-guerre-mondiale-une-exposition-rend-hommage-aux-heros-du-var_63268556.html\" rel=\"nofollow noopener\" target=\"_blank\">Toulon<\/a> pour y \u00eatre ouvert au public.<\/p>\n<p>Un atout culturel et touristique<\/p>\n<p class=\" wall-content\">En d\u00e9placement \u00e0 Cherbourg, mardi 7 octobre 2025, le d\u00e9put\u00e9 du <a href=\"https:\/\/actu.fr\/provence-alpes-cote-d-azur\/la-londe-les-maures_83071\/exces-de-vitesse-les-gendarmes-du-var-interceptent-un-chauffeur-vtc_63269870.html\" rel=\"nofollow noopener\" target=\"_blank\">Var<\/a> indique que \u00ab\u00a0ce futur sous-marin mus\u00e9e sera non seulement un atout culturel et touristique, mais aussi <strong>un hommage vivant<\/strong> aux femmes et aux hommes qui consacrent, sous les mers, leur vie au service de la France\u00a0\u00bb.<\/p>\n<p class=\" wall-content\">Pour ce sous-marin charg\u00e9 d\u2019histoire, r\u00e9cemment retir\u00e9 du service actif, c\u2019est en quelque sorte un retour aux sources. \u00ab\u00a0Le Casabianca portera la m\u00e9moire des marins qui ont servi \u00e0 son bord et rappellera l\u2019h\u00e9ritage de <strong>son illustre pr\u00e9d\u00e9cesseur<\/strong> qui, en 1942, s\u2019\u00e9chappa de Toulon le jour du sabordage puis participa \u00e0 la lib\u00e9ration de la Corse et de la Provence\u00a0\u00bb, ajoute le d\u00e9put\u00e9.<\/p>\n<p class=\" wall-content\">Personnalisez votre actualit\u00e9 en ajoutant vos villes et m\u00e9dias en favori avec <a href=\"https:\/\/moncompte.actu.fr\" title=\"D\u00e9couvez Mon Actu\" rel=\"nofollow noopener\" data-trk=\"{&quot;cta&quot;:{&quot;action&quot;:&quot;https:\\\/\\\/moncompte.actu.fr&quot;,&quot;category&quot;:&quot;mon compte&quot;,&quot;from&quot;:&quot;article footer&quot;,&quot;name&quot;:&quot;Mon actu&quot;,&quot;type&quot;:&quot;cta&quot;}}\" target=\"_blank\">Mon Actu<\/a>.<\/p>\n","protected":false},"excerpt":{"rendered":"Par Agence de presse APEI Publi\u00e9 le 9 oct. 2025 \u00e0 10h47 \u00ab\u00a0Le Casabianca reviendra \u00e0 Toulon !\u00a0\u00bb&hellip;\n","protected":false},"author":2,"featured_media":451400,"comment_status":"","ping_status":"","sticky":false,"template":"","format":"standard","meta":{"footnotes":""},"categories":[9619],"tags":[1111,11,1777,674,1011,27,937,567,12,882,25,104,2310],"class_list":{"0":"post-451399","1":"post","2":"type-post","3":"status-publish","4":"format-standard","5":"has-post-thumbnail","7":"category-toulon","8":"tag-actu","9":"tag-actualites","10":"tag-eu","11":"tag-europe","12":"tag-fr","13":"tag-france","14":"tag-histoire","15":"tag-marine-nationale","16":"tag-news","17":"tag-provence-alpes-cote-dazur","18":"tag-republique-francaise","19":"tag-societe","20":"tag-toulon"},"share_on_mastodon":{"url":"https:\/\/pubeurope.com\/@fr\/115347365756580575","error":""},"_links":{"self":[{"href":"https:\/\/www.europesays.com\/fr\/wp-json\/wp\/v2\/posts\/451399","targetHints":{"allow":["GET"]}}],"collection":[{"href":"https:\/\/www.europesays.com\/fr\/wp-json\/wp\/v2\/posts"}],"about":[{"href":"https:\/\/www.europesays.com\/fr\/wp-json\/wp\/v2\/types\/post"}],"author":[{"embeddable":true,"href":"https:\/\/www.europesays.com\/fr\/wp-json\/wp\/v2\/users\/2"}],"replies":[{"embeddable":true,"href":"https:\/\/www.europesays.com\/fr\/wp-json\/wp\/v2\/comments?post=451399"}],"version-history":[{"count":0,"href":"https:\/\/www.europesays.com\/fr\/wp-json\/wp\/v2\/posts\/451399\/revisions"}],"wp:featuredmedia":[{"embeddable":true,"href":"https:\/\/www.europesays.com\/fr\/wp-json\/wp\/v2\/media\/451400"}],"wp:attachment":[{"href":"https:\/\/www.europesays.com\/fr\/wp-json\/wp\/v2\/media?parent=451399"}],"wp:term":[{"taxonomy":"category","embeddable":true,"href":"https:\/\/www.europesays.com\/fr\/wp-json\/wp\/v2\/categories?post=451399"},{"taxonomy":"post_tag","embeddable":true,"href":"https:\/\/www.europesays.com\/fr\/wp-json\/wp\/v2\/tags?post=451399"}],"curies":[{"name":"wp","href":"https:\/\/api.w.org\/{rel}","templated":true}]}}