{"id":451401,"date":"2025-10-10T01:51:11","date_gmt":"2025-10-10T01:51:11","guid":{"rendered":"https:\/\/www.europesays.com\/fr\/451401\/"},"modified":"2025-10-10T01:51:11","modified_gmt":"2025-10-10T01:51:11","slug":"metoomedia-recompense-mediapart-anouk-grinberg-et-la-rappeuse-juste-shani","status":"publish","type":"post","link":"https:\/\/www.europesays.com\/fr\/451401\/","title":{"rendered":"MeTooMedia r\u00e9compense Mediapart, Anouk Grinberg et la rappeuse Juste Shani"},"content":{"rendered":"<p>La premi\u00e8re \u00e9dition des prix MeTooMedia a notamment r\u00e9compens\u00e9 l\u2019actrice et \u00e9crivaine Anouk Grinberg et le site d\u2019investigation Mediapart pour avoir <strong>\u00ab\u00a0contribu\u00e9 \u00e0 briser le silence sur les violences sexistes et sexuelles\u00a0\u00bb<\/strong>, jeudi soir lors d\u2019une c\u00e9r\u00e9monie \u00e0 Paris.<\/p>\n<p>Au total, neuf prix MeTooMedia cr\u00e9\u00e9s par l\u2019association du m\u00eame nom ont \u00e9t\u00e9 remis \u00e0 des journalistes, autrice, musicienne, m\u00e9dia, r\u00e9alisateurs ou collectif.<\/p>\n<p><strong>\u00ab\u00a0Cette c\u00e9r\u00e9monie est l\u2019aboutissement du travail men\u00e9 par MeTooMedia pour sensibiliser les r\u00e9dactions et les milieux culturels \u00e0 leur responsabilit\u00e9 dans le traitement des violences sexistes et sexuelles\u00a0\u00bb<\/strong>, a d\u00e9clar\u00e9 Emmanuelle Dancourt, pr\u00e9sidente de l\u2019association, dans un communiqu\u00e9.<\/p>\n<p>\u00ab\u00a0Briser l\u2019omerta\u00a0\u00bb<\/p>\n<p>La meilleure \u0153uvre litt\u00e9raire revient \u00e0 Anouk Grinberg, pour son livre \u00ab\u00a0Respect\u00a0\u00bb (\u00c9ditions Julliard) o\u00f9 elle raconte les violences subies dans son enfance et le silence dans le milieu du cin\u00e9ma. Le troph\u00e9e du meilleur reportage audiovisuel a \u00e9t\u00e9 d\u00e9cern\u00e9 \u00e0 Ariane Griessel, pour son enqu\u00eate diffus\u00e9e sur France Inter \u00ab\u00a0Violences conjugales, les entendez-vous dans nos campagnes\u00a0?\u00a0\u00bb.<\/p>\n<p>Celui de la meilleure \u0153uvre musicale est all\u00e9 \u00e0 l\u2019un des nouveaux visages du rap fran\u00e7ais, Juste Shani, pour son titre \u00ab\u00a0Princess\u00a0\u00bb. Vue dans des festivals comme en premi\u00e8re partie de MC Solaar et Youssoupha, la rappeuse a sorti cette ann\u00e9e un nouvel EP, \u00ab\u00a0Diamant noir\u00a0\u00bb.<\/p>\n<p>Le prix du jury, pr\u00e9sid\u00e9 par la journaliste Giulia Fo\u00efs, a \u00e9t\u00e9 remis \u00e0 Mediapart pour l\u2019ensemble de son travail sur le sujet des violences sexistes et sexuelles. <strong>\u00ab\u00a0Ces prix r\u00e9compensent celles et ceux qui choisissent de voir, d\u2019\u00e9couter, et de raconter. Mettre en lumi\u00e8re les violences, c\u2019est d\u00e9j\u00e0 commencer \u00e0 les faire reculer\u00a0\u00bb<\/strong>, a affirm\u00e9 Mejdaline Mhiri, pr\u00e9sidente de l\u2019association Femmes Journalistes de Sport, co-organisatrice du prix.<\/p>\n<p>L\u2019association MeTooMedia, cr\u00e9\u00e9e en 2021, lutte contre les violences sexistes et sexuelles dans les m\u00e9dias et la culture <strong>\u00ab\u00a0afin de briser l\u2019omerta dans ces secteurs en soutenant les victimes et en transformant les pratiques professionnelles\u00a0\u00bb<\/strong>. Elle b\u00e9n\u00e9ficie du soutien du minist\u00e8re charg\u00e9 de l\u2019Egalit\u00e9 entre les femmes et les hommes et de la Fondation des femmes.<\/p>\n<p>\u00a0<\/p>\n","protected":false},"excerpt":{"rendered":"La premi\u00e8re \u00e9dition des prix MeTooMedia a notamment r\u00e9compens\u00e9 l\u2019actrice et \u00e9crivaine Anouk Grinberg et le site d\u2019investigation&hellip;\n","protected":false},"author":2,"featured_media":451402,"comment_status":"","ping_status":"","sticky":false,"template":"","format":"standard","meta":{"footnotes":""},"categories":[9619],"tags":[1111,11,57709,1777,674,1011,27,57710,9037,21026,57708,12,882,57711,5593,25,57712,2310],"class_list":{"0":"post-451401","1":"post","2":"type-post","3":"status-publish","4":"format-standard","5":"has-post-thumbnail","7":"category-toulon","8":"tag-actu","9":"tag-actualites","10":"tag-anouk","11":"tag-eu","12":"tag-europe","13":"tag-fr","14":"tag-france","15":"tag-grinberg","16":"tag-juste","17":"tag-mediapart","18":"tag-metoomedia","19":"tag-news","20":"tag-provence-alpes-cote-dazur","21":"tag-rappeuse","22":"tag-recompense","23":"tag-republique-francaise","24":"tag-shani","25":"tag-toulon"},"share_on_mastodon":{"url":"https:\/\/pubeurope.com\/@fr\/115347369713042050","error":""},"_links":{"self":[{"href":"https:\/\/www.europesays.com\/fr\/wp-json\/wp\/v2\/posts\/451401","targetHints":{"allow":["GET"]}}],"collection":[{"href":"https:\/\/www.europesays.com\/fr\/wp-json\/wp\/v2\/posts"}],"about":[{"href":"https:\/\/www.europesays.com\/fr\/wp-json\/wp\/v2\/types\/post"}],"author":[{"embeddable":true,"href":"https:\/\/www.europesays.com\/fr\/wp-json\/wp\/v2\/users\/2"}],"replies":[{"embeddable":true,"href":"https:\/\/www.europesays.com\/fr\/wp-json\/wp\/v2\/comments?post=451401"}],"version-history":[{"count":0,"href":"https:\/\/www.europesays.com\/fr\/wp-json\/wp\/v2\/posts\/451401\/revisions"}],"wp:featuredmedia":[{"embeddable":true,"href":"https:\/\/www.europesays.com\/fr\/wp-json\/wp\/v2\/media\/451402"}],"wp:attachment":[{"href":"https:\/\/www.europesays.com\/fr\/wp-json\/wp\/v2\/media?parent=451401"}],"wp:term":[{"taxonomy":"category","embeddable":true,"href":"https:\/\/www.europesays.com\/fr\/wp-json\/wp\/v2\/categories?post=451401"},{"taxonomy":"post_tag","embeddable":true,"href":"https:\/\/www.europesays.com\/fr\/wp-json\/wp\/v2\/tags?post=451401"}],"curies":[{"name":"wp","href":"https:\/\/api.w.org\/{rel}","templated":true}]}}