{"id":451421,"date":"2025-10-10T02:05:28","date_gmt":"2025-10-10T02:05:28","guid":{"rendered":"https:\/\/www.europesays.com\/fr\/451421\/"},"modified":"2025-10-10T02:05:28","modified_gmt":"2025-10-10T02:05:28","slug":"un-agent-juge-pour-un-tres-gros-petage-de-cable","status":"publish","type":"post","link":"https:\/\/www.europesays.com\/fr\/451421\/","title":{"rendered":"un agent jug\u00e9 pour un \u00ab tr\u00e8s gros p\u00e9tage de c\u00e2ble \u00bb"},"content":{"rendered":"<p>            Par<br \/>\n        <strong><br \/>\n            <a href=\"https:\/\/actu.fr\/auteur\/journaliste-cp\" title=\"Consulter tous les articles de R\u00e9daction Courrier du Pays de Retz\" rel=\"nofollow noopener\" target=\"_blank\">R\u00e9daction Courrier du Pays de Retz<\/a><br \/>\n        <\/strong><\/p>\n<p>        Publi\u00e9 le<\/p>\n<p>            9 oct. 2025 \u00e0 16h32        <\/p>\n<p>Un habitant d\u2019une commune du pays de Retz (Loire-Atlantique) a \u00e9t\u00e9 condamn\u00e9 ce lundi 6\u00a0octobre 2025 par le <b>tribunal correctionnel<\/b> de\u00a0<a href=\"https:\/\/actu.fr\/nantes\/\" rel=\"nofollow noopener\" target=\"_blank\">Nantes<\/a>\u00a0pour les \u00ab\u2009violences sur un <b>professionnel de sant\u00e9<\/b>\u2009\u00bb qu\u2019il avait commises au <b>CHU<\/b> de Nantes, le 23\u00a0ao\u00fbt 2021, relate l\u2019agence <a href=\"https:\/\/www.presspepper.fr\/\" rel=\"nofollow noopener\" target=\"_blank\">Presspepper<\/a>.<\/p>\n<p class=\" wall-content\">L\u2019homme, qui travaille par ailleurs au sein du m\u00eame \u00e9tablissement, avait en fait \u00e9t\u00e9 \u00ab\u2009transport\u00e9 inconscient\u2009\u00bb depuis son domicile aux urgences de l\u2019h\u00f4pital\u2009: cet homme \u00e2g\u00e9 aujourd\u2019hui de <b>49\u00a0ans<\/b> avait fait une \u00ab\u2009tentative de suicide\u2009\u00bb en m\u00e9langeant \u00ab\u2009alcool et m\u00e9dicaments\u2009\u00bb.<\/p>\n<p class=\" wall-content\">Ce <b>pompier volontaire<\/b> jusqu\u2019alors inconnu de la justice \u00e9tait alors dans une \u00ab\u2009grande d\u00e9tresse psychologique\u2009\u00bb suite \u00e0 \u00ab\u2009une s\u00e9paration\u2009\u00bb, a recontextualis\u00e9 la pr\u00e9sidente du tribunal correctionnel de Nantes.<\/p>\n<p>En contention sur un brancard<\/p>\n<p class=\" wall-content\">Il avait alors eu un \u00ab\u2009tr\u00e8s gros p\u00e9tage de c\u00e2bles\u2009\u00bb envers les<b> <\/b>personnels soignants qu\u2019il croise au quotidien puisqu\u2019il avait donn\u00e9 \u00ab\u2009un coup de poing et un coup de t\u00eate\u2009\u00bb aux <b>cinq infirmiers<\/b> qui avaient \u00ab\u2009tent\u00e9 de le ma\u00eetriser\u2009\u00bb, car il cherchait \u00e0 \u00ab\u2009s\u2019enfuir\u2009\u00bb de l\u2019\u00e9tablissement.<\/p>\n<p class=\" wall-content\">Une infirmi\u00e8re s\u2019\u00e9tait m\u00eame vu infliger une \u00ab\u2009cl\u00e9 de bras\u2009\u00bb.<\/p>\n<p class=\" wall-content\">Le pr\u00e9venu avait finalement \u00e9t\u00e9 \u00ab\u2009plac\u00e9 en situation de contention sur un brancard\u2009\u00bb. Il avait n\u00e9anmoins \u00ab\u2009crach\u00e9\u2009\u00bb et \u00ab\u2009tent\u00e9 de mordre\u2009\u00bb un <b>m\u00e9decin<\/b>. Il croyait en fait \u00ab\u2009se d\u00e9fendre contre des assaillants\u2009\u00bb, selon la juge.<\/p>\n<p>Votre r\u00e9gion, votre actu !<\/p>\n<p>Recevez chaque jour les infos qui comptent pour vous.<\/p>\n<p>\t<a href=\"https:\/\/actu.fr\/newsletter\" class=\"ac-btn ac-btn--corner ac-btn--medium ac-btn--blue800\" rel=\"nofollow noopener\" target=\"_blank\">S&rsquo;incrire<\/a><br \/>\nIl ne se souvient que de son r\u00e9veil<\/p>\n<p class=\" wall-content\">Interrog\u00e9 \u00e0 la barre sur ces faits, cet homme a \u00e9t\u00e9 incapable de r\u00e9pondre \u00e0 la pr\u00e9sidente ou m\u00eame de lui dire s\u2019il a recrois\u00e9 ses victimes au travail\u2009: il ne se souvient \u00ab\u2009que de son r\u00e9veil\u2009\u00bb \u00e0 l\u2019h\u00f4pital psychiatrique. Un expert avait effectivement conclu \u00e0 \u00ab\u2009l\u2019alt\u00e9ration\u2009\u00bb de son \u00ab\u2009discernement\u2009\u00bb au moment des faits.<\/p>\n<p class=\" wall-content\">Le <b>procureur de la R\u00e9publique<\/b> avait jug\u00e9 pour sa part que cet agent s\u2019\u00e9tait \u00ab\u2009mis en situation de faiseur de danger\u2009\u00bb. Il avait donc requis \u00ab\u2009trois mois de prison avec sursis\u2009\u00bb pour tenir compte du fait que cette peine cl\u00e9mente survient \u00ab\u2009quatre ans apr\u00e8s les faits\u2009\u00bb.<\/p>\n<p class=\" wall-content\">Me <b>Anne Bouillon<\/b>, l\u2019avocate de la d\u00e9fense, avait elle jug\u00e9 \u00ab\u2009n\u00e9cessaire\u2009\u00bb de prononcer une \u00ab\u2009dispense de peine\u2009\u00bb pour ce client qui \u00ab\u2009a \u00e0 c\u0153ur de garder sa place de citoyen engag\u00e9 dans la soci\u00e9t\u00e9\u2009\u00bb.<\/p>\n<p>Dispense de peine<\/p>\n<p class=\" wall-content\">\u00ab\u2009La gravit\u00e9 des faits n\u2019emp\u00eache pas la nuance\u2009\u00bb, avait-elle dit \u00e0 la juge. Ce p\u00e8re de famille a depuis \u00ab\u2009refait sa vie\u2009\u00bb et est \u00ab\u2009aujourd\u2019hui parfaitement stable\u2009\u00bb.<\/p>\n<p class=\" wall-content\">La magistrate s\u2019est rang\u00e9e \u00e0 son avis en le d\u00e9clarant coupable mais en le <b>dispensant de peine<\/b>.<\/p>\n<p class=\" wall-content\">La sanction ne sera pas inscrite sur la partie de son casier judiciaire accessible aux employeurs, pour qu\u2019il puisse conserver son travail.<\/p>\n<p class=\" wall-content\">Personnalisez votre actualit\u00e9 en ajoutant vos villes et m\u00e9dias en favori avec <a href=\"https:\/\/moncompte.actu.fr\" title=\"D\u00e9couvez Mon Actu\" rel=\"nofollow noopener\" data-trk=\"{&quot;cta&quot;:{&quot;action&quot;:&quot;https:\\\/\\\/moncompte.actu.fr&quot;,&quot;category&quot;:&quot;mon compte&quot;,&quot;from&quot;:&quot;article footer&quot;,&quot;name&quot;:&quot;Mon actu&quot;,&quot;type&quot;:&quot;cta&quot;}}\" target=\"_blank\">Mon Actu<\/a>.<\/p>\n","protected":false},"excerpt":{"rendered":"Par R\u00e9daction Courrier du Pays de Retz Publi\u00e9 le 9 oct. 2025 \u00e0 16h32 Un habitant d\u2019une commune&hellip;\n","protected":false},"author":2,"featured_media":451422,"comment_status":"","ping_status":"","sticky":false,"template":"","format":"standard","meta":{"footnotes":""},"categories":[2818],"tags":[1111,11,1777,674,118,1011,27,303,766,12,2636,25],"class_list":{"0":"post-451421","1":"post","2":"type-post","3":"status-publish","4":"format-standard","5":"has-post-thumbnail","7":"category-nantes","8":"tag-actu","9":"tag-actualites","10":"tag-eu","11":"tag-europe","12":"tag-faits-divers","13":"tag-fr","14":"tag-france","15":"tag-justice","16":"tag-nantes","17":"tag-news","18":"tag-pays-de-la-loire","19":"tag-republique-francaise"},"share_on_mastodon":{"url":"https:\/\/pubeurope.com\/@fr\/115347424832122080","error":""},"_links":{"self":[{"href":"https:\/\/www.europesays.com\/fr\/wp-json\/wp\/v2\/posts\/451421","targetHints":{"allow":["GET"]}}],"collection":[{"href":"https:\/\/www.europesays.com\/fr\/wp-json\/wp\/v2\/posts"}],"about":[{"href":"https:\/\/www.europesays.com\/fr\/wp-json\/wp\/v2\/types\/post"}],"author":[{"embeddable":true,"href":"https:\/\/www.europesays.com\/fr\/wp-json\/wp\/v2\/users\/2"}],"replies":[{"embeddable":true,"href":"https:\/\/www.europesays.com\/fr\/wp-json\/wp\/v2\/comments?post=451421"}],"version-history":[{"count":0,"href":"https:\/\/www.europesays.com\/fr\/wp-json\/wp\/v2\/posts\/451421\/revisions"}],"wp:featuredmedia":[{"embeddable":true,"href":"https:\/\/www.europesays.com\/fr\/wp-json\/wp\/v2\/media\/451422"}],"wp:attachment":[{"href":"https:\/\/www.europesays.com\/fr\/wp-json\/wp\/v2\/media?parent=451421"}],"wp:term":[{"taxonomy":"category","embeddable":true,"href":"https:\/\/www.europesays.com\/fr\/wp-json\/wp\/v2\/categories?post=451421"},{"taxonomy":"post_tag","embeddable":true,"href":"https:\/\/www.europesays.com\/fr\/wp-json\/wp\/v2\/tags?post=451421"}],"curies":[{"name":"wp","href":"https:\/\/api.w.org\/{rel}","templated":true}]}}