{"id":451427,"date":"2025-10-10T02:08:19","date_gmt":"2025-10-10T02:08:19","guid":{"rendered":"https:\/\/www.europesays.com\/fr\/451427\/"},"modified":"2025-10-10T02:08:19","modified_gmt":"2025-10-10T02:08:19","slug":"moins-touristique-que-bordeaux-plus-doree-quarcachon-cette-cite-girondine-brille-en-automne","status":"publish","type":"post","link":"https:\/\/www.europesays.com\/fr\/451427\/","title":{"rendered":"Moins touristique que Bordeaux, plus dor\u00e9e qu\u2019Arcachon : cette cit\u00e9 girondine brille en automne"},"content":{"rendered":"<p><strong>Au c\u0153ur de la Gironde, loin des foules bordelaises et des plages bond\u00e9es d\u2019Arcachon, se cache un joyau m\u00e9di\u00e9val qui se pare de couleurs chatoyantes d\u00e8s les premiers frimas. Cette destination confidentielle r\u00e9v\u00e8le ses charmes secrets quand l\u2019automne transforme ses vignobles en tableaux impressionnistes. D\u00e9couvrez pourquoi cette cit\u00e9 mill\u00e9naire m\u00e9rite absolument ta visite pendant cette saison magique.<\/strong><\/p>\n<p>Une authenticit\u00e9 pr\u00e9serv\u00e9e loin des circuits touristiques classiques<\/p>\n<p>Je t\u2019invite \u00e0 d\u00e9couvrir cette perle girondine qui \u00e9chappe encore aux radars du tourisme de masse. Contrairement \u00e0 Bordeaux o\u00f9 tu croises des groupes de visiteurs \u00e0 chaque coin de rue, cette destination conserve une atmosph\u00e8re intimiste et authentique. Les ruelles pav\u00e9es r\u00e9sonnent encore du bruit de tes pas sans \u00eatre noy\u00e9es dans la cacophonie touristique.<\/p>\n<p>L\u2019automne r\u00e9v\u00e8le toute la splendeur de cette cit\u00e9 m\u00e9di\u00e9vale quand les vignes environnantes se parent d\u2019or et de pourpre. Tu peux fl\u00e2ner tranquillement dans ses venelles sans te soucier des selfie-sticks et des cars de tourisme. Cette tranquillit\u00e9 te permet d\u2019appr\u00e9cier pleinement l\u2019architecture romane et gothique qui caract\u00e9rise ce lieu d\u2019exception.<\/p>\n<p>Les habitants locaux conservent un mode de vie traditionnel que tu peux observer lors de tes promenades matinales. Les commerces de proximit\u00e9 fonctionnent encore selon un rythme humain, loin de la fr\u00e9n\u00e9sie commerciale des grandes destinations touristiques. Cette authenticit\u00e9 se ressent particuli\u00e8rement lors des vendanges automnales o\u00f9 tu peux participer aux traditions viticoles ancestrales.<\/p>\n<p>La gastronomie locale reste accessible et g\u00e9n\u00e9reuse, sans les prix gonfl\u00e9s des zones ultra-touristiques. Tu d\u00e9gustes des produits du terroir dans des \u00e9tablissements familiaux o\u00f9 l\u2019accueil chaleureux fait partie de l\u2019exp\u00e9rience. Cette approche humaine du tourisme cr\u00e9e des souvenirs durables et des rencontres authentiques.<\/p>\n<p>Un \u00e9crin viticole aux couleurs automnales exceptionnelles<\/p>\n<p>Les vignobles qui entourent cette cit\u00e9 girondine offrent un spectacle saisissant d\u00e8s septembre. Tu observes la transformation progressive des feuilles de vigne qui passent du vert tendre aux teintes cuivr\u00e9es puis dor\u00e9es. Cette palette chromatique naturelle surpasse largement les attraits baln\u00e9aires d\u2019Arcachon pendant la saison automnale.<\/p>\n<p>Je recommande particuli\u00e8rement les balades matinales quand la brume se l\u00e8ve sur les coteaux viticoles. L\u2019atmosph\u00e8re feutr\u00e9e r\u00e9v\u00e8le progressivement les contours du paysage dans une lumi\u00e8re dor\u00e9e unique. Ces moments privil\u00e9gi\u00e9s te connectent intimement avec le terroir girondin et ses traditions mill\u00e9naires.<\/p>\n<p>Les ch\u00e2teaux viticoles ouvrent leurs portes pour des d\u00e9gustations privil\u00e9gi\u00e9es pendant les vendanges. Tu d\u00e9couvres des cuv\u00e9es confidentielles dans des domaines familiaux o\u00f9 la passion se transmet de g\u00e9n\u00e9ration en g\u00e9n\u00e9ration. Cette immersion dans l\u2019univers vinicole local r\u00e9v\u00e8le des tr\u00e9sors gustatifs m\u00e9connus du grand public.<\/p>\n<p>Les sentiers p\u00e9destres serpentent entre les rangs de vignes et offrent des panoramas \u00e9poustouflants sur la vall\u00e9e. Tu captures des images uniques o\u00f9 se m\u00e9langent architecture m\u00e9di\u00e9vale et paysages viticoles aux couleurs changeantes. <a href=\"https:\/\/www.newsofmarseille.com\/a-moins-2h-bordeaux-bastion-medieval-entoure-vignes-offre-panorama-exceptionnel-00146312025.html\" rel=\"nofollow noopener\" target=\"_blank\">\u00c0 moins de 2h de Bordeaux, ce bastion m\u00e9di\u00e9val entour\u00e9 de vignes offre un panorama exceptionnel<\/a> qui rivalise avec les plus belles destinations fran\u00e7aises.<\/p>\n<p>Un patrimoine m\u00e9di\u00e9val sublim\u00e9 par la lumi\u00e8re automnale<\/p>\n<p>L\u2019architecture romane de cette cit\u00e9 girondine r\u00e9v\u00e8le toute sa beaut\u00e9 sous les rayons obliques du soleil automnal. Les pierres dor\u00e9es des monuments religieux scintillent dans cette lumi\u00e8re particuli\u00e8re qui caract\u00e9rise cette saison. Tu ressens une \u00e9motion profonde en contemplant ces \u00e9difices mill\u00e9naires baign\u00e9s d\u2019une aura mystique.<\/p>\n<p>Les \u00e9glises souterraines creus\u00e9es dans la roche offrent un contraste saisissant avec la luminosit\u00e9 ext\u00e9rieure. Cette particularit\u00e9 architecturale unique en Europe te plonge dans l\u2019histoire m\u00e9di\u00e9vale de mani\u00e8re immersive. L\u2019acoustique exceptionnelle de ces lieux souterrains amplifie l\u2019\u00e9motion spirituelle de la visite.<\/p>\n<p>Les ruines du ch\u00e2teau m\u00e9di\u00e9val dominent majestueusement le paysage viticole environnant. Tu gravis les escaliers de pierre us\u00e9s par les si\u00e8cles pour acc\u00e9der \u00e0 des points de vue imprenables sur la vall\u00e9e. Cette ascension symbolique te transporte litt\u00e9ralement dans l\u2019\u00e9poque des chevaliers et des troubadours.<\/p>\n<p>Les remparts pr\u00e9serv\u00e9s encerclent encore partiellement cette cit\u00e9 historique et t\u00e9moignent de son importance strat\u00e9gique pass\u00e9e. Tu longes ces fortifications en imaginant les batailles d\u2019antan tout en admirant les vignobles paisibles d\u2019aujourd\u2019hui. Cette dualit\u00e9 temporelle cr\u00e9e une atmosph\u00e8re unique que tu ne retrouves nulle part ailleurs en Gironde.<\/p>\n<p>Cette destination exceptionnelle n\u2019est autre que Saint-\u00c9milion, joyau du patrimoine mondial de l\u2019UNESCO qui m\u00e9rite amplement ta d\u00e9couverte automnale. N\u2019h\u00e9site pas \u00e0 partager tes impressions de visite ou \u00e0 me contacter pour obtenir des conseils personnalis\u00e9s sur cette merveille girondine.<\/p>\n<p><img loading=\"lazy\" decoding=\"async\" width=\"150\" height=\"150\" src=\"data:image\/svg+xml,%3Csvg%20xmlns=\" http:=\"\" class=\"attachment-150x150 size-150x150\" alt=\"\" itemprop=\"image\" data-lazy- data-lazy- data-lazy-src=\"https:\/\/www.europesays.com\/fr\/wp-content\/uploads\/2025\/04\/im6-150x150.png\"\/><\/p>\n<p>Salut \u00e0 tous, je suis Eglantine. D\u00e9couvrez mes articles sur le voyage \u00e0 travers mes conseils, astuces et lieux pr\u00e9f\u00e9r\u00e9s en exclusivit\u00e9 sur News Of Marseille.<br \/>R\u00e9dactrice de coeur, je vous guide \u00e0 travers mes \u00e9crits pour vous transmettre mon expertise sur l&rsquo;aventure du voyage. Et \u00e9videmment, allez l&rsquo;OM \ud83d\ude09<\/p>\n<p>Partagez l&rsquo;article ou suivez nous !<\/p>\n<p>\n\tNos images sont \u00e0 but illustratif et peuvent ne pas repr\u00e9senter la r\u00e9alit\u00e9<\/p>\n","protected":false},"excerpt":{"rendered":"Au c\u0153ur de la Gironde, loin des foules bordelaises et des plages bond\u00e9es d\u2019Arcachon, se cache un joyau&hellip;\n","protected":false},"author":2,"featured_media":451428,"comment_status":"","ping_status":"","sticky":false,"template":"","format":"standard","meta":{"footnotes":""},"categories":[2817],"tags":[57713,1111,11,57714,1997,57715,1777,674,1011,27,12,2219,25,57716],"class_list":{"0":"post-451427","1":"post","2":"type-post","3":"status-publish","4":"format-standard","5":"has-post-thumbnail","7":"category-bordeaux","8":"tag-acces-a-lauthenticite-preservee","9":"tag-actu","10":"tag-actualites","11":"tag-atmosphere-intimiste","12":"tag-bordeaux","13":"tag-cites-medievales-en-automne","14":"tag-eu","15":"tag-europe","16":"tag-fr","17":"tag-france","18":"tag-news","19":"tag-nouvelle-aquitaine","20":"tag-republique-francaise","21":"tag-tourisme-hors-des-sentiers-battus"},"share_on_mastodon":{"url":"https:\/\/pubeurope.com\/@fr\/115347436636665534","error":""},"_links":{"self":[{"href":"https:\/\/www.europesays.com\/fr\/wp-json\/wp\/v2\/posts\/451427","targetHints":{"allow":["GET"]}}],"collection":[{"href":"https:\/\/www.europesays.com\/fr\/wp-json\/wp\/v2\/posts"}],"about":[{"href":"https:\/\/www.europesays.com\/fr\/wp-json\/wp\/v2\/types\/post"}],"author":[{"embeddable":true,"href":"https:\/\/www.europesays.com\/fr\/wp-json\/wp\/v2\/users\/2"}],"replies":[{"embeddable":true,"href":"https:\/\/www.europesays.com\/fr\/wp-json\/wp\/v2\/comments?post=451427"}],"version-history":[{"count":0,"href":"https:\/\/www.europesays.com\/fr\/wp-json\/wp\/v2\/posts\/451427\/revisions"}],"wp:featuredmedia":[{"embeddable":true,"href":"https:\/\/www.europesays.com\/fr\/wp-json\/wp\/v2\/media\/451428"}],"wp:attachment":[{"href":"https:\/\/www.europesays.com\/fr\/wp-json\/wp\/v2\/media?parent=451427"}],"wp:term":[{"taxonomy":"category","embeddable":true,"href":"https:\/\/www.europesays.com\/fr\/wp-json\/wp\/v2\/categories?post=451427"},{"taxonomy":"post_tag","embeddable":true,"href":"https:\/\/www.europesays.com\/fr\/wp-json\/wp\/v2\/tags?post=451427"}],"curies":[{"name":"wp","href":"https:\/\/api.w.org\/{rel}","templated":true}]}}