{"id":451429,"date":"2025-10-10T02:09:17","date_gmt":"2025-10-10T02:09:17","guid":{"rendered":"https:\/\/www.europesays.com\/fr\/451429\/"},"modified":"2025-10-10T02:09:17","modified_gmt":"2025-10-10T02:09:17","slug":"toulouse-ferme-depuis-sept-ans-le-musee-des-augustins-rouvre-enfin-ses-portes-la-date-devoilee","status":"publish","type":"post","link":"https:\/\/www.europesays.com\/fr\/451429\/","title":{"rendered":"Toulouse. Ferm\u00e9 depuis sept ans, le mus\u00e9e des Augustins rouvre enfin ses portes : la date d\u00e9voil\u00e9e"},"content":{"rendered":"<p>            Par<br \/>\n        <strong><br \/>\n            <a href=\"https:\/\/actu.fr\/auteur\/marie-lamarque\" title=\"Consulter tous les articles de Marie Lamarque\" target=\"_blank\" rel=\"noopener\">Marie Lamarque<\/a><br \/>\n        <\/strong><\/p>\n<p>        Publi\u00e9 le<\/p>\n<p>            9 oct. 2025 \u00e0 17h52        <\/p>\n<p>Sa r\u00e9ouverture officielle est grandement attendue <a href=\"https:\/\/actu.fr\/toulouse\/\" target=\"_blank\" rel=\"noopener\">\u00e0 Toulouse<\/a>. Depuis <a href=\"https:\/\/actu.fr\/occitanie\/toulouse_31555\/toulouse-nouveaux-commerces-frequentation-premier-bilan-mitige-rue-de-metz-apres-la-fin-des-travaux_63207253.html\" target=\"_blank\" rel=\"noopener\">la toute nouvelle rue de Metz<\/a> qui, elle aussi, a subi <a href=\"https:\/\/actu.fr\/occitanie\/toulouse_31555\/toulouse-les-travaux-de-reamenagement-de-cette-rue-du-centre-ville-touchent-a-leur-fin_62142118.html\" target=\"_blank\" rel=\"noopener\">d\u2019importants travaux<\/a>, les passants peuvent admirer depuis plusieurs mois la nouvelle entr\u00e9e \u2013 <a href=\"https:\/\/actu.fr\/occitanie\/toulouse_31555\/toulouse-en-travaux-la-nouvelle-facade-du-musee-des-augustins-divise-c-est-le-mur-de-berlin_62392343.html\" target=\"_blank\" rel=\"noopener\">pas toujours appr\u00e9ci\u00e9e<\/a> \u2013 ainsi que le nouveau logo des Augustins.<\/p>\n<p class=\" wall-content\"><strong>Le c\u00e9l\u00e8bre mus\u00e9e des beaux-arts de la Ville rose<\/strong>, notamment connu pour son joyau architectural \u2013 <a href=\"https:\/\/actu.fr\/occitanie\/toulouse_31555\/toulouse-nouvelle-salle-d-expo-cafe-travaux-ce-qui-va-se-passer-au-musee-des-augustins_62397686.html\" target=\"_blank\" rel=\"noopener\">un clo\u00eetre de 160 colonnes et huit piliers<\/a>, dat\u00e9 du XIVe si\u00e8cle \u2013 a subi une grande transformation. Ferm\u00e9 depuis 2018, il n\u2019a accueilli le public que lors de r\u00e9ouvertures partielles, <a href=\"https:\/\/actu.fr\/occitanie\/toulouse_31555\/toulouse-alors-que-les-augustins-rouvrent-le-point-sur-les-travaux-dans-les-autres-musees_59750094.html\" target=\"_blank\" rel=\"noopener\">notamment durant l\u2019\u00e9t\u00e9 2023<\/a>.<\/p>\n<p class=\" wall-content\">Ce jeudi 9 octobre 2025, la Ville de Toulouse annonce, enfin, quand le mus\u00e9e, <a href=\"https:\/\/actu.fr\/occitanie\/toulouse_31555\/patrimoine-le-musee-des-augustins-est-le-plus-ancien-de-toulouse-voici-comment-il-a-vu-le-jour_62358251.html\" target=\"_blank\" rel=\"noopener\">le plus vieux de la capitale occitane<\/a>, pourra d\u00e9finitivement rouvrir ses portes.<\/p>\n<p>Ce qui aura chang\u00e9<\/p>\n<p class=\" wall-content\">Rendez-vous est pris pour les passionn\u00e9s d\u2019art et d\u2019histoire. <strong>Le mus\u00e9e des Augustins rouvrira le 19 d\u00e9cembre 2025<\/strong>. De quoi permettre au public de d\u00e9couvrir son nouveau visage : son accueil repens\u00e9 depuis la rue de Metz mis aux normes pour les Personnes \u00e0 Mobilit\u00e9 R\u00e9duite (PMR).<\/p>\n<p>Vid\u00e9os : en ce moment sur Actu<\/p>\n<p class=\" wall-content\">Verri\u00e8res restaur\u00e9es dans les salons des peintures, nouvelle boutique, transformations des ouvertures\u2026 Le r\u00e9cit autour des collections a aussi \u00e9t\u00e9 renouvel\u00e9.<\/p>\n<blockquote class=\"ac-article-quote wall-content\">\n<p>Cette refonte compl\u00e8te s\u2019appuie sur un nouveau projet scientifique et culturel qui met notamment en lumi\u00e8re les liens du mus\u00e9e et des collections avec l\u2019histoire de Toulouse, ainsi que la constitution de ses collections.<\/p>\n<p>    <strong>Mairie de Toulouse<\/strong>\n            <\/p><\/blockquote>\n<p>Votre r\u00e9gion, votre actu !<\/p>\n<p>Recevez chaque jour les infos qui comptent pour vous.<\/p>\n<p>\t<a href=\"https:\/\/actu.fr\/newsletter\" class=\"ac-btn ac-btn--corner ac-btn--medium ac-btn--blue800\" target=\"_blank\" rel=\"noopener\">S&rsquo;incrire<\/a><br \/>\nGrand lifting pour le bijou du mus\u00e9e<\/p>\n<p class=\" wall-content\">En son c\u0153ur, <strong>l\u2019unique clo\u00eetre du XIVe si\u00e8cle int\u00e9gralement conserv\u00e9 dans le grand Sud-Ouest de la France<\/strong> qui, lui aussi, a subi <strong>un beau lifting \u00e0 cinq millions d\u2019euros<\/strong>. Sa restauration devrait, d\u2019ailleurs, se poursuivre apr\u00e8s la r\u00e9ouverture au public.<\/p>\n<p>    <img   decoding=\"async\" loading=\"lazy\" src=\"https:\/\/www.europesays.com\/fr\/wp-content\/uploads\/2025\/10\/travaux-cloitre-musee-augustins-960x640.jpg\" alt=\"Un grand chantier se pr\u00e9pare au clo\u00eetre du mus\u00e9e des Augustins.\" width=\"960\" height=\"640\"\/><br \/>\n    Un grand chantier dans le clo\u00eetre du mus\u00e9e des Augustins. (\u00a9Photo d\u2019archives \/ Marie Lamarque \/ Actu Toulouse)<\/p>\n<p class=\" wall-content\">Pour donner vie \u00e0 toutes ces nouveaut\u00e9s, un budget colossal de<strong> 14,3 millions d\u2019euros<\/strong> a \u00e9t\u00e9 consacr\u00e9.<\/p>\n<p>Et quand rouvrira le Ch\u00e2teau d\u2019Eau ?<\/p>\n<p class=\" wall-content\">Ce n\u2019est pas l\u2019unique lieu culturel ferm\u00e9 depuis de nombreux mois pour cause de travaux. Ce jeudi, la Ville a \u00e9galement annonc\u00e9<strong> la date de r\u00e9ouverture du Ch\u00e2teau d\u2019Eau<\/strong>, cette b\u00e2tisse consacr\u00e9e \u00e0 des expos photos, situ\u00e9 au bout du Pont-Neuf, en face de l\u2019H\u00f4tel-Dieu.\u00a0<\/p>\n<p>    <img   decoding=\"async\" loading=\"lazy\" src=\"https:\/\/www.europesays.com\/fr\/wp-content\/uploads\/2025\/10\/chateau2-960x640-960x640.jpg\" alt=\"Le Ch\u00e2teau d'Eau, \u00e0 Toulouse. \" width=\"960\" height=\"640\"\/><br \/>\n    Le Ch\u00e2teau d\u2019Eau, \u00e0 Toulouse. (\u00a9Photo d\u2019archives \/ Gabriel Kenedi \/ Actu Toulouse)<\/p>\n<p class=\" wall-content\">Depuis avril 2024, cet autre \u00e9difice incontournable de Toulouse est en chantier. Et les visiteurs pourront officiellement le (re)d\u00e9couvrir <strong>d\u00e8s le 22 novembre prochain <\/strong>avec ses espaces compl\u00e8tement repens\u00e9s : une nouvelle aile a \u00e9t\u00e9 <a href=\"https:\/\/actu.fr\/occitanie\/toulouse_31555\/toulouse-une-arche-du-pont-neuf-va-etre-debouchee-pour-ce-musee-bientot-ferme_60902576.html\" target=\"_blank\" rel=\"noopener\">construite sous une arche du Pont-Neuf<\/a>. L\u2019entr\u00e9e ne se fera plus devant, mais derri\u00e8re, \u00ab\u00a0entre la Place Laganne et l\u2019esplanade Jean Dieuzaide\u00a0\u00bb, expliquait <strong>Magali Blenet<\/strong>, directrice du Ch\u00e2teau d\u2019Eau, \u00e0 Actu Toulouse.<\/p>\n<p class=\" wall-content\">Ici, le budget consacr\u00e9 s\u2019\u00e9l\u00e8ve \u00e0 <strong>4,2 millions d\u2019euros\u00a0<\/strong>dans l\u2019objectif premier de pousser les murs.<\/p>\n<p>Une exposition pour f\u00eater la r\u00e9ouverture<\/p>\n<p class=\" wall-content\">Pour cette grande r\u00e9ouverture, l\u2019artiste <strong>Sophie Z\u00e9non<\/strong> y pr\u00e9sentera son exposition, baptis\u00e9e \u00ab\u00a0L\u2019Humus du monde\u00a0\u00bb.<\/p>\n<p class=\" wall-content\">\u00ab\u00a0Une immersion dans l\u2019univers po\u00e9tique et critique de cette artiste singuli\u00e8re, habit\u00e9e par les questions de la m\u00e9moire, de l\u2019histoire et du passage du temps. L\u2019artiste met en r\u00e9sonance son travail avec les \u0153uvres des mus\u00e9es toulousains : Les Augustins, Saint-Raymond, Arts Pr\u00e9cieux \u2013 Paul Dupuy, Les Abattoirs\u2026 dans un dialogue f\u00e9cond et onirique\u00a0\u00bb, d\u00e9crit la Ville de Toulouse. <strong>\u00c0 voir jusqu\u2019au 8 mars 2026.<\/strong><\/p>\n<p class=\" wall-content\">Personnalisez votre actualit\u00e9 en ajoutant vos villes et m\u00e9dias en favori avec <a href=\"https:\/\/moncompte.actu.fr\" title=\"D\u00e9couvez Mon Actu\" rel=\"nofollow noopener\" data-trk=\"{&quot;cta&quot;:{&quot;action&quot;:&quot;https:\\\/\\\/moncompte.actu.fr&quot;,&quot;category&quot;:&quot;mon compte&quot;,&quot;from&quot;:&quot;article footer&quot;,&quot;name&quot;:&quot;Mon actu&quot;,&quot;type&quot;:&quot;cta&quot;}}\" target=\"_blank\">Mon Actu<\/a>.<\/p>\n","protected":false},"excerpt":{"rendered":"Par Marie Lamarque Publi\u00e9 le 9 oct. 2025 \u00e0 17h52 Sa r\u00e9ouverture officielle est grandement attendue \u00e0 Toulouse.&hellip;\n","protected":false},"author":2,"featured_media":451430,"comment_status":"","ping_status":"","sticky":false,"template":"","format":"standard","meta":{"footnotes":""},"categories":[2816],"tags":[1111,11,1777,674,1011,27,1652,41648,12,2680,25,1341,2312],"class_list":{"0":"post-451429","1":"post","2":"type-post","3":"status-publish","4":"format-standard","5":"has-post-thumbnail","7":"category-toulouse","8":"tag-actu","9":"tag-actualites","10":"tag-eu","11":"tag-europe","12":"tag-fr","13":"tag-france","14":"tag-loisirs-culture","15":"tag-musee-des-augustins","16":"tag-news","17":"tag-occitanie","18":"tag-republique-francaise","19":"tag-sortir-a-toulouse","20":"tag-toulouse"},"share_on_mastodon":{"url":"https:\/\/pubeurope.com\/@fr\/115347440949484358","error":""},"_links":{"self":[{"href":"https:\/\/www.europesays.com\/fr\/wp-json\/wp\/v2\/posts\/451429","targetHints":{"allow":["GET"]}}],"collection":[{"href":"https:\/\/www.europesays.com\/fr\/wp-json\/wp\/v2\/posts"}],"about":[{"href":"https:\/\/www.europesays.com\/fr\/wp-json\/wp\/v2\/types\/post"}],"author":[{"embeddable":true,"href":"https:\/\/www.europesays.com\/fr\/wp-json\/wp\/v2\/users\/2"}],"replies":[{"embeddable":true,"href":"https:\/\/www.europesays.com\/fr\/wp-json\/wp\/v2\/comments?post=451429"}],"version-history":[{"count":0,"href":"https:\/\/www.europesays.com\/fr\/wp-json\/wp\/v2\/posts\/451429\/revisions"}],"wp:featuredmedia":[{"embeddable":true,"href":"https:\/\/www.europesays.com\/fr\/wp-json\/wp\/v2\/media\/451430"}],"wp:attachment":[{"href":"https:\/\/www.europesays.com\/fr\/wp-json\/wp\/v2\/media?parent=451429"}],"wp:term":[{"taxonomy":"category","embeddable":true,"href":"https:\/\/www.europesays.com\/fr\/wp-json\/wp\/v2\/categories?post=451429"},{"taxonomy":"post_tag","embeddable":true,"href":"https:\/\/www.europesays.com\/fr\/wp-json\/wp\/v2\/tags?post=451429"}],"curies":[{"name":"wp","href":"https:\/\/api.w.org\/{rel}","templated":true}]}}