{"id":451431,"date":"2025-10-10T02:10:12","date_gmt":"2025-10-10T02:10:12","guid":{"rendered":"https:\/\/www.europesays.com\/fr\/451431\/"},"modified":"2025-10-10T02:10:12","modified_gmt":"2025-10-10T02:10:12","slug":"pourquoi-gailleton-na-pas-signe-a-toulouse","status":"publish","type":"post","link":"https:\/\/www.europesays.com\/fr\/451431\/","title":{"rendered":"Pourquoi Gailleton n&rsquo;a pas sign\u00e9 \u00e0 Toulouse"},"content":{"rendered":"<p><strong>Courtis\u00e9 par La Rochelle mais<br \/>\naussi et surtout Toulouse, triple champion de France, Emilien<br \/>\nGailleton (22 ans) a finalement fait le choix de la stabilit\u00e9 en<br \/>\nprolongeant son contrat \u00e0 Pau. La p\u00e9pite de la Section s&rsquo;en est<br \/>\nexpliqu\u00e9 longuement ce jeudi.<\/strong><\/p>\n<p>Entre Toulouse et La Rochelle, Emilien Gailleton (22 ans) a<br \/>\nchoisi\u2026 Pau. En fin de contrat en B\u00e9arn, le grand espoir de la<br \/>\nSection faisait l\u2019objet d\u2019une cour assidue du Stade Toulousain<br \/>\nnotamment. La p\u00e9pite paloise, pas insensible \u00e0 l\u2019int\u00e9r\u00eat des<br \/>\ntriples champions de France sortants, s\u2019est d\u2019ailleurs longuement<br \/>\ninterrog\u00e9e (\u00ab\u00a0cela faisait pas mal de temps que je<br \/>\nr\u00e9fl\u00e9chissais \u00e0 mon avenir\u00a0\u00bb) avant de d\u00e9cider de prolonger<br \/>\nsous ses couleurs actuelles, pour trois ans.<\/p>\n<p>D\u00e9sormais li\u00e9 \u00e0 Pau jusqu\u2019en juin 2029, l\u2019ancien joueur d\u2019Agen,<br \/>\narriv\u00e9 dans les Pyr\u00e9n\u00e9es il y a trois ans, a expliqu\u00e9 ce jeudi \u00e0<br \/>\nRMC Sport ce qui l\u2019avait amen\u00e9 \u00e0 faire le choix de la<br \/>\nstabilit\u00e9 alors que tout le monde l\u2019attendait d\u00e9j\u00e0 dans la Ville<br \/>\nRose. \u00ab\u00a0J\u2019avais envie de continuer avec ce groupe, qui est<br \/>\nbourr\u00e9 de potentiel et qui est en train de grandir (\u2026) Pouvoir<br \/>\nrester dans un club qui me fait confiance, avec une grande<br \/>\nstabilit\u00e9 d\u2019effectif a fait pencher la balance en faveur de<br \/>\nPau\u00a0\u00bb, explique le natif de Croydon, en Angleterre, avec d\u00e9j\u00e0<br \/>\ndes ambitions \u00e0 revendre pour la suite.<\/p>\n<p><strong>Gailleton : \u00ab\u00a0Je<br \/>\nvoulais avoir une carri\u00e8re un peu<br \/>\nsinguli\u00e8re\u00a0\u00bb<\/strong><\/p>\n<p>\u00ab\u00a0Le projet initi\u00e9 par les dirigeants il y a trois ans est<br \/>\nen train de prendre forme, avec l\u2019objectif d\u2019accrocher les phases<br \/>\nfinales du Top 14, voire plus\u00a0\u00bb, poursuit le jeune<br \/>\ninternational fran\u00e7ais (dix s\u00e9lections), qui parle de \u00ab\u00a0vrai<br \/>\nsoulagement pour (lui) et ses proches\u00a0\u00bb apr\u00e8s cette<br \/>\nprolongation, sans cacher qu\u2019il avait d\u00e9j\u00e0 connu des d\u00e9cisions plus<br \/>\nsimples \u00e0 prendre. \u00ab\u00a0Toulouse est un club tr\u00e8s puissant avec<br \/>\ndes internationaux \u00e0 tous les postes, mais je voulais avoir une<br \/>\ncarri\u00e8re un peu singuli\u00e8re, d\u2019o\u00f9 ce choix de rester \u00e0<br \/>\nPau.\u00a0\u00bb<\/p>\n<p>Et ce en d\u00e9pit des cons\u00e9quences qu\u2019il aurait pu avoir sur son\u2026<br \/>\ncouple. Cl\u00e9mentine Pag\u00e8s, la petite amie de Gailleton, d\u00e9fend en<br \/>\neffet les couleurs de Blagnac, en banlieue toulousaine. \u00ab\u00a0On a<br \/>\n\u00e9t\u00e9 tr\u00e8s clair tous les deux sur le sujet, assure toutefois le<br \/>\nPalois. C\u2019\u00e9tait le rugby avant nous deux. Nous sommes encore tr\u00e8s<br \/>\njeunes et nos carri\u00e8res passent avant tout.\u00a0\u00bb<\/p>\n","protected":false},"excerpt":{"rendered":"Courtis\u00e9 par La Rochelle mais aussi et surtout Toulouse, triple champion de France, Emilien Gailleton (22 ans) a&hellip;\n","protected":false},"author":2,"featured_media":451432,"comment_status":"","ping_status":"","sticky":false,"template":"","format":"standard","meta":{"footnotes":""},"categories":[2816],"tags":[1111,11,1777,674,1011,27,12,2680,25,57681,2312],"class_list":{"0":"post-451431","1":"post","2":"type-post","3":"status-publish","4":"format-standard","5":"has-post-thumbnail","7":"category-toulouse","8":"tag-actu","9":"tag-actualites","10":"tag-eu","11":"tag-europe","12":"tag-fr","13":"tag-france","14":"tag-news","15":"tag-occitanie","16":"tag-republique-francaise","17":"tag-sport365-fr","18":"tag-toulouse"},"share_on_mastodon":{"url":"https:\/\/pubeurope.com\/@fr\/115347444432381801","error":""},"_links":{"self":[{"href":"https:\/\/www.europesays.com\/fr\/wp-json\/wp\/v2\/posts\/451431","targetHints":{"allow":["GET"]}}],"collection":[{"href":"https:\/\/www.europesays.com\/fr\/wp-json\/wp\/v2\/posts"}],"about":[{"href":"https:\/\/www.europesays.com\/fr\/wp-json\/wp\/v2\/types\/post"}],"author":[{"embeddable":true,"href":"https:\/\/www.europesays.com\/fr\/wp-json\/wp\/v2\/users\/2"}],"replies":[{"embeddable":true,"href":"https:\/\/www.europesays.com\/fr\/wp-json\/wp\/v2\/comments?post=451431"}],"version-history":[{"count":0,"href":"https:\/\/www.europesays.com\/fr\/wp-json\/wp\/v2\/posts\/451431\/revisions"}],"wp:featuredmedia":[{"embeddable":true,"href":"https:\/\/www.europesays.com\/fr\/wp-json\/wp\/v2\/media\/451432"}],"wp:attachment":[{"href":"https:\/\/www.europesays.com\/fr\/wp-json\/wp\/v2\/media?parent=451431"}],"wp:term":[{"taxonomy":"category","embeddable":true,"href":"https:\/\/www.europesays.com\/fr\/wp-json\/wp\/v2\/categories?post=451431"},{"taxonomy":"post_tag","embeddable":true,"href":"https:\/\/www.europesays.com\/fr\/wp-json\/wp\/v2\/tags?post=451431"}],"curies":[{"name":"wp","href":"https:\/\/api.w.org\/{rel}","templated":true}]}}