{"id":451433,"date":"2025-10-10T02:12:18","date_gmt":"2025-10-10T02:12:18","guid":{"rendered":"https:\/\/www.europesays.com\/fr\/451433\/"},"modified":"2025-10-10T02:12:18","modified_gmt":"2025-10-10T02:12:18","slug":"giroud-reconnait-que-lille-aurait-pu-faire-mieux-face-au-psg-2","status":"publish","type":"post","link":"https:\/\/www.europesays.com\/fr\/451433\/","title":{"rendered":"Giroud reconna\u00eet que Lille aurait pu faire mieux face au PSG"},"content":{"rendered":"<p class=\"mb-4 text-lg md:leading-8 break-words\">Il est l\u2019un des hommes en forme de ce d\u00e9but de saison. Arriv\u00e9 libre cet \u00e9t\u00e9 apr\u00e8s une exp\u00e9rience d\u00e9licate \u00e0 Los Angeles, <a href=\"https:\/\/rmcsport.bfmtv.com\/football\/olivier-giroud_DN-202108310553.html\" rel=\"nofollow noopener\" target=\"_blank\" data-ylk=\"slk:Olivier Giroud;elm:context_link;itc:0;sec:content-canvas\" class=\"link \">Olivier Giroud<\/a> a d\u00e9j\u00e0 mis tout le monde d\u2019accord \u00e0 Lille. Avec trois buts inscrits en neuf apparitions toutes comp\u00e9titions confondues et une exp\u00e9rience bienvenue au sein d\u2019un groupe amput\u00e9 de plusieurs cadres lors du dernier mercato (Lucas Chevalier, Bafod\u00e9 Diakit\u00e9, Jonathan David\u2026).<\/p>\n<p class=\"mb-4 text-lg md:leading-8 break-words\">\u00ab\u00a0Je me suis bien adapt\u00e9, j&rsquo;ai fait un bon d\u00e9but de saison et une bonne pr\u00e9paration. Mon int\u00e9gration s&rsquo;est faite naturellement. (\u2026) Je prends beaucoup de plaisir sur le terrain. M\u00eame si on aurait aim\u00e9 sur le plan comptable avoir quelques points de plus, je suis satisfait de ce d\u00e9but de saison. On est qu\u2019\u00e0 cinq points du leader, c\u2019est tr\u00e8s encourageant\u00a0\u00bb, a-t-il confi\u00e9 ce jeudi dans <a href=\"https:\/\/x.com\/AfterRMC\" rel=\"nofollow noopener\" target=\"_blank\" data-ylk=\"slk:l\u2019After Foot;elm:context_link;itc:0;sec:content-canvas\" class=\"link \">l\u2019After Foot<\/a>.<\/p>\n<p>\u00ab\u00a0Le plan \u00e9tait de bloquer leur milieu\u00a0\u00bb<\/p>\n<p class=\"mb-4 text-lg md:leading-8 break-words\">Invit\u00e9 exceptionnel sur RMC, le buteur de 39 ans est aussi revenu sur <a href=\"https:\/\/rmcsport.bfmtv.com\/football\/ligue-1\/direct-lille-psg-suivez-en-live-le-choc-de-la-7e-journee-de-ligue-1_LS-202510050139.html\" rel=\"nofollow noopener\" target=\"_blank\" data-ylk=\"slk:le r\u00e9cent match nul du Losc face au PSG (1-1);elm:context_link;itc:0;sec:content-canvas\" class=\"link \">le r\u00e9cent match nul du Losc face au PSG (1-1)<\/a> \u00e0 domicile. \u00c0 l\u2019issue de la rencontre, certains supporters lillois et observateurs ont d\u00e9plor\u00e9 un manque d\u2019ambition des Dogues, peut-\u00eatre trop frileux malgr\u00e9 les nombreuses absences c\u00f4t\u00e9 parisien.<\/p>\n<p class=\"mb-4 text-lg md:leading-8 break-words\">\u00ab\u00a0On ne connaissait pas l\u2019\u00e9quipe (align\u00e9e au coup d&rsquo;envoi par Luis Enrique, ndlr), on l\u2019a su juste avant le match. Le plan \u00e9tait de bloquer leur milieu notamment Vitinha. On n\u2019a pas chang\u00e9 notre fusil d\u2019\u00e9paule, m\u00eame si Vitinha n\u2019\u00e9tait pas titulaire. Le plan \u00e9tait de bloquer l\u2019axe et les emp\u00eacher de d\u00e9velopper leur jeu. \u00c7a a plut\u00f4t bien march\u00e9, on a r\u00e9cup\u00e9r\u00e9 beaucoup de ballons. On aurait pu mieux les exploiter\u00a0\u00bb, a comment\u00e9 Giroud dans l\u2019After Foot.<\/p>\n<p class=\"mb-4 text-lg md:leading-8 break-words\">\u00ab\u00a0On aurait peut-\u00eatre pu sortir un peu plus. Mais c\u2019est toujours facile de parler apr\u00e8s le match. On a \u00e9t\u00e9 solides, ils n\u2019ont pas eu 50 occasions, mais c\u2019est vrai qu\u2019on a p\u00e9ch\u00e9 dans la prise de d\u00e9cision dans la derni\u00e8re passe, dans les 30 derniers m\u00e8tres. J\u2019avais l\u2019impression qu\u2019on jouait un petit peu avec le frein \u00e0 main\u00a0\u00bb, a-t-il toutefois reconnu.<\/p>\n<p class=\"mb-4 text-lg md:leading-8 break-words\">\u00c0 la sortie de la tr\u00eave internationale, Giroud et les Lillois se rendront \u00e0 Nantes, le 19 octobre, avant de recevoir le PAOK quatre jours plus tard en Ligue Europa.<\/p>\n<p class=\"mb-4 text-lg md:leading-8 break-words\"><a href=\"https:\/\/rmcsport.bfmtv.com\/football\/clubs\/losc-lille\/un-peu-avec-le-frein-a-main-giroud-reconnait-que-lille-aurait-pu-faire-mieux-face-au-psg_AV-202510090965.html#xtor=AL-68\" rel=\"nofollow noopener\" target=\"_blank\" data-ylk=\"slk:Article original publi\u00e9 sur RMC Sport;elm:context_link;itc:0;sec:content-canvas\" class=\"link \">Article original publi\u00e9 sur RMC Sport<\/a><\/p>\n","protected":false},"excerpt":{"rendered":"Il est l\u2019un des hommes en forme de ce d\u00e9but de saison. Arriv\u00e9 libre cet \u00e9t\u00e9 apr\u00e8s une&hellip;\n","protected":false},"author":2,"featured_media":451434,"comment_status":"","ping_status":"","sticky":false,"template":"","format":"standard","meta":{"footnotes":""},"categories":[2815],"tags":[1111,11,46540,1777,674,1011,27,811,16474,1307,4668,766,12,5959,93,25,6564,1738,13296],"class_list":{"0":"post-451433","1":"post","2":"type-post","3":"status-publish","4":"format-standard","5":"has-post-thumbnail","7":"category-lille","8":"tag-actu","9":"tag-actualites","10":"tag-debut-de-saison","11":"tag-eu","12":"tag-europe","13":"tag-fr","14":"tag-france","15":"tag-hauts-de-france","16":"tag-le-buteur","17":"tag-lille","18":"tag-lucas-chevalier","19":"tag-nantes","20":"tag-news","21":"tag-olivier-giroud","22":"tag-psg","23":"tag-republique-francaise","24":"tag-su","25":"tag-tout-le-monde","26":"tag-vitinha"},"share_on_mastodon":{"url":"https:\/\/pubeurope.com\/@fr\/115347452339418282","error":""},"_links":{"self":[{"href":"https:\/\/www.europesays.com\/fr\/wp-json\/wp\/v2\/posts\/451433","targetHints":{"allow":["GET"]}}],"collection":[{"href":"https:\/\/www.europesays.com\/fr\/wp-json\/wp\/v2\/posts"}],"about":[{"href":"https:\/\/www.europesays.com\/fr\/wp-json\/wp\/v2\/types\/post"}],"author":[{"embeddable":true,"href":"https:\/\/www.europesays.com\/fr\/wp-json\/wp\/v2\/users\/2"}],"replies":[{"embeddable":true,"href":"https:\/\/www.europesays.com\/fr\/wp-json\/wp\/v2\/comments?post=451433"}],"version-history":[{"count":0,"href":"https:\/\/www.europesays.com\/fr\/wp-json\/wp\/v2\/posts\/451433\/revisions"}],"wp:featuredmedia":[{"embeddable":true,"href":"https:\/\/www.europesays.com\/fr\/wp-json\/wp\/v2\/media\/451434"}],"wp:attachment":[{"href":"https:\/\/www.europesays.com\/fr\/wp-json\/wp\/v2\/media?parent=451433"}],"wp:term":[{"taxonomy":"category","embeddable":true,"href":"https:\/\/www.europesays.com\/fr\/wp-json\/wp\/v2\/categories?post=451433"},{"taxonomy":"post_tag","embeddable":true,"href":"https:\/\/www.europesays.com\/fr\/wp-json\/wp\/v2\/tags?post=451433"}],"curies":[{"name":"wp","href":"https:\/\/api.w.org\/{rel}","templated":true}]}}