{"id":451441,"date":"2025-10-10T02:16:37","date_gmt":"2025-10-10T02:16:37","guid":{"rendered":"https:\/\/www.europesays.com\/fr\/451441\/"},"modified":"2025-10-10T02:16:37","modified_gmt":"2025-10-10T02:16:37","slug":"que-faire-a-lyon-ce-week-end-10-11-et-12-octobre-2025","status":"publish","type":"post","link":"https:\/\/www.europesays.com\/fr\/451441\/","title":{"rendered":"Que faire \u00e0 Lyon ce week-end ? (10, 11 et 12 octobre 2025)"},"content":{"rendered":"<p>Le week-end s&rsquo;annonce charg\u00e9 \u00e0 <strong>Lyon <\/strong>! Apr\u00e8s la Run in Lyon la semaine derni\u00e8re, c&rsquo;est <a href=\"https:\/\/mesinfos.fr\/69000-lyon\/lyon-braderie-festival-les-commerces-occupent-la-presqu-ile-ce-week-end-231534.html\" target=\"_blank\" rel=\"noopener\">la grande braderie des commer\u00e7ants du centre-ville<\/a> qui s&#8217;empare de la Presqu&rsquo;\u00eele durant trois jours. En parall\u00e8le, les visiteurs peuvent se rendre au parc de la T\u00eate d&rsquo;Or o\u00f9 les activit\u00e9s ne manquent pas, tandis que les amateurs de th\u00e9\u00e2tre sont invit\u00e9s au TNP \u00e0 Villeurbanne.\u00a0 <\/p>\n<p><strong>Voici notre s\u00e9lection de sorties \u00e0 ne pas rater ce week-end des 10, 11 et 12 octobre 2025.<\/strong> <\/p>\n<p>Faire de bonnes affaires au Lyon braderie festival et au march\u00e9 de la mode vintage <img decoding=\"async\" alt=\"\" class=\"img-align-center\" data-zoomable=\"\" loading=\"lazy\" src=\"https:\/\/www.europesays.com\/fr\/wp-content\/uploads\/2025\/10\/marche-de-la-mode-vintage-sucriere-lyon-credit-flora-chaduc.jpg\"\/> \u00a9 Flora Chaduc &#8211; Le march\u00e9 de la mode vintage attire chaque ann\u00e9e plusieurs milliers de visiteurs.\u00a0 <\/p>\n<p>C\u2019est LE week-end des <strong>bonnes affaires<\/strong> \u00e0 Lyon. Entre la braderie g\u00e9ante qui s\u2019\u00e9tale sur toute la Presqu\u2019\u00eele et le <strong>march\u00e9 de la mode vintage<\/strong>, les Lyonnais auront de quoi se faire plaisir.\u00a0 <\/p>\n<ul>\n<li><strong>Vendredi 10 (10h-20h), samedi 11 (10h-20h) et dimanche 12 octobre (11h-19h)<\/strong>, des pentes de la Croix-Rousse au p\u00f4le Confluence, le <strong>Lyon braderie festival <\/strong>s\u2019installe, avec des centaines de boutiques participantes. Mode, d\u00e9coration, bien-\u00eatre ou encore loisirs, les commer\u00e7ants pr\u00e9voient des remises int\u00e9ressantes pour d\u00e9stocker avant l&rsquo;hiver, tandis que des animations rythmeront les trois jours. <\/li>\n<li>Samedi (10h-19h) et dimanche (10h-18h), la Sucri\u00e8re se transforme en un immense march\u00e9 r\u00e9tro, o\u00f9 il sera possible de d\u00e9nicher des pi\u00e8ces vintage, rares en seconde main ou upcycl\u00e9es. Mode, d\u00e9coration, mobilier, vinyles, plus de 180 exposants seront sur place.<\/li>\n<\/ul>\n<p>  S&rsquo;a\u00e9rer au parc de la T\u00eate d&rsquo;Or pour le festival des courges et l&rsquo;exposition Le Chat <img decoding=\"async\" alt=\"\" class=\"img-align-center\" data-zoomable=\"\" loading=\"lazy\" src=\"https:\/\/www.europesays.com\/fr\/wp-content\/uploads\/2025\/10\/exposition-courges-automne-credit-shutterstock.jpg\"\/> \u00a9 Shutterstock &#8211; Le festival des courges met \u00e0 l&rsquo;honneur les l\u00e9gumes de l&rsquo;automne. <\/p>\n<p>Ce week-end (10h-18h), <strong>le festival des courges s&rsquo;invite au parc de la T\u00eate d&rsquo;Or \u00e0 Lyon<\/strong> pour sa 12e \u00e9dition. Gratuit, l&rsquo;\u00e9v\u00e9nement proposera des animations (concerts, peintures, espace de jeu, street-art, etc.) autour des fruits et l\u00e9gumes embl\u00e9matiques de l&rsquo;automne. Cette ann\u00e9e, la f\u00eate se d\u00e9roule sur le parking des cars au sein du parc. <\/p>\n<p>En parall\u00e8le, depuis une semaine, des <strong>sculptures monumentales<\/strong> du personnage de bande dessin\u00e9e <strong>Le Chat <\/strong>ont envahi les lieux, <a href=\"https:\/\/mesinfos.fr\/69000-lyon\/le-chat-de-philippe-geluck-s-installe-a-lyon-231375.html\" target=\"_blank\" rel=\"noopener\">\u00e0 l&rsquo;occasion d&rsquo;une grande exposition en plein air d\u00e9di\u00e9e<\/a>. Le festival peut \u00eatre l&rsquo;occasion de les d\u00e9couvrir.<\/p>\n<p>  Admirer les \u0153uvres de street-art \u00e0 Rillieux-la-Pape <img decoding=\"async\" alt=\"\" class=\"img-align-center\" data-zoomable=\"\" loading=\"lazy\" src=\"https:\/\/mesinfos.fr\/content\/articles\/556\/A231556\/exposition-street-art-le-seize-rillieux-la-pape-2025-credit-noemie-coquet.JPG\"\/> \u00a9 No\u00e9mie Coquet &#8211; Les paysages et oeuvres oniriques de Loraine Motti sont expos\u00e9s au Seize, lieu d&rsquo;exposition \u00e9ph\u00e9m\u00e8re \u00e0 Rillieux-la-Pape.\u00a0 <\/p>\n<p>Ce week-end, le Seize s&rsquo;illustre comme une belle entr\u00e9e en mati\u00e8re de la nouvelle \u00e9dition du <strong>festival de street-art de Rillieux-la-Pape<\/strong>, du 13 au 25 octobre 2025. Ce lieu d&rsquo;exposition \u00e9ph\u00e9m\u00e8re <a href=\"https:\/\/mesinfos.fr\/69140-rillieux-la-pape\/street-art-plongee-dans-les-entrailles-du-seize-a-rillieux-la-pape-231224.html\" target=\"_blank\" rel=\"noopener\">ouvert depuis un an<\/a> abrite les \u0153uvres de <strong>11 artistes<\/strong>. Pour mieux appr\u00e9cier et appr\u00e9hender les d\u00e9couvertes qu&rsquo;il rec\u00e8le, dans le sous-sol d&rsquo;un immeuble de l&rsquo;avenue du Mont-Blanc, les visites se font sur inscription.\u00a0 <\/p>\n<p> D\u00e9couvrir l&rsquo;adaptation th\u00e9\u00e2trale d&rsquo;un essai philosophique \u00e0 Villeurbanne <img decoding=\"async\" alt=\"\" class=\"img-align-center\" data-zoomable=\"\" loading=\"lazy\" src=\"https:\/\/www.europesays.com\/fr\/wp-content\/uploads\/2025\/10\/tnp-villeurbanne-salle-roger-planchon-jacques-grison.jpg\"\/> \u00a9 Jacques Grison &#8211; Le Th\u00e9\u00e2tre national populaire (TNP) de Villeurbanne ouvre sa saison vendredi 10 octobre. <\/p>\n<p>Le <strong>Th\u00e9\u00e2tre national populaire<\/strong> (TNP) de Villeurbanne pr\u00e9sente Mani\u00e8res d&rsquo;\u00eatre vivant,\u00a0mis en sc\u00e8ne par Clara H\u00e9douin. Une pi\u00e8ce adapt\u00e9e du texte du philosophe Baptiste Morizot. Une \u0153uvre audacieuse <a href=\"https:\/\/mesinfos.fr\/69100-villeurbanne\/tnp-de-villeurbanne-la-philosophie-de-baptiste-morizot-adaptee-au-theatre-par-clara-hedouin-230984.html\" target=\"_blank\" rel=\"noopener\">qui ouvre la saison 2025-2026<\/a>. <\/p>\n<p><strong>Infos pratiques<\/strong> <\/p>\n<p>Mani\u00e8res d&rsquo;\u00eatre vivant au Th\u00e9\u00e2tre national populaire (TNP) de Villeurbanne. <\/p>\n<p>Du 10 au 24 octobre 2025. Rencontre le jeudi 16 octobre \u00e0 19h30.\u00a0 <\/p>\n<p>Plein tarif : 30 euros. Horaires et billetterie en ligne.<\/p>\n<p> Se procurer le Petit Paum\u00e9 2026 sur la place Bellecour <\/p>\n<p>Samedi 11 octobre, le <strong>Petit Paum\u00e9<\/strong> d\u00e9voile son <strong>nouveau guide 2026<\/strong> sur la place Bellecour. Le lancement officiel de la 57e \u00e9dition du guide est organis\u00e9 autour d&rsquo;une journ\u00e9e festive, gratuite et ouverte \u00e0 tous. Cette \u00e9dition 2026 r\u00e9serve son lot de surprises : un parcours Ninja Warrior grandeur nature, des ateliers de poterie ou cuisine pour tous les \u00e2ges, la pr\u00e9sence exceptionnelle de L\u00e9man en concert live, et bien d&rsquo;autres&#8230; <\/p>\n<p><strong>Infos pratiques<\/strong> <\/p>\n<p>Samedi sur la place Bellecour de 10h \u00e0 21h. Entr\u00e9e libre et gratuite.<\/p>\n","protected":false},"excerpt":{"rendered":"Le week-end s&rsquo;annonce charg\u00e9 \u00e0 Lyon ! Apr\u00e8s la Run in Lyon la semaine derni\u00e8re, c&rsquo;est la grande&hellip;\n","protected":false},"author":2,"featured_media":451442,"comment_status":"","ping_status":"","sticky":false,"template":"","format":"standard","meta":{"footnotes":""},"categories":[1889],"tags":[1111,11,2430,1777,674,1011,27,11431,2428,12,25,3336],"class_list":{"0":"post-451441","1":"post","2":"type-post","3":"status-publish","4":"format-standard","5":"has-post-thumbnail","7":"category-lyon","8":"tag-actu","9":"tag-actualites","10":"tag-auvergne-rhone-alpes","11":"tag-eu","12":"tag-europe","13":"tag-fr","14":"tag-france","15":"tag-idu00e9es-de-sorties","16":"tag-lyon","17":"tag-news","18":"tag-republique-francaise","19":"tag-sortir-u00e0-lyon"},"share_on_mastodon":{"url":"https:\/\/pubeurope.com\/@fr\/115347468113556791","error":""},"_links":{"self":[{"href":"https:\/\/www.europesays.com\/fr\/wp-json\/wp\/v2\/posts\/451441","targetHints":{"allow":["GET"]}}],"collection":[{"href":"https:\/\/www.europesays.com\/fr\/wp-json\/wp\/v2\/posts"}],"about":[{"href":"https:\/\/www.europesays.com\/fr\/wp-json\/wp\/v2\/types\/post"}],"author":[{"embeddable":true,"href":"https:\/\/www.europesays.com\/fr\/wp-json\/wp\/v2\/users\/2"}],"replies":[{"embeddable":true,"href":"https:\/\/www.europesays.com\/fr\/wp-json\/wp\/v2\/comments?post=451441"}],"version-history":[{"count":0,"href":"https:\/\/www.europesays.com\/fr\/wp-json\/wp\/v2\/posts\/451441\/revisions"}],"wp:featuredmedia":[{"embeddable":true,"href":"https:\/\/www.europesays.com\/fr\/wp-json\/wp\/v2\/media\/451442"}],"wp:attachment":[{"href":"https:\/\/www.europesays.com\/fr\/wp-json\/wp\/v2\/media?parent=451441"}],"wp:term":[{"taxonomy":"category","embeddable":true,"href":"https:\/\/www.europesays.com\/fr\/wp-json\/wp\/v2\/categories?post=451441"},{"taxonomy":"post_tag","embeddable":true,"href":"https:\/\/www.europesays.com\/fr\/wp-json\/wp\/v2\/tags?post=451441"}],"curies":[{"name":"wp","href":"https:\/\/api.w.org\/{rel}","templated":true}]}}