{"id":451443,"date":"2025-10-10T02:18:23","date_gmt":"2025-10-10T02:18:23","guid":{"rendered":"https:\/\/www.europesays.com\/fr\/451443\/"},"modified":"2025-10-10T02:18:23","modified_gmt":"2025-10-10T02:18:23","slug":"les-plus-beaux-marches-de-noel-2025-a-paris-les-dates","status":"publish","type":"post","link":"https:\/\/www.europesays.com\/fr\/451443\/","title":{"rendered":"Les plus beaux march\u00e9s de No\u00ebl 2025 \u00e0 Paris : Les dates"},"content":{"rendered":"<p>C\u2019est devenu une tradition incontournable. Chaque ann\u00e9e, de nombreux <strong>march\u00e9s de No\u00ebl<\/strong> s\u2019installent \u00e0 <strong>Paris<\/strong> pour le bonheur des grands comme des petits. Des artisans fran\u00e7ais mais venant aussi parfois de l\u2019\u00e9tranger investissent de charmants chalets et proposent aux visiteurs le produit de leur travail. Richement d\u00e9cor\u00e9s, ces petits villages hivernaux rivalisent d\u2019inventivit\u00e9 et multiplient les attractions\u00a0: vente de sapins, man\u00e8ges, rencontres avec le P\u00e8re-No\u00ebl, d\u00e9gustations de sp\u00e9cialit\u00e9s culinaires, ateliers de cr\u00e9ation, patinoires, spectacles&#8230;<br class=\"autobr\"\/><br \/>\nD\u00e9couvrez notre s\u00e9lection <strong>des plus beaux march\u00e9s de No\u00ebl 2025<\/strong> qui ouvriront leurs portes au public \u00e0 Paris entre novembre et d\u00e9cembre.<\/p>\n<p>March\u00e9 de No\u00ebl de Paris La D\u00e9fense <\/p>\n<p><strong>Du 13 novembre au 28 d\u00e9cembre 2025, lundi &#8211; mercredi 11h \u00e0 20h30, jeudi 11h \u00e0 22h, vendredi 11h \u00e0 23h, samedi 10h \u00e0 23h, dimanche 11h \u00e0 20h30 (ferm\u00e9 le 25 d\u00e9cembre)<\/strong><br \/><strong>Parvis de La D\u00e9fense<\/strong> \u2014 Parvis de La D\u00e9fense, 92800 Puteaux<\/p>\n<p>Plus de 350 chalets et stands font de ce march\u00e9 festif le plus grand d\u2019\u00cele-de-France. La 30e \u00e9dition propose un large choix de cadeaux artisanaux, de sp\u00e9cialit\u00e9s gourmandes r\u00e9gionales, ainsi qu\u2019une patinoire et de nombreuses animations gratuites (visite du P\u00e8re No\u00ebl, ateliers enfants, parades lumineuses et soir\u00e9es musicales). L\u2019ambiance magique du Parvis, illumin\u00e9 pour les f\u00eates, en fait un rendez-vous incontournable pour pr\u00e9parer No\u00ebl en famille ou entre amis.<\/p>\n<p><strong>Acc\u00e8s\u00a0:<\/strong> M\u00b0\u00a0La D\u00e9fense \u2013 Grande Arche (ligne 1)<br \/><strong>En savoir plus\u00a0:<\/strong> <a href=\"https:\/\/xmasparisladefense.com\" rel=\"nofollow noopener\" target=\"_blank\">xmasparisladefense.com<\/a><\/p>\n<p> <a href=\"https:\/\/paris.evous.fr\/IMG\/jpg\/marches-noel-paris.jpg\" class=\"spip_doc_lien mediabox\" type=\"image\/jpeg\" rel=\"nofollow noopener\" target=\"_blank\"><br \/>\n\t\t<img loading=\"lazy\" decoding=\"async\" src=\"https:\/\/www.europesays.com\/fr\/wp-content\/uploads\/2025\/10\/marches-noel-paris-f9d39.jpg\" width=\"672\" height=\"446\" alt=\"March\u00e9 de No\u00ebl des Tuileries\"\/><\/a><\/p>\n<p><a href=\"https:\/\/paris.evous.fr\/fetes\/noel\/le-marche-de-noel-des-tuileries.html\" class=\"spip_in\" rel=\"nofollow noopener\" target=\"_blank\">March\u00e9 de No\u00ebl du Jardin des Tuileries<\/a> <\/p>\n<p><strong>Du 14 novembre 2025 au 4 janvier 2026, tous les jours de 11h \u00e0 23h45 (fermeture \u00e0 20h les 24 et 31 d\u00e9cembre)<\/strong><br \/><strong>Jardin des Tuileries<\/strong> \u2014 Place de la Concorde, 75001 Paris<\/p>\n<p>Le grand village de No\u00ebl des Tuileries s\u2019installe au c\u0153ur de Paris avec environ 100 chalets en bois proposant artisanat, cadeaux et sp\u00e9cialit\u00e9s gourmandes de diff\u00e9rentes r\u00e9gions. Dans une atmosph\u00e8re foraine f\u00e9\u00e9rique, on profite d\u2019une grande patinoire en plein air, de man\u00e8ges pour petits et grands (grande roue, carrousel) et de la pr\u00e9sence du P\u00e8re No\u00ebl pour les photos. Ce march\u00e9 festif, tr\u00e8s pris\u00e9 des Parisiens et touristes, offre une exp\u00e9rience de No\u00ebl familiale et anim\u00e9e avec vue sur le Louvre et les illuminations de la ville.<\/p>\n<p><strong>Acc\u00e8s\u00a0:<\/strong> M\u00b0\u00a0Concorde (lignes 1, 8, 12)<br \/><strong><a href=\"https:\/\/paris.evous.fr\/fetes\/noel\/le-marche-de-noel-des-tuileries.html\" class=\"spip_in\" rel=\"nofollow noopener\" target=\"_blank\">En savoir plus<\/a><\/strong><\/p>\n<p><a href=\"https:\/\/paris.evous.fr\/fetes\/noel\/marche-de-noel-de-montmartre-abbesses.html\" class=\"spip_in\" rel=\"nofollow noopener\" target=\"_blank\">March\u00e9 de No\u00ebl de Montmartre &#8211; Abbesses<\/a> <\/p>\n<p><strong>Du 21 novembre 2025 au 4 janvier 2026, tous les jours de 10h \u00e0 20h<\/strong><br \/><strong>Place des Abbesses (Montmartre)<\/strong> \u2014 Place des Abbesses, 75018 Paris<\/p>\n<p>Ce charmant village de No\u00ebl montmartrois r\u00e9unit une vingtaine de chalets autour de la butte Montmartre, dans un d\u00e9cor pittoresque \u00e0 deux pas du Sacr\u00e9-C\u0153ur. On y d\u00e9couvre des produits artisanaux fran\u00e7ais, des sp\u00e9cialit\u00e9s r\u00e9gionales (vin chaud, marrons grill\u00e9s, pain d\u2019\u00e9pices) et des id\u00e9es cadeaux originales. Les enfants pourront y rencontrer le P\u00e8re No\u00ebl et d\u00e9poser leur lettre. L\u2019atmosph\u00e8re chaleureuse de quartier, entre fa\u00e7ades illumin\u00e9es et chants de No\u00ebl, fait de ce march\u00e9 un passage oblig\u00e9 pour vivre la magie des f\u00eates dans un esprit authentique et convivial.<\/p>\n<p><strong>Acc\u00e8s\u00a0:<\/strong> M\u00b0\u00a0Abbesses (ligne 12)<br \/><strong><a href=\"https:\/\/paris.evous.fr\/fetes\/noel\/marche-de-noel-de-montmartre-abbesses.html\" class=\"spip_in\" rel=\"nofollow noopener\" target=\"_blank\">En savoir plus<\/a><\/strong><\/p>\n<p><a href=\"https:\/\/paris.evous.fr\/fetes\/noel\/marche-de-noel-de-notre-dame.html\" class=\"spip_in\" rel=\"nofollow noopener\" target=\"_blank\">March\u00e9 de No\u00ebl de Paris Notre-Dame<\/a> <\/p>\n<p><strong>Du 28 novembre au 25 d\u00e9cembre 2025, tous les jours de 10h \u00e0 20h (jusqu\u2019\u00e0 21h les vendredis, samedis et dimanches)<\/strong><br \/><strong>Square Ren\u00e9 Viviani<\/strong> \u2014 Quai Montebello, 75005 Paris<\/p>\n<p>Face \u00e0 la cath\u00e9drale Notre-Dame, ce march\u00e9 \u00e0 taille humaine met \u00e0 l\u2019honneur le savoir-faire artisanal fran\u00e7ais. Une quarantaine d\u2019artisans et cr\u00e9ateurs s\u00e9lectionn\u00e9s proposent bijoux, jouets en bois, c\u00e9ramiques, d\u00e9corations et produits du terroir de grande qualit\u00e9. Dans l\u2019ambiance du vieux Paris, les visiteurs profitent de concerts de chants de No\u00ebl, d\u2019un orgue de Barbarie et d\u2019animations familiales (contes, dessins pour enfants). Le March\u00e9 de No\u00ebl de Notre-Dame offre un cadre enchanteur et intimiste, avec vue sur la cath\u00e9drale, id\u00e9al pour trouver des cadeaux uniques loin de l\u2019agitation des grands march\u00e9s.<\/p>\n<p><strong>Acc\u00e8s\u00a0:<\/strong> RER B\/C Saint-Michel \u2013 Notre-Dame<br \/><strong><a href=\"https:\/\/paris.evous.fr\/fetes\/noel\/marche-de-noel-de-notre-dame.html\" class=\"spip_in\" rel=\"nofollow noopener\" target=\"_blank\">En savoir plus<\/a><\/strong><\/p>\n<p> Village de No\u00ebl de Saint-Germain-des-Pr\u00e9s <\/p>\n<p><strong>Du 25 novembre 2025 au 1er janvier 2026, tous les jours de 11h \u00e0 21h<\/strong><br \/><strong>Boulevard Saint-Germain (\u00c9glise Saint-Germain-des-Pr\u00e9s)<\/strong> \u2014 Place Saint-Germain-des-Pr\u00e9s, 75006 Paris<\/p>\n<p>Le c\u00e9l\u00e8bre quartier de Saint-Germain-des-Pr\u00e9s accueille son march\u00e9 de No\u00ebl le long du boulevard, autour de l\u2019\u00e9glise historique. De jolis chalets d\u00e9cor\u00e9s proposent des produits artisanaux haut de gamme\u00a0: gourmandises r\u00e9gionales (foie gras, chocolats, biscuits), vins chauds, d\u00e9corations festives et id\u00e9es cadeaux raffin\u00e9es. L\u2019ambiance \u00e9l\u00e9gante de la rive gauche, avec les illuminations des platanes et des fa\u00e7ades, conf\u00e8re \u00e0 ce village de No\u00ebl un charme particulier. C\u2019est une halte id\u00e9ale en plein centre pour une promenade hivernale, une pause gourmande et quelques emplettes de No\u00ebl dans un cadre parisien authentique.<\/p>\n<p><strong>Acc\u00e8s\u00a0:<\/strong> M\u00b0\u00a0Saint-Germain-des-Pr\u00e9s (ligne 4)<br \/><strong>En savoir plus\u00a0:<\/strong> <a href=\"https:\/\/www.facebook.com\/MarcheNoelSaintGermain\" rel=\"nofollow noopener\" target=\"_blank\">facebook.com<\/a><\/p>\n<p><a href=\"https:\/\/paris.evous.fr\/fetes\/noel\/marche-de-noel-alsacien-gare-de-l-est.html\" class=\"spip_in\" rel=\"nofollow noopener\" target=\"_blank\">March\u00e9 de No\u00ebl Alsacien de la Gare de l\u2019Est<\/a> <\/p>\n<p><strong>Du 28 novembre au 14 d\u00e9cembre 2025, lundi &#8211; samedi de 9h \u00e0 19h30, dimanche de 10h \u00e0 19h<\/strong><br \/><strong>Gare de l\u2019Est (Parvis)<\/strong> \u2014 Place du 11-Novembre-1918, 75010 Paris<\/p>\n<p>Un petit morceau d\u2019Alsace s\u2019invite \u00e0 Paris avec ce march\u00e9 traditionnel situ\u00e9 sur le parvis de la Gare de l\u2019Est. Une vingtaine de chalets abritent vignerons, boulangers, charcutiers, fromagers et artisans venus tout droit d\u2019Alsace pour faire d\u00e9couvrir leurs sp\u00e9cialit\u00e9s authentiques. On peut y d\u00e9guster bretzels, pain d\u2019\u00e9pices, bredele, vin blanc d\u2019Alsace, flammekueche ou choucroute, et acheter des d\u00e9corations de No\u00ebl alsaciennes artisanales. Les parfums de cannelle et de vin chaud, ainsi que l\u2019accent chantant des exposants, transportent les visiteurs dans l\u2019ambiance chaleureuse des march\u00e9s de No\u00ebl de Strasbourg sans quitter Paris.<\/p>\n<p><strong>Acc\u00e8s\u00a0:<\/strong> M\u00b0\u00a0Gare de l\u2019Est (lignes 4, 5, 7)<br \/><strong><a href=\"https:\/\/paris.evous.fr\/fetes\/noel\/marche-de-noel-alsacien-gare-de-l-est.html\" class=\"spip_in\" rel=\"nofollow noopener\" target=\"_blank\">En savoir plus<\/a><\/strong><\/p>\n<p>Village de No\u00ebl Suisse \u00e0 La Villette <\/p>\n<p><strong>Du 20 novembre au 28 d\u00e9cembre 2025, lundi &#8211; mardi 17h \u00e0 21h, mercredi 11h \u00e0 21h, jeudi &#8211; samedi 11h \u00e0 22h, dimanche 11h \u00e0 20h<\/strong><br \/><strong>Place de la Fontaine-aux-Lions (Parc de La Villette)<\/strong> \u2014 211 avenue Jean Jaur\u00e8s, 75019 Paris<\/p>\n<p>Nouvelle venue dans la capitale, la premi\u00e8re \u00e9dition du village de No\u00ebl suisse transforme la place de la Fontaine-aux-Lions en un v\u00e9ritable d\u00e9cor alpin. Plus de 100 chalets illumin\u00e9s mettent en avant l\u2019artisanat helv\u00e9tique et des cr\u00e9ations locales de qualit\u00e9, ainsi que de savoureux stands de street food (raclettes, chocolat suisse, etc.). Au c\u0153ur du village tr\u00f4ne un grand chalet \u00e0 fondue traditionnel o\u00f9 l\u2019on peut partager un repas chaleureux. Des animations familiales ponctuent la visite\u00a0: contes pour enfants, man\u00e8ge r\u00e9tro, ateliers cr\u00e9atifs et concerts. Ce march\u00e9 in\u00e9dit offre une immersion d\u00e9paysante dans la magie de No\u00ebl suisse, en plein Paris.<\/p>\n<p><strong>Acc\u00e8s\u00a0:<\/strong> M\u00b0\u00a0Porte de Pantin (ligne 5)<br \/><strong>En savoir plus\u00a0:<\/strong> <a href=\"https:\/\/noel-la-villette.fr\" rel=\"nofollow noopener\" target=\"_blank\">noel-la-villette.fr<\/a><\/p>\n<p>Village de No\u00ebl du Champ-de-Mars (Tour Eiffel) <\/p>\n<p><strong>Du 6 d\u00e9cembre 2025 au 4 janvier 2026, tous les jours de 12h \u00e0 23h (fermeture \u00e0 19h les 24 et 31 d\u00e9cembre)<\/strong><br \/><strong>Champ-de-Mars (Quai Jacques-Chirac)<\/strong> \u2014 75007 Paris<\/p>\n<p>Au pied de la tour Eiffel, ce village de No\u00ebl enchanteur propose une soixantaine de chalets offrant artisanat et gourmandises avec la Dame de Fer en toile de fond. Les visiteurs peuvent fl\u00e2ner entre les stands de produits du terroir, de jouets en bois et de souvenirs, tout en d\u00e9gustant cr\u00eapes, marrons chauds ou vin chaud. Des animations pour les familles agr\u00e9mentent la promenade (ateliers pour enfants, chorales en soir\u00e9e) et une patinoire \u00e9ph\u00e9m\u00e8re peut compl\u00e9ter l\u2019exp\u00e9rience selon la programmation. Le cadre exceptionnel du Champ-de-Mars illumin\u00e9 et la vue sur la tour Eiffel scintillante font de ce march\u00e9 un lieu f\u00e9\u00e9rique pour c\u00e9l\u00e9brer les f\u00eates de fin d\u2019ann\u00e9e \u00e0 Paris.<\/p>\n<p><strong>Acc\u00e8s\u00a0:<\/strong> RER C Champ de Mars \u2013 Tour Eiffel<br \/><strong>En savoir plus\u00a0:<\/strong> <a href=\"https:\/\/www.facebook.com\/villagedenoeltoureiffel\" rel=\"nofollow noopener\" target=\"_blank\">facebook.com<\/a><\/p>\n<p>Les F\u00e9eries d\u2019Auteuil <\/p>\n<p><strong>Du 6 au 14 d\u00e9cembre 2025, en semaine de 11h \u00e0 19h (nocturne vendredi jusqu\u2019\u00e0 21h) et le week-end de 10h30 \u00e0 19h<\/strong><br \/><strong>Fondation Apprentis d\u2019Auteuil<\/strong> \u2014 40 rue Jean de La Fontaine, 75016 Paris<\/p>\n<p>Ce march\u00e9 de No\u00ebl solidaire, organis\u00e9 au profit de la fondation Apprentis d\u2019Auteuil, allie esprit de f\u00eate et g\u00e9n\u00e9rosit\u00e9. Dans la cour et les halls de ce site historique du 16e, de nombreux exposants et cr\u00e9ateurs proposent des cadeaux originaux (bijoux, maroquinerie, jouets, gourmandises) dont les ventes soutiennent les projets de la fondation pour les jeunes. Les F\u00e9eries d\u2019Auteuil, tr\u00e8s familiales, offrent aussi une remarquable exposition de cr\u00e8ches artisanales r\u00e9alis\u00e9es par les apprentis, un coin brocante, une vente de sapins de No\u00ebl et des concerts de chorales dans la chapelle chaque week-end \u00e0 17h. Un rendez-vous chaleureux o\u00f9 faire ses emplettes tout en faisant une bonne action.<\/p>\n<p><strong>Acc\u00e8s\u00a0:<\/strong> M\u00b0\u00a0Jasmin (ligne 9)<br \/><strong>En savoir plus\u00a0:<\/strong> <a href=\"https:\/\/sanctuairesaintetherese-paris.apprentis-auteuil.org\/nos-evenements\/feeries-dauteuil\" rel=\"nofollow noopener\" target=\"_blank\">apprentis-auteuil.org<\/a><\/p>\n<p>March\u00e9 de No\u00ebl de Klin d\u2019\u0153il (Carreau du Temple) <\/p>\n<p><strong>Les 13 et 14 d\u00e9cembre 2025, samedi de 11h \u00e0 20h, dimanche de 11h \u00e0 19h<\/strong><br \/><strong>Carreau du Temple<\/strong> \u2014 4 rue Eug\u00e8ne Spuller, 75003 Paris<\/p>\n<p>Pour une ambiance plus artistique, le march\u00e9 de cr\u00e9ateurs Klin d\u2019\u0153il investit la halle du Carreau du Temple le temps d\u2019un week-end. Quelque 80 artisans et jeunes marques fran\u00e7aises y pr\u00e9sentent des cr\u00e9ations tendance et faites main\u00a0: mode, accessoires, bijoux, c\u00e9ramiques, papeterie, objets d\u00e9co et gourmandises originales. Des ateliers DIY gratuits (s\u00e9rigraphie, broderie, etc.) permettent aux visiteurs, petits et grands, de fabriquer eux-m\u00eames un souvenir unique sur place. Le tout se d\u00e9roule en musique et dans une atmosph\u00e8re festive et color\u00e9e. Entr\u00e9e libre pour cette quatri\u00e8me \u00e9dition devenue un rendez-vous pris\u00e9 des amoureux du fait-main et des cadeaux de No\u00ebl cr\u00e9atifs.<\/p>\n<p><strong>Acc\u00e8s\u00a0:<\/strong> M\u00b0\u00a0Temple (ligne 3)<br \/><strong>En savoir plus\u00a0:<\/strong> <a href=\"https:\/\/www.klindoeil.com\" rel=\"nofollow noopener\" target=\"_blank\">klindoeil.com<\/a><\/p>\n","protected":false},"excerpt":{"rendered":"C\u2019est devenu une tradition incontournable. Chaque ann\u00e9e, de nombreux march\u00e9s de No\u00ebl s\u2019installent \u00e0 Paris pour le bonheur&hellip;\n","protected":false},"author":2,"featured_media":451444,"comment_status":"","ping_status":"","sticky":false,"template":"","format":"standard","meta":{"footnotes":""},"categories":[1592],"tags":[1111,11,1777,674,1011,27,662,12,626,25],"class_list":{"0":"post-451443","1":"post","2":"type-post","3":"status-publish","4":"format-standard","5":"has-post-thumbnail","7":"category-ile-de-france","8":"tag-actu","9":"tag-actualites","10":"tag-eu","11":"tag-europe","12":"tag-fr","13":"tag-france","14":"tag-ile-de-france","15":"tag-news","16":"tag-paris","17":"tag-republique-francaise"},"share_on_mastodon":{"url":"https:\/\/pubeurope.com\/@fr\/115347476474846075","error":""},"_links":{"self":[{"href":"https:\/\/www.europesays.com\/fr\/wp-json\/wp\/v2\/posts\/451443","targetHints":{"allow":["GET"]}}],"collection":[{"href":"https:\/\/www.europesays.com\/fr\/wp-json\/wp\/v2\/posts"}],"about":[{"href":"https:\/\/www.europesays.com\/fr\/wp-json\/wp\/v2\/types\/post"}],"author":[{"embeddable":true,"href":"https:\/\/www.europesays.com\/fr\/wp-json\/wp\/v2\/users\/2"}],"replies":[{"embeddable":true,"href":"https:\/\/www.europesays.com\/fr\/wp-json\/wp\/v2\/comments?post=451443"}],"version-history":[{"count":0,"href":"https:\/\/www.europesays.com\/fr\/wp-json\/wp\/v2\/posts\/451443\/revisions"}],"wp:featuredmedia":[{"embeddable":true,"href":"https:\/\/www.europesays.com\/fr\/wp-json\/wp\/v2\/media\/451444"}],"wp:attachment":[{"href":"https:\/\/www.europesays.com\/fr\/wp-json\/wp\/v2\/media?parent=451443"}],"wp:term":[{"taxonomy":"category","embeddable":true,"href":"https:\/\/www.europesays.com\/fr\/wp-json\/wp\/v2\/categories?post=451443"},{"taxonomy":"post_tag","embeddable":true,"href":"https:\/\/www.europesays.com\/fr\/wp-json\/wp\/v2\/tags?post=451443"}],"curies":[{"name":"wp","href":"https:\/\/api.w.org\/{rel}","templated":true}]}}