{"id":451445,"date":"2025-10-10T02:19:13","date_gmt":"2025-10-10T02:19:13","guid":{"rendered":"https:\/\/www.europesays.com\/fr\/451445\/"},"modified":"2025-10-10T02:19:13","modified_gmt":"2025-10-10T02:19:13","slug":"decouvrez-le-palmares-de-la-premiere-edition-du-prix-metoomedia","status":"publish","type":"post","link":"https:\/\/www.europesays.com\/fr\/451445\/","title":{"rendered":"D\u00e9couvrez le palmar\u00e8s de la premi\u00e8re \u00e9dition du Prix MeTooMedia"},"content":{"rendered":"\n<p class=\"c-chapo \">\n  Ce prix vise \u00e0 r\u00e9compenser et mettre en avant les \u0153uvres et travaux journalistiques traitant des violences sexistes et sexuelles.\n<\/p>\n<p>      lire plus tard<\/p>\n<p id=\"dialog__title\" class=\"dialog__title\">Pour sauvegarder cet article, connectez-vous ou cr\u00e9ez un compte franceinfo<\/p>\n<p class=\"dialog__description\">Sans paiement. Sans abonnement.<\/p>\n<p>        Fermer la fen\u00eatre d\u2019activation des notifications France Info<\/p>\n<p>      cr\u00e9er votre compte<\/p>\n<p>      se connecter<\/p>\n<p>        Fermer la fen\u00eatre de pr\u00e9sentation<\/p>\n<p>    <img loading=\"lazy\" decoding=\"async\" class=\"signature__image lazyload\" width=\"100\" height=\"100\" data- alt=\"\" src=\"https:\/\/www.europesays.com\/fr\/wp-content\/uploads\/2025\/05\/64a7df4c5fe71_placeholder-36b69ec8.png\"\/><\/p>\n<p>    Publi\u00e9 le 09\/10\/2025 22:00<\/p>\n<p>        Temps de lecture : 2min<\/p>\n<p>    <img decoding=\"async\"  alt=\"La premi\u00e8re \u00e9dition du Prix MeTooMedia avait lieu jeudi 9 octobre 2025 \u00e0 Paris. (MeTooMedia)\" width=\"432\" height=\"243\" src=\"https:\/\/www.europesays.com\/fr\/wp-content\/uploads\/2025\/10\/image001-68e7df1b7503f038627067.png\" fetchpriority=\"high\"\/><\/p>\n<p>      La premi\u00e8re \u00e9dition du Prix MeTooMedia avait lieu jeudi 9 octobre 2025 \u00e0 Paris. (MeTooMedia)<\/p>\n<p>\u00ab\u00a0R\u00e9compenser les r\u00e9cits, enqu\u00eates et \u0153uvres qui traitent les violences sexistes avec rigueur, sensibilit\u00e9 et sans banalisation. Parce que raconter, enqu\u00eater, cr\u00e9er, c\u2019est r\u00e9sister\u00a0\u00bb, c&rsquo;est l&rsquo;objectif du Prix <a href=\"https:\/\/www.metoomedia.org\/lassociation\" target=\"_blank\" rel=\"noopener nofollow\">MeTooMedia<\/a>, dont la premi\u00e8re \u00e9dition s&rsquo;est d\u00e9roul\u00e9e jeudi 9 octobre \u00e0 19 heures au th\u00e9\u00e2tre de la Concorde, \u00e0 Paris.<\/p>\n<p>Parmi les laur\u00e9ats figurent la com\u00e9dienne <a href=\"https:\/\/www.franceinfo.fr\/replay-radio\/tout-public\/la-colere-d-anouk-grinberg-contre-les-violences-sexistes-et-sexuelles-et-l-exposition-sur-agnes-varda-autre-figure-feministe-du-cinema_7151457.html\" rel=\"nofollow noopener\" target=\"_blank\">Anouk Grinberg<\/a> pour son livre Respect, publi\u00e9 chez Julliard ou encore la journaliste de France Inter Ariane Griessel, pour son reportage sur les violences conjugales dans les campagnes en avril dernier (magazine Interception).<\/p>\n<p>Le jury, pr\u00e9sid\u00e9 par Giulia Fo\u00efs et compos\u00e9 de L\u00e9na\u00efg Bredoux, Enora Malagr\u00e9, Marie Patouillet, Mahir G\u00fcven, Mathilde, Lou Trotignon et St\u00e9phane Gaillard, a choisi de r\u00e9compenser :<\/p>\n<ul>\n<li><strong>La meilleure \u0153uvre litt\u00e9raire : <\/strong>Anouk Grinberg, Respect \u2013 \u00c9ditions Julliard<\/li>\n<li><strong>Le meilleur article de presse g\u00e9n\u00e9raliste<\/strong> : Emmanuelle Anizon, \u00ab\u00a0La toile\u00a0\u00bb, L\u2019Obs<\/li>\n<li><strong>Le meilleur article de presse sport<\/strong> (prix port\u00e9 par Femmes journalistes de sport) : Dorine Besson, \u00ab\u00a0Je n\u2019ai peur ni des talibans ni de mourir\u00a0\u00bb, L\u2019\u00c9quipe<\/li>\n<li><strong>Le meilleur reportage audiovisuel :<\/strong> <a href=\"https:\/\/www.radiofrance.fr\/franceinter\/podcasts\/interception\/interception-du-dimanche-27-avril-2025-4788598\" target=\"_blank\" rel=\"noopener nofollow\">Ariane Griessel, \u00ab\u00a0Violences conjugales, les entendez-vous dans nos campagnes ?\u00a0\u00bb<\/a>, Enqu\u00eate radio, France Inter<\/li>\n<li><strong>La meilleure \u0153uvre sc\u00e9nique :<\/strong> Le Collectif #MeTooTh\u00e9\u00e2tre, Les Histrioniques \u2013 Un trou dans la raquette<\/li>\n<li><strong>La meilleure \u0153uvre musicale : <\/strong>Juste Shani, Princess<\/li>\n<li><strong>La meilleure \u0153uvre cin\u00e9matographique :<\/strong> Philippe Faucon, Nismet (s\u00e9rie) \u2013 Alef One \/ Arte<\/li>\n<li><strong>Le Prix d\u2019honneur :<\/strong> Shiori Ito, Black Box Diaries (documentaire)<\/li>\n<li><strong>Le Prix du Jury :<\/strong> Mediapart<\/li>\n<\/ul>\n<p>\u00ab\u00a0Cette c\u00e9r\u00e9monie est l\u2019aboutissement du travail men\u00e9 par MeTooMedia pour sensibiliser les r\u00e9dactions et les milieux culturels \u00e0 leur responsabilit\u00e9 dans le traitement des violences sexistes et sexuelles. En r\u00e9compensant ces \u0153uvres rigoureuses, sensibles et non sensationnalistes, nous affirmons qu\u2019une autre culture m\u00e9diatique est possible, une culture du respect, qui prot\u00e8ge et r\u00e9pare\u00a0\u00bb, salue Emmanuelle Dancourt, pr\u00e9sidente de MeTooMedia. Ce prix a \u00e9t\u00e9 soutenu, entre autres, par la Fondation des Femmes, le minist\u00e8re de la Culture et le minist\u00e8re charg\u00e9 de l&rsquo;Egalit\u00e9.<\/p>\n","protected":false},"excerpt":{"rendered":"Ce prix vise \u00e0 r\u00e9compenser et mettre en avant les \u0153uvres et travaux journalistiques traitant des violences sexistes&hellip;\n","protected":false},"author":2,"featured_media":451446,"comment_status":"","ping_status":"","sticky":false,"template":"","format":"standard","meta":{"footnotes":""},"categories":[1888],"tags":[1111,1928,11,1927,1777,674,1011,27,12,1926,626,1925,25],"class_list":{"0":"post-451445","1":"post","2":"type-post","3":"status-publish","4":"format-standard","5":"has-post-thumbnail","7":"category-paris","8":"tag-actu","9":"tag-actu-paris","10":"tag-actualites","11":"tag-actualites-paris","12":"tag-eu","13":"tag-europe","14":"tag-fr","15":"tag-france","16":"tag-news","17":"tag-news-paris","18":"tag-paris","19":"tag-paris-news","20":"tag-republique-francaise"},"share_on_mastodon":{"url":"https:\/\/pubeurope.com\/@fr\/115347480306409520","error":""},"_links":{"self":[{"href":"https:\/\/www.europesays.com\/fr\/wp-json\/wp\/v2\/posts\/451445","targetHints":{"allow":["GET"]}}],"collection":[{"href":"https:\/\/www.europesays.com\/fr\/wp-json\/wp\/v2\/posts"}],"about":[{"href":"https:\/\/www.europesays.com\/fr\/wp-json\/wp\/v2\/types\/post"}],"author":[{"embeddable":true,"href":"https:\/\/www.europesays.com\/fr\/wp-json\/wp\/v2\/users\/2"}],"replies":[{"embeddable":true,"href":"https:\/\/www.europesays.com\/fr\/wp-json\/wp\/v2\/comments?post=451445"}],"version-history":[{"count":0,"href":"https:\/\/www.europesays.com\/fr\/wp-json\/wp\/v2\/posts\/451445\/revisions"}],"wp:featuredmedia":[{"embeddable":true,"href":"https:\/\/www.europesays.com\/fr\/wp-json\/wp\/v2\/media\/451446"}],"wp:attachment":[{"href":"https:\/\/www.europesays.com\/fr\/wp-json\/wp\/v2\/media?parent=451445"}],"wp:term":[{"taxonomy":"category","embeddable":true,"href":"https:\/\/www.europesays.com\/fr\/wp-json\/wp\/v2\/categories?post=451445"},{"taxonomy":"post_tag","embeddable":true,"href":"https:\/\/www.europesays.com\/fr\/wp-json\/wp\/v2\/tags?post=451445"}],"curies":[{"name":"wp","href":"https:\/\/api.w.org\/{rel}","templated":true}]}}