{"id":451447,"date":"2025-10-10T02:20:13","date_gmt":"2025-10-10T02:20:13","guid":{"rendered":"https:\/\/www.europesays.com\/fr\/451447\/"},"modified":"2025-10-10T02:20:13","modified_gmt":"2025-10-10T02:20:13","slug":"monaco-et-paris-enchainent-lasvel-rechute","status":"publish","type":"post","link":"https:\/\/www.europesays.com\/fr\/451447\/","title":{"rendered":"Monaco et Paris encha\u00eenent, l&rsquo;ASVEL rechute"},"content":{"rendered":"<p class=\"date\">\n                                                            Aur\u00e9lien Canot, Media365, publi\u00e9 le jeudi 09 octobre 2025 \u00e0 23h09\n                                                    <\/p>\n<p>Une semaine apr\u00e8s avoir enregistr\u00e9 leur premi\u00e8re victoire, Monaco, en d\u00e9placement \u00e0 Milan (82-79), et Paris, pour sa premi\u00e8re sortie \u00e0 domicile, face au Virtus Bologne (90-79), ont align\u00e9 un deuxi\u00e8me succ\u00e8s, jeudi lors de la 3e journ\u00e9e d&rsquo;Euroligue. L&rsquo;ASVEL a en revanche bu la tasse (85-72) \u00e0 Madrid face au Real et rechute d\u00e9j\u00e0.<\/p>\n<p>Monaco et Paris sur leur lanc\u00e9e, l&rsquo;ASVEL rechute. Battus tous deux lors de la 1ere journ\u00e9e, \u00e0 domicile contre Kaunas et sur le parquet de Fenerbah\u00e7e, Monaco et Paris avaient su relever la t\u00eate la semaine derni\u00e8re et enregistr\u00e9 du m\u00eame coup leur premi\u00e8re victoire de la saison en Euroligue. Ce jeudi, lors de la 3e journ\u00e9e et \u00e0 quatre jours du choc entre les deux \u00e9quipes en Betclic Elite, dimanche \u00e0 l&rsquo;Adidas Arena, les Mon\u00e9gasques et les Parisiens ont align\u00e9 un deuxi\u00e8me succ\u00e8s, en d\u00e9placement \u00e0 Milan (82-79) pour les joueurs de la Principaut\u00e9 et sur leur parquet face au Virtus Bologne (90-79) pour ces Parisiens qui effectuaient l\u00e0 leurs grands d\u00e9buts \u00e0 domicile cette saison dans la comp\u00e9tition.<\/p>\n<p>Les vainqueurs du Maccabi Tel Aviv \u00e0 Belgrade lors de la 2e journ\u00e9e ont cette fois domin\u00e9 Bologne gr\u00e2ce notamment \u00e0 un deuxi\u00e8me quart-temps qui a tourn\u00e9 nettement \u00e0 l&rsquo;avantage (25-16) de Nadir Hifi, meilleur Parisien jeudi (20 points, 6 passes, 4 sur 11 \u00e0 trois points), et de ses co\u00e9quipiers, qui en profitent pour grimper au 7e rang. D\u00e9j\u00e0 devant \u00e0 la pause (49-40), le champion de France a su ensuite conserver son avance jusqu&rsquo;\u00e0 la fin, et ce sans jamais trembler.<\/p>\n<p>Jackson n&rsquo;a pas suffi pour l&rsquo;ASVEL<\/p>\n<p>C&rsquo;est en revanche dans la douleur que Monaco a sign\u00e9 sa deuxi\u00e8me victoire. Elle doit essentiellement \u00e0 la tr\u00e8s bonne entame de la Roca Team, alors d\u00e9j\u00e0 port\u00e9e par un tr\u00e8s bon Daniel Theis (17 points au total). Les Milanais n&rsquo;ont toutefois jamais rien l\u00e2ch\u00e9 et il a fallu que Mike James, meilleur marqueur de la soir\u00e9e avec 18 points, sorte \u00e0 son tour le grand jeu pour maintenir son \u00e9quipe, qui s&rsquo;\u00e9tait donn\u00e9 un peu d&rsquo;air en d\u00e9but de dernier quart-temps et s&rsquo;installe \u00e0 la 3e place apr\u00e8s cette victoire, en t\u00eate jusqu&rsquo;au bout.<\/p>\n<p>L&rsquo;ASVEL n&rsquo;a pas connu ce plaisir. Ces Villeurbannais qui s&rsquo;\u00e9taient d\u00e9j\u00e0 inclin\u00e9s d&rsquo;entr\u00e9e, \u00e0 Valence, ont v\u00e9cu une sale soir\u00e9e sur le parquet du Real Madrid (d\u00e9faite 85-72). Surclass\u00e9s dans le premier quart-temps (27-19) par des Madril\u00e8nes plus incisifs \u00e0 l&rsquo;image de Chuma Okeke (17 points), les joueurs de Pierric Poupet ne sont jamais parvenus \u00e0 refaire leur retard et \u00e0 compenser leur mauvais d\u00e9part. Edwin Jackson, auteur d&rsquo;un excellent match (16 points dont 3 sur 5 \u00e0 trois points) a bien tent\u00e9 de montrer la voie \u00e0 son \u00e9quipe, mais cela n&rsquo;a pas suffi. Et apr\u00e8s trois matchs, l&rsquo;ASVEL, 17e, compte d\u00e9j\u00e0 deux revers.<\/p>\n","protected":false},"excerpt":{"rendered":"Aur\u00e9lien Canot, Media365, publi\u00e9 le jeudi 09 octobre 2025 \u00e0 23h09 Une semaine apr\u00e8s avoir enregistr\u00e9 leur premi\u00e8re&hellip;\n","protected":false},"author":2,"featured_media":451448,"comment_status":"","ping_status":"","sticky":false,"template":"","format":"standard","meta":{"footnotes":""},"categories":[1888],"tags":[1111,1928,11,1927,1777,674,1011,27,12,1926,626,1925,25],"class_list":{"0":"post-451447","1":"post","2":"type-post","3":"status-publish","4":"format-standard","5":"has-post-thumbnail","7":"category-paris","8":"tag-actu","9":"tag-actu-paris","10":"tag-actualites","11":"tag-actualites-paris","12":"tag-eu","13":"tag-europe","14":"tag-fr","15":"tag-france","16":"tag-news","17":"tag-news-paris","18":"tag-paris","19":"tag-paris-news","20":"tag-republique-francaise"},"share_on_mastodon":{"url":"https:\/\/pubeurope.com\/@fr\/115347483795110332","error":""},"_links":{"self":[{"href":"https:\/\/www.europesays.com\/fr\/wp-json\/wp\/v2\/posts\/451447","targetHints":{"allow":["GET"]}}],"collection":[{"href":"https:\/\/www.europesays.com\/fr\/wp-json\/wp\/v2\/posts"}],"about":[{"href":"https:\/\/www.europesays.com\/fr\/wp-json\/wp\/v2\/types\/post"}],"author":[{"embeddable":true,"href":"https:\/\/www.europesays.com\/fr\/wp-json\/wp\/v2\/users\/2"}],"replies":[{"embeddable":true,"href":"https:\/\/www.europesays.com\/fr\/wp-json\/wp\/v2\/comments?post=451447"}],"version-history":[{"count":0,"href":"https:\/\/www.europesays.com\/fr\/wp-json\/wp\/v2\/posts\/451447\/revisions"}],"wp:featuredmedia":[{"embeddable":true,"href":"https:\/\/www.europesays.com\/fr\/wp-json\/wp\/v2\/media\/451448"}],"wp:attachment":[{"href":"https:\/\/www.europesays.com\/fr\/wp-json\/wp\/v2\/media?parent=451447"}],"wp:term":[{"taxonomy":"category","embeddable":true,"href":"https:\/\/www.europesays.com\/fr\/wp-json\/wp\/v2\/categories?post=451447"},{"taxonomy":"post_tag","embeddable":true,"href":"https:\/\/www.europesays.com\/fr\/wp-json\/wp\/v2\/tags?post=451447"}],"curies":[{"name":"wp","href":"https:\/\/api.w.org\/{rel}","templated":true}]}}