{"id":451449,"date":"2025-10-10T02:21:24","date_gmt":"2025-10-10T02:21:24","guid":{"rendered":"https:\/\/www.europesays.com\/fr\/451449\/"},"modified":"2025-10-10T02:21:24","modified_gmt":"2025-10-10T02:21:24","slug":"jean-jacques-goldman-possede-a-paris-un-hotel-particulier-seul-signe-exterieur-de-richesse","status":"publish","type":"post","link":"https:\/\/www.europesays.com\/fr\/451449\/","title":{"rendered":"Jean-Jacques Goldman poss\u00e8de \u00e0 Paris un h\u00f4tel particulier, seul signe ext\u00e9rieur de richesse"},"content":{"rendered":"<p>Jean-Jacques Goldman poss\u00e8de \u00e0 Paris un h\u00f4tel particulier, seul signe ext\u00e9rieur de richesse<\/p>\n<p>Figure populaire et pourtant si discret, Jean-Jacques Goldman cultive une vie loin du clinquant. \u00c0 <a href=\"https:\/\/www.parisselectbook.com\/2025\/10\/08\/moderne-art-fair-2025-secoue-paris-place-de-la-concorde\/\" target=\"_blank\" rel=\"noopener\">Paris<\/a>, un seul bien cristallise l\u2019attention: un h\u00f4tel particulier qui dit beaucoup sans en faire trop.<\/p>\n<p>Un h\u00f4tel discret au c\u0153ur de la capitale<\/p>\n<p>Selon Grazia, ce b\u00e2timent priv\u00e9 est pr\u00e9sent\u00e9 comme son <strong>seul signe ext\u00e9rieur de <a href=\"https:\/\/www.parisselectbook.com\/2025\/10\/08\/montblanc-presente-une-montre-de-luxe-inspiree-du-chateau-de-versailles-hommage-a-louis-xiv\/\" target=\"_blank\" rel=\"noopener\">richesse<\/a><\/strong>. Il s\u2019agit d\u2019un <strong>h\u00f4tel particulier<\/strong>, \u00e0 l\u2019abri des regards, b\u00e2ti pour durer. Ainsi, le lieu tranche avec les villas voyantes et les paillettes. Jean-Jacques Goldman y verrait avant tout un refuge fonctionnel.<\/p>\n<p>Un h\u00f4tel particulier n\u2019est pas un h\u00f4tel au sens courant. C\u2019est une maison de ville, souvent dot\u00e9e d\u2019une cour et d\u2019un portail. De plus, l\u2019architecture privil\u00e9gie la sobri\u00e9t\u00e9 et la circulation de la lumi\u00e8re. Le r\u00e9sultat reste <a href=\"https:\/\/www.parisselectbook.com\/2025\/08\/22\/nos-spots-pet-friendly-a-paris-des-adresses-elegantes-ou-votre-chien-est-le-bienvenu\/\" target=\"_blank\" rel=\"noopener\">\u00e9l\u00e9gant<\/a>, sans effets de manche.<\/p>\n<p>Le choix colle \u00e0 une image d\u2019artiste simple et responsable. Ainsi, le bien sert de base parisienne, pour le travail ou la famille. Il offre un cadre s\u00fbr lors de s\u00e9jours courts, entre studios et r\u00e9unions. Jean-Jacques Goldman garde ainsi la main sur son intimit\u00e9.<\/p>\n<blockquote>\n<p>\u00ab \u00c0 Paris, son seul vrai luxe serait un <a href=\"https:\/\/www.parisselectbook.com\/2025\/10\/08\/plus-beaux-villages-de-france-ce-village-a-deux-pas-de-la-frontiere-belge-vaut-le-detour\/\" target=\"_blank\" rel=\"noopener\">h\u00f4tel particulier<\/a>, discret. \u00bb<\/p>\n<\/blockquote>\n<p>Pourquoi ce lieu fascine<\/p>\n<p>Depuis des d\u00e9cennies, les fans s\u2019interrogent sur son quotidien. En revanche, la r\u00e9ponse tient souvent en un mot: discr\u00e9tion. Le musicien vit loin du vacarme, parfois \u00e0 l\u2019\u00e9tranger, parfois au sud. Jean-Jacques Goldman pr\u00e9f\u00e8re que son \u0153uvre parle pour lui.<\/p>\n<p>De plus, son parc mat\u00e9riel reste modeste pour une star de cette envergure. Pas de flotte de voitures, ni de yacht clinquant. Par cons\u00e9quent, l\u2019<strong>h\u00f4tel particulier parisien<\/strong> devient l\u2019exception visible. Le nom de Jean-Jacques Goldman s\u2019y attache par ricochet, et c\u2019est tout.<\/p>\n<ul>\n<li>Localisation pr\u00e9cise non d\u00e9voil\u00e9e, par respect de la vie priv\u00e9e.<\/li>\n<li>Bien pens\u00e9 pour des s\u00e9jours courts et un usage familial.<\/li>\n<li>Symbole d\u2019une r\u00e9ussite sans ostentation, assum\u00e9e dans le temps.<\/li>\n<li>Patrimoine b\u00e2ti plut\u00f4t que signes clinquants et \u00e9ph\u00e9m\u00e8res.<\/li>\n<li>Lien naturel avec l\u2019histoire musicale et les studios parisiens.<\/li>\n<\/ul>\n<p>Rep\u00e8res de carri\u00e8re et d\u2019engagement<\/p>\n<p>Auteur, compositeur et interpr\u00e8te, il a fa\u00e7onn\u00e9 la vari\u00e9t\u00e9 fran\u00e7aise. Ainsi, des titres phares ont marqu\u00e9 les <strong>ann\u00e9es 80 et 90<\/strong>. Il a aussi \u00e9crit pour d\u2019autres voix, souvent avec exigence. Jean-Jacques Goldman a toujours cherch\u00e9 la justesse plut\u00f4t que l\u2019esbroufe.<\/p>\n<p>Sa trajectoire s\u2019\u00e9tire sur <strong>plus de quarante ans<\/strong> de sc\u00e8nes et de studios. De plus, il s\u2019est investi dans les concerts des <strong>Enfoir\u00e9s<\/strong> d\u00e8s la fin des ann\u00e9es 80. Le public a suivi, g\u00e9n\u00e9ration apr\u00e8s g\u00e9n\u00e9ration. Jean-Jacques Goldman a ainsi install\u00e9 une relation durable, faite de confiance.<\/p>\n<p>Dans ce contexte, poss\u00e9der une base \u00e0 Paris a du sens. La capitale reste un carrefour pour les maisons de disques et les \u00e9quipes. Aussi, la proximit\u00e9 avec les salles facilite les projets caritatifs et les r\u00e9p\u00e9titions. Le lieu sert d\u2019outil, plus que de troph\u00e9e.<\/p>\n<p>Ce que ce choix dit de ses valeurs<\/p>\n<p>Investir dans la pierre renvoie \u00e0 une culture de stabilit\u00e9. Ainsi, l\u2019achat valorise le b\u00e2ti plut\u00f4t que l\u2019apparat. Le message est clair: prot\u00e9ger les siens, prot\u00e9ger le temps long. Jean-Jacques Goldman s\u2019inscrit dans cette logique prudente.<\/p>\n<p>En revanche, rien ne filtre sur les d\u00e9tails, par respect de la vie priv\u00e9e. Les voisins, eux, appr\u00e9cient la tranquillit\u00e9 de rues calmes. Par cons\u00e9quent, la pr\u00e9sence demeure presque invisible, sans cort\u00e8ge. Le nom de Jean-Jacques Goldman circule, mais les portes restent closes.<\/p>\n<p>Paris, un ancrage utile plus qu\u2019un signe d\u2019apparat<\/p>\n<p>Paris raconte une histoire professionnelle, entre studios, m\u00e9dias et rencontres. De plus, la ville concentre des artisans, des ing\u00e9nieurs du son et des compositeurs. L\u2019h\u00e9ritage artistique s\u2019y nourrit de r\u00e9seaux concrets. Jean-Jacques Goldman y trouve donc un point d\u2019appui, sans c\u00e9der \u00e0 la pose.<\/p>\n<p>Le public, lui, voit surtout la coh\u00e9rence du parcours. Ainsi, le bien appara\u00eet comme le <strong>seul signe ext\u00e9rieur de richesse<\/strong> consenti. Par cons\u00e9quent, l\u2019image publique reste align\u00e9e avec une sobri\u00e9t\u00e9 assum\u00e9e. Jean-Jacques Goldman continue d\u2019avancer, loin des faux-semblants.<\/p>\n<p>\u00c0 terme, ce choix immobilier fera date dans les r\u00e9cits sur la chanson. Aussi, il \u00e9claire la mani\u00e8re d\u2019habiter la r\u00e9ussite, sans strass inutile. En bref, un ancrage utile, parisien, et fid\u00e8le \u00e0 une \u00e9thique de travail. Jean-Jacques Goldman y laisse une trace mesur\u00e9e, plus solide que voyante.<\/p>\n","protected":false},"excerpt":{"rendered":"Jean-Jacques Goldman poss\u00e8de \u00e0 Paris un h\u00f4tel particulier, seul signe ext\u00e9rieur de richesse Figure populaire et pourtant si&hellip;\n","protected":false},"author":2,"featured_media":451450,"comment_status":"","ping_status":"","sticky":false,"template":"","format":"standard","meta":{"footnotes":""},"categories":[1888],"tags":[11,1777,674,1011,27,7195,12,626,25],"class_list":{"0":"post-451449","1":"post","2":"type-post","3":"status-publish","4":"format-standard","5":"has-post-thumbnail","7":"category-paris","8":"tag-actualites","9":"tag-eu","10":"tag-europe","11":"tag-fr","12":"tag-france","13":"tag-jean-jacques-goldman","14":"tag-news","15":"tag-paris","16":"tag-republique-francaise"},"share_on_mastodon":{"url":"https:\/\/pubeurope.com\/@fr\/115347487684588542","error":""},"_links":{"self":[{"href":"https:\/\/www.europesays.com\/fr\/wp-json\/wp\/v2\/posts\/451449","targetHints":{"allow":["GET"]}}],"collection":[{"href":"https:\/\/www.europesays.com\/fr\/wp-json\/wp\/v2\/posts"}],"about":[{"href":"https:\/\/www.europesays.com\/fr\/wp-json\/wp\/v2\/types\/post"}],"author":[{"embeddable":true,"href":"https:\/\/www.europesays.com\/fr\/wp-json\/wp\/v2\/users\/2"}],"replies":[{"embeddable":true,"href":"https:\/\/www.europesays.com\/fr\/wp-json\/wp\/v2\/comments?post=451449"}],"version-history":[{"count":0,"href":"https:\/\/www.europesays.com\/fr\/wp-json\/wp\/v2\/posts\/451449\/revisions"}],"wp:featuredmedia":[{"embeddable":true,"href":"https:\/\/www.europesays.com\/fr\/wp-json\/wp\/v2\/media\/451450"}],"wp:attachment":[{"href":"https:\/\/www.europesays.com\/fr\/wp-json\/wp\/v2\/media?parent=451449"}],"wp:term":[{"taxonomy":"category","embeddable":true,"href":"https:\/\/www.europesays.com\/fr\/wp-json\/wp\/v2\/categories?post=451449"},{"taxonomy":"post_tag","embeddable":true,"href":"https:\/\/www.europesays.com\/fr\/wp-json\/wp\/v2\/tags?post=451449"}],"curies":[{"name":"wp","href":"https:\/\/api.w.org\/{rel}","templated":true}]}}