{"id":451451,"date":"2025-10-10T02:22:26","date_gmt":"2025-10-10T02:22:26","guid":{"rendered":"https:\/\/www.europesays.com\/fr\/451451\/"},"modified":"2025-10-10T02:22:26","modified_gmt":"2025-10-10T02:22:26","slug":"bourse-de-paris-en-leger-repli-lapaisement-politique-favorise-la-vigilance-des-marches","status":"publish","type":"post","link":"https:\/\/www.europesays.com\/fr\/451451\/","title":{"rendered":"Bourse de Paris en l\u00e9ger repli : l\u2019apaisement politique favorise la vigilance des march\u00e9s"},"content":{"rendered":"<p>Paris &#8211; La Bourse de Paris a conclu en tr\u00e8s l\u00e9ger repli jeudi au cours d\u2019une s\u00e9ance calme alors que la situation politique en France se d\u00e9tend et que les investisseurs vont se focaliser sur les r\u00e9sultats de soci\u00e9t\u00e9s am\u00e9ricaines.<\/p>\n<p>L\u2019indice vedette CAC 40 a c\u00e9d\u00e9 0,23% \u00e0 8.041,36 points (-18,77 points). La veille, en gagnant 1,07%, la Bourse de Paris avait r\u00e9cup\u00e9r\u00e9 le chemin perdu apr\u00e8s le choc en d\u00e9but de semaine de la d\u00e9mission du Premier ministre.<\/p>\n<p>\u00abLa s\u00e9ance a \u00e9t\u00e9 assez calme, la situation fran\u00e7aise se d\u00e9tend et les astres se r\u00e9alignent\u00bb, a comment\u00e9 aupr\u00e8s de l\u2019AFP Romain Aumond, strat\u00e9giste et macro-\u00e9conomiste pour Natixis IM. <\/p>\n<p>La balle est dans le camp du pr\u00e9sident Emmanuel Macron qui doit nommer un nouveau chef de gouvernement d\u2019ici vendredi soir, avec l\u2019espoir d&rsquo;\u00e9viter une dissolution et de mettre un terme \u00e0 la crise politique qui \u00e9branle la deuxi\u00e8me \u00e9conomie europ\u00e9enne.<\/p>\n<p>Mercredi soir, le Premier ministre d\u00e9missionnaire S\u00e9bastien Lecornu a estim\u00e9 que \u00ables perspectives d\u2019une dissolution s&rsquo;\u00e9loignaient\u00bb et que \u00abla situation permettait au pr\u00e9sident de nommer un Premier ministre dans les 48 prochaines heures\u00bb, pour qu\u2019un projet de budget soit d\u00e9pos\u00e9 lundi au Parlement. <\/p>\n<p>L&rsquo;\u00e9cart entre les taux \u00e0 10 ans de la France et de l\u2019Allemagne (le \u00abspread\u00bb) s\u2019est un peu r\u00e9sorb\u00e9, s\u2019inscrivant \u00e0 0,82% au lieu de 0,87% en pleine tourmente en d\u00e9but de semaine. Le rendement sur l\u2019emprunt fran\u00e7ais \u00e0 dix ans s\u2019est \u00e9tabli jeudi \u00e0 3,52%.<\/p>\n<p>\u00abOn commence \u00e0 attendre d\u00e9sormais les r\u00e9sultats bancaires aux \u00c9tats-Unis \u00e0 partir de mardi\u00bb, a indiqu\u00e9 Romain Aumond.<\/p>\n<p>Malgr\u00e9 le blocage budg\u00e9taire aux \u00c9tats-Unis qui emp\u00eache, du fait de la fermeture des services publics, la publication d\u2019indicateurs \u00e9conomiques, il estime qu\u2019il n\u2019y a \u00abpas de signe d\u2019affaiblissement marqu\u00e9 de l&rsquo;\u00e9conomie aux \u00c9tats-Unis\u00bb. Les march\u00e9s s\u2019attendent toujours \u00e0 deux baisses des taux directeurs de la R\u00e9serve f\u00e9d\u00e9rale (Fed), un environnement favorable aux actions.<\/p>\n<p>C\u00f4t\u00e9 valeurs, Danone a bondi de 4,75% \u00e0 75,90 dollars apr\u00e8s plusieurs notes d\u2019analystes comme Jefferies, optimistes quant aux r\u00e9sultats du troisi\u00e8me trimestre du g\u00e9ant de l\u2019agroalimentaire, dont la croissance se maintient en Chine.<\/p>\n<p>Euronext CAC40<\/p>\n<p>\u00a9 Agence France-Presse<\/p>\n","protected":false},"excerpt":{"rendered":"Paris &#8211; La Bourse de Paris a conclu en tr\u00e8s l\u00e9ger repli jeudi au cours d\u2019une s\u00e9ance calme&hellip;\n","protected":false},"author":2,"featured_media":451452,"comment_status":"","ping_status":"","sticky":false,"template":"","format":"standard","meta":{"footnotes":""},"categories":[1888],"tags":[11,1777,674,1011,27,12,626,25],"class_list":{"0":"post-451451","1":"post","2":"type-post","3":"status-publish","4":"format-standard","5":"has-post-thumbnail","7":"category-paris","8":"tag-actualites","9":"tag-eu","10":"tag-europe","11":"tag-fr","12":"tag-france","13":"tag-news","14":"tag-paris","15":"tag-republique-francaise"},"share_on_mastodon":{"url":"https:\/\/pubeurope.com\/@fr\/115347491653740120","error":""},"_links":{"self":[{"href":"https:\/\/www.europesays.com\/fr\/wp-json\/wp\/v2\/posts\/451451","targetHints":{"allow":["GET"]}}],"collection":[{"href":"https:\/\/www.europesays.com\/fr\/wp-json\/wp\/v2\/posts"}],"about":[{"href":"https:\/\/www.europesays.com\/fr\/wp-json\/wp\/v2\/types\/post"}],"author":[{"embeddable":true,"href":"https:\/\/www.europesays.com\/fr\/wp-json\/wp\/v2\/users\/2"}],"replies":[{"embeddable":true,"href":"https:\/\/www.europesays.com\/fr\/wp-json\/wp\/v2\/comments?post=451451"}],"version-history":[{"count":0,"href":"https:\/\/www.europesays.com\/fr\/wp-json\/wp\/v2\/posts\/451451\/revisions"}],"wp:featuredmedia":[{"embeddable":true,"href":"https:\/\/www.europesays.com\/fr\/wp-json\/wp\/v2\/media\/451452"}],"wp:attachment":[{"href":"https:\/\/www.europesays.com\/fr\/wp-json\/wp\/v2\/media?parent=451451"}],"wp:term":[{"taxonomy":"category","embeddable":true,"href":"https:\/\/www.europesays.com\/fr\/wp-json\/wp\/v2\/categories?post=451451"},{"taxonomy":"post_tag","embeddable":true,"href":"https:\/\/www.europesays.com\/fr\/wp-json\/wp\/v2\/tags?post=451451"}],"curies":[{"name":"wp","href":"https:\/\/api.w.org\/{rel}","templated":true}]}}