{"id":451455,"date":"2025-10-10T02:24:21","date_gmt":"2025-10-10T02:24:21","guid":{"rendered":"https:\/\/www.europesays.com\/fr\/451455\/"},"modified":"2025-10-10T02:24:21","modified_gmt":"2025-10-10T02:24:21","slug":"attaque-massive-de-drones-et-missiles-a-kiev-le-reseau-energetique-cible","status":"publish","type":"post","link":"https:\/\/www.europesays.com\/fr\/451455\/","title":{"rendered":"attaque massive de drones et missiles \u00e0 Kiev, le r\u00e9seau \u00e9nerg\u00e9tique cibl\u00e9"},"content":{"rendered":"<p>\n    Le minist\u00e8re ukrainien de l\u2019\u00c9nergie fait \u00e9tat de frappes \u00abmassives\u00bb sur les infrastructures \u00e9nerg\u00e9tiques du pays.<\/p>\n<p class=\"fig-paragraph\">De multiples explosions ont \u00e9t\u00e9 entendues dans la nuit de jeudi \u00e0 vendredi par des journalistes de l&rsquo;AFP\u00a0<a href=\"https:\/\/www.lefigaro.fr\/international\/dossier\/tensions-entre-la-russie-et-l-ukraine-tout-comprendre-a-la-menace-d-une-invasion-russe\" target=\"_blank\" data-fig-type=\"Topic\" rel=\"nofollow noopener\" data-gtm-custom-categorie=\"navigation\" data-gtm-custom-action=\"crossclick\" data-gtm-custom-label=\"Contextuel\" data-gtm-event=\"customEventSPE\" data-fig-domain=\"LEFIGARO\">\u00e0 Kiev<\/a>, le minist\u00e8re ukrainien de l&rsquo;\u00c9nergie faisant par ailleurs \u00e9tat de frappes \u00abmassives\u00bb sur les infrastructures \u00e9nerg\u00e9tiques du pays. \u00abLa capitale du pays fait l\u2019objet d\u2019une attaque ennemie aux missiles balistiques et d\u2019une attaque massive de drones d\u2019attaque\u00bb, a indiqu\u00e9 l\u2019arm\u00e9e de l\u2019air sur Telegram, appelant la population \u00e0 rester dans des abris. Des journalistes de l\u2019AFP \u00e0 Kiev ont entendu de nombreuses explosions ainsi que le vrombissement de drones d\u2019attaque.<\/p>\n<p class=\"fig-paragraph\">\u00abL\u2019ennemi attaque l\u2019infrastructure essentielle de la ville\u00bb, a affirm\u00e9 le maire de la ville Vitali Klitschko, qui a fait \u00e9tat de coupures d\u2019\u00e9lectricit\u00e9. Selon des informations sur des cha\u00eenes Telegram non confirm\u00e9es \u00e0 ce stade, une centrale thermique desservant Kiev a \u00e9t\u00e9 touch\u00e9e.<\/p>\n<p>                                    <a class=\"fig-a11y-skip a11y-hidden\" href=\"#fig-a11y-skip-main-inarticle\"><br \/>\n        Passer la publicit\u00e9<br \/>\n    <\/a><\/p>\n<p class=\"fig-paragraph\">\u00abLa rive gauche (orientale, ndlr) est sans \u00e9lectricit\u00e9. Il y a \u00e9galement des probl\u00e8mes sur le r\u00e9seau d\u2019eau\u00bb, a confirm\u00e9 Vitali Klitschko sur Telegram. Un journaliste de l\u2019AFP vivant dans cette partie de la ville a \u00e9galement constat\u00e9 l\u2019absence de courant et d\u2019eau potable.<\/p>\n<p>Mort d\u2019un enfant de 7 ans<\/p>\n<p class=\"fig-paragraph\">Le reste du pays n\u2019a pas \u00e9chapp\u00e9 \u00e0 l\u2019attaque. Un enfant de 7 ans est ainsi mort \u00e0 la suite de frappes russes durant la nuit de jeudi \u00e0 vendredi sur la r\u00e9gion de Zaporijjia, dans le centre de l\u2019Ukraine, a annonc\u00e9 le gouverneur local, Ivan Fedorov.<\/p>\n<p class=\"fig-paragraph\">\u00abNouvelle tragique, un gar\u00e7on de 7 ans bless\u00e9 dans une attaque nocturne russe est mort \u00e0 l\u2019h\u00f4pital\u00bb sans avoir pu \u00eatre r\u00e9anim\u00e9, a indiqu\u00e9 sur Telegram ce responsable, qui a par ailleurs fait \u00e9tat de trois bless\u00e9s.<\/p>\n<p>Frappes sur \u00abl\u2019infrastucture \u00e9nerg\u00e9tique\u00bb<\/p>\n<p class=\"fig-paragraph\">\u00c0 l\u2019\u00e9chelle du pays, \u00ables Russes infligent des frappes massives \u00e0 l\u2019infrastructure \u00e9nerg\u00e9tique ukrainienne\u00bb, a par ailleurs pr\u00e9cis\u00e9 la ministre ukrainienne de l\u2019\u00c9nergie, Svitlana Grynchuk,\u00a0<a href=\"https:\/\/www.facebook.com\/share\/p\/1GMB9EcJGD\/\" target=\"_blank\" rel=\"nofollow noopener\" data-gtm-custom-categorie=\"navigation\" data-gtm-custom-action=\"crossclick\" data-gtm-custom-label=\"Contextuel\" data-gtm-event=\"customEventSPE\">sur Facebook<\/a>.<\/p>\n<p class=\"fig-paragraph\">\u00abLes sp\u00e9cialistes de l\u2019\u00e9nergie prennent toutes les mesures n\u00e9cessaires pour minimiser les cons\u00e9quences n\u00e9gatives. D\u00e8s que les conditions de s\u00e9curit\u00e9 le permettront, les sp\u00e9cialistes de l\u2019\u00e9nergie commenceront \u00e0 \u00e9valuer les cons\u00e9quences de l\u2019attaque et \u00e0 entreprendre les travaux de restauration\u00bb, a-t-elle ajout\u00e9.<\/p>\n<p>                                    <a class=\"fig-a11y-skip a11y-hidden\" href=\"#fig-a11y-skip-main-inarticle_mtf\"><br \/>\n        Passer la publicit\u00e9<br \/>\n    <\/a><\/p>\n<p class=\"fig-paragraph\">\u00c0 Sloviansk, ville du Donbass sous contr\u00f4le ukrainien, le maire a r\u00e9cemment conseill\u00e9 aux plus vuln\u00e9rables, enfants et personnes \u00e2g\u00e9es, de partir, justifiant son appel par les attaques incessantes sur les syst\u00e8mes de chauffage. \u00abLe risque est grand que la saison d\u2019hiver soit extr\u00eamement difficile\u00bb, a d\u00e9clar\u00e9 cet \u00e9lu, Vadym Lyakh, sur les r\u00e9seaux sociaux.<\/p>\n<p>\u00abForte pression\u00bb sur le secteur gazier<\/p>\n<p class=\"fig-paragraph\">Volodymyr Zelensky a aussi fait \u00e9tat d\u2019\u00abune forte pression des attaques russes\u00bb sur le secteur gazier ukrainien, qui pourrait forcer Kiev \u00e0 augmenter les importations.<\/p>\n<p class=\"fig-paragraph\">L\u2019Ukraine frappe elle aussi r\u00e9guli\u00e8rement la Russie, ciblant en particulier les raffineries ce qui a provoqu\u00e9 une hausse des prix du carburant dans ce pays depuis l\u2019\u00e9t\u00e9. Volodymyr Zelensky a estim\u00e9 les \u00abp\u00e9nuries de carburant \u00e0 hauteur de 20% des besoins\u00bb en Russie. L\u2019Ukraine a aussi r\u00e9cemment frapp\u00e9 une centrale \u00e9lectrique dans la r\u00e9gion russe frontali\u00e8re de Belgorod, y provoquant des coupures de courant.<\/p>\n<p class=\"fig-paragraph\">Une d\u00e9l\u00e9gation ukrainienne conduite par la premi\u00e8re ministre Ioulia Svyrydenko doit se rendre \u00aben d\u00e9but de semaine\u00bb aux \u00c9tats-Unis pour \u00e9voquer notamment la question de l\u2019\u00e9nergie et de la d\u00e9fense anti-a\u00e9rienne face l\u2019intensification des frappes russes, selon Volodymyr Zelensky. Neuf mois apr\u00e8s l\u2019arriv\u00e9e \u00e0 la Maison-Blanche de Donald trump, qui avait promis d\u2019obtenir rapidement un fin du conflit, le pr\u00e9sident russe Vladimir Poutine reste sourd aux appels \u00e0 un cessez-le-feu.<\/p>\n","protected":false},"excerpt":{"rendered":"Le minist\u00e8re ukrainien de l\u2019\u00c9nergie fait \u00e9tat de frappes \u00abmassives\u00bb sur les infrastructures \u00e9nerg\u00e9tiques du pays. De multiples&hellip;\n","protected":false},"author":2,"featured_media":451456,"comment_status":"","ping_status":"","sticky":false,"template":"","format":"standard","meta":{"footnotes":""},"categories":[1590],"tags":[11,1777,674,131,12,220],"class_list":{"0":"post-451455","1":"post","2":"type-post","3":"status-publish","4":"format-standard","5":"has-post-thumbnail","7":"category-ukraine","8":"tag-actualites","9":"tag-eu","10":"tag-europe","11":"tag-guerre-en-ukraine","12":"tag-news","13":"tag-ukraine"},"share_on_mastodon":{"url":"https:\/\/pubeurope.com\/@fr\/115347499656577695","error":""},"_links":{"self":[{"href":"https:\/\/www.europesays.com\/fr\/wp-json\/wp\/v2\/posts\/451455","targetHints":{"allow":["GET"]}}],"collection":[{"href":"https:\/\/www.europesays.com\/fr\/wp-json\/wp\/v2\/posts"}],"about":[{"href":"https:\/\/www.europesays.com\/fr\/wp-json\/wp\/v2\/types\/post"}],"author":[{"embeddable":true,"href":"https:\/\/www.europesays.com\/fr\/wp-json\/wp\/v2\/users\/2"}],"replies":[{"embeddable":true,"href":"https:\/\/www.europesays.com\/fr\/wp-json\/wp\/v2\/comments?post=451455"}],"version-history":[{"count":0,"href":"https:\/\/www.europesays.com\/fr\/wp-json\/wp\/v2\/posts\/451455\/revisions"}],"wp:featuredmedia":[{"embeddable":true,"href":"https:\/\/www.europesays.com\/fr\/wp-json\/wp\/v2\/media\/451456"}],"wp:attachment":[{"href":"https:\/\/www.europesays.com\/fr\/wp-json\/wp\/v2\/media?parent=451455"}],"wp:term":[{"taxonomy":"category","embeddable":true,"href":"https:\/\/www.europesays.com\/fr\/wp-json\/wp\/v2\/categories?post=451455"},{"taxonomy":"post_tag","embeddable":true,"href":"https:\/\/www.europesays.com\/fr\/wp-json\/wp\/v2\/tags?post=451455"}],"curies":[{"name":"wp","href":"https:\/\/api.w.org\/{rel}","templated":true}]}}