{"id":451457,"date":"2025-10-10T02:25:12","date_gmt":"2025-10-10T02:25:12","guid":{"rendered":"https:\/\/www.europesays.com\/fr\/451457\/"},"modified":"2025-10-10T02:25:12","modified_gmt":"2025-10-10T02:25:12","slug":"avant-une-nouvelle-visite-medicale-trump-affirme-etre-en-pleine-forme","status":"publish","type":"post","link":"https:\/\/www.europesays.com\/fr\/451457\/","title":{"rendered":"Avant une nouvelle visite m\u00e9dicale, Trump affirme \u00eatre \u00ab\u00a0en pleine forme\u00a0\u00bb"},"content":{"rendered":"<p>A la veille d\u2019un nouvel examen m\u00e9dical, <a href=\"https:\/\/www.20minutes.fr\/dossier\/donald_trump\" target=\"_blank\" class=\"c-link c-link--is-underlined\" rel=\"noopener\">Donald Trump<\/a> a tenu \u00e0 rassurer les Am\u00e9ricains sur son \u00e9tat de sant\u00e9. \u00ab\u00a0Je crois que je suis en pleine forme\u00a0\u00bb, a affirm\u00e9 jeudi le pr\u00e9sident am\u00e9ricain de 79 ans, pr\u00e9cisant qu\u2019il se sentait \u00ab\u00a0tr\u00e8s bien physiquement\u00a0\u00bb et \u00ab\u00a0tr\u00e8s bien mentalement\u00a0\u00bb.<\/p>\n<p>Le chef de l\u2019Etat, qui doit se rendre vendredi \u00e0 l\u2019<a href=\"https:\/\/www.20minutes.fr\/dossier\/hopital\" target=\"_blank\" class=\"c-link c-link--is-underlined\" rel=\"noopener\">h\u00f4pital<\/a> militaire Walter Reed, pr\u00e8s de Washington, a pr\u00e9sent\u00e9 ce rendez-vous comme \u00ab\u00a0une sorte de visite m\u00e9dicale semi-annuelle\u00a0\u00bb. La <a href=\"https:\/\/www.20minutes.fr\/dossier\/maison_blanche\" target=\"_blank\" class=\"c-link c-link--is-underlined\" rel=\"noopener\">Maison-Blanche<\/a> parle, elle, d\u2019une \u00ab\u00a0visite m\u00e9dicale annuelle de routine\u00a0\u00bb. Ce sera la deuxi\u00e8me depuis son retour \u00e0 la Maison-Blanche en janvier, apr\u00e8s un premier contr\u00f4le en avril au cours duquel son m\u00e9decin l\u2019avait jug\u00e9 \u00ab\u00a0en excellente sant\u00e9\u00a0\u00bb.<\/p>\n<\/p>\n<p>Nombreuses interrogations sur sa sant\u00e9<\/p>\n<p>Lors de la r\u00e9ception dans le Bureau ovale du pr\u00e9sident finlandais Alexander Stubb, Donald Trump a indiqu\u00e9 qu\u2019il profiterait de ce d\u00e9placement pour \u00ab\u00a0rencontrer les militaires\u00a0\u00bb. S\u2019il a insist\u00e9 sur son \u00ab\u00a0bon \u00e9tat de sant\u00e9\u00a0\u00bb, des signes physiques r\u00e9cents ont aliment\u00e9 les interrogations\u00a0: le pr\u00e9sident a \u00e9t\u00e9 photographi\u00e9 avec <a href=\"https:\/\/www.20minutes.fr\/monde\/etats-unis\/4169392-20250826-main-maquillee-chevilles-gonflees-donald-trump-lit-mort-selon-internautes-prudence\" target=\"_blank\" class=\"c-link c-link--is-underlined\" rel=\"noopener\">des h\u00e9matomes visibles sur la main droite<\/a>, dissimul\u00e9s par une \u00e9paisse couche de maquillage.<\/p>\n<p><a href=\"https:\/\/www.20minutes.fr\/dossier\/donald_trump\" target=\"_blank\" class=\"c-link c-btn c-btn--primary\" rel=\"noopener\">Notre dossier sur Donald Trump<\/a><\/p>\n<p>Face aux sp\u00e9culations, la Maison-Blanche avait expliqu\u00e9 en juillet que ces marques r\u00e9sultaient de \u00ab\u00a0serrages de main fr\u00e9quents\u00a0\u00bb et de la prise quotidienne d\u2019aspirine, un traitement pr\u00e9ventif courant contre les <a href=\"https:\/\/www.20minutes.fr\/dossier\/maladies_cardiovasculaires\" target=\"_blank\" class=\"c-link c-link--is-underlined\" rel=\"noopener\">maladies cardiovasculaires<\/a>. L\u2019ex\u00e9cutif avait \u00e9galement confirm\u00e9 que Donald Trump souffrait d\u2019insuffisance veineuse chronique, une affection b\u00e9nigne qui provoque dans son cas un gonflement des chevilles.<\/p>\n","protected":false},"excerpt":{"rendered":"A la veille d\u2019un nouvel examen m\u00e9dical, Donald Trump a tenu \u00e0 rassurer les Am\u00e9ricains sur son \u00e9tat&hellip;\n","protected":false},"author":2,"featured_media":451458,"comment_status":"","ping_status":"","sticky":false,"template":"","format":"standard","meta":{"footnotes":""},"categories":[1589],"tags":[47,11,75,73,1866,100,78,54473,6339,74,12,71,2072,1864,1865,1863,308],"class_list":{"0":"post-451457","1":"post","2":"type-post","3":"status-publish","4":"format-standard","5":"has-post-thumbnail","7":"category-etats-unis","8":"tag-actualite","9":"tag-actualites","10":"tag-donald-trump","11":"tag-etats-unis","12":"tag-etats-unis-damerique","13":"tag-hopital","14":"tag-maison-blanche","15":"tag-maladie-cardiovasculaire","16":"tag-medecin","17":"tag-monde","18":"tag-news","19":"tag-sante","20":"tag-sante-mentale","21":"tag-united-states","22":"tag-united-states-of-america","23":"tag-us","24":"tag-usa"},"share_on_mastodon":{"url":"https:\/\/pubeurope.com\/@fr\/115347503345885843","error":""},"_links":{"self":[{"href":"https:\/\/www.europesays.com\/fr\/wp-json\/wp\/v2\/posts\/451457","targetHints":{"allow":["GET"]}}],"collection":[{"href":"https:\/\/www.europesays.com\/fr\/wp-json\/wp\/v2\/posts"}],"about":[{"href":"https:\/\/www.europesays.com\/fr\/wp-json\/wp\/v2\/types\/post"}],"author":[{"embeddable":true,"href":"https:\/\/www.europesays.com\/fr\/wp-json\/wp\/v2\/users\/2"}],"replies":[{"embeddable":true,"href":"https:\/\/www.europesays.com\/fr\/wp-json\/wp\/v2\/comments?post=451457"}],"version-history":[{"count":0,"href":"https:\/\/www.europesays.com\/fr\/wp-json\/wp\/v2\/posts\/451457\/revisions"}],"wp:featuredmedia":[{"embeddable":true,"href":"https:\/\/www.europesays.com\/fr\/wp-json\/wp\/v2\/media\/451458"}],"wp:attachment":[{"href":"https:\/\/www.europesays.com\/fr\/wp-json\/wp\/v2\/media?parent=451457"}],"wp:term":[{"taxonomy":"category","embeddable":true,"href":"https:\/\/www.europesays.com\/fr\/wp-json\/wp\/v2\/categories?post=451457"},{"taxonomy":"post_tag","embeddable":true,"href":"https:\/\/www.europesays.com\/fr\/wp-json\/wp\/v2\/tags?post=451457"}],"curies":[{"name":"wp","href":"https:\/\/api.w.org\/{rel}","templated":true}]}}