{"id":451474,"date":"2025-10-10T02:36:20","date_gmt":"2025-10-10T02:36:20","guid":{"rendered":"https:\/\/www.europesays.com\/fr\/451474\/"},"modified":"2025-10-10T02:36:20","modified_gmt":"2025-10-10T02:36:20","slug":"tennis-on-continue-de-progresser-les-mots-du-boss-du-tennis-aveyronnais-eric-carrara-en-marge-de-linternational-de-rodez","status":"publish","type":"post","link":"https:\/\/www.europesays.com\/fr\/451474\/","title":{"rendered":"Tennis : \u00ab\u00a0On continue de progresser\u00a0\u00bb, les mots du boss du tennis aveyronnais Eric Carrara en marge de l&rsquo;international de Rodez"},"content":{"rendered":"<p>\n                                                                Pr\u00e8s d\u2019un an apr\u00e8s son \u00e9lection \u00e0 la t\u00eate du comit\u00e9 d\u00e9partemental, organisateur du tournoi international ruth\u00e9nois cette semaine \u00e0 Vabre , le pr\u00e9sident Eric Carrara fait le tour des sujets chauds actuels. Entretien.\n                            <\/p>\n<p><strong>En quoi le retour apr\u00e8s une \u00e9dition d\u2019absence, pour cause d\u2019infrastructures v\u00e9tustes et depuis remises aux normes, est important pour le tennis dans tout le d\u00e9partement ?<\/strong><\/p>\n<p>Ce tournoi est une superbe vitrine. Pour le d\u00e9veloppement du tennis, il n\u2019y a pas mieux. Cela permet de faire aussi parler du tennis en Aveyron, de faire r\u00eaver les gens. Plein de personnes venues cette semaine ne pensaient pas du tout que, dans l\u2019Aveyron, on puisse attirer des joueurs d\u2019un tel niveau. Les gens nous voient durant cette semaine-l\u00e0. Car mis \u00e0 part lors des interclubs de niveau national (Capdenac et Rodez y participeront au printemps prochain, NDLR), on ne voit pas beaucoup les r\u00e9sultats de nos diff\u00e9rents championnats r\u00e9gionaux ou d\u00e9partementaux dans les m\u00e9dias.<\/p>\n<p><strong>En France, pas mal de f\u00e9d\u00e9rations sportives disent avoir b\u00e9n\u00e9fici\u00e9 de l\u2019effet JO de Paris. Est-ce le cas du tennis en Aveyron ?<\/strong><\/p>\n<p>L\u2019impact des Jeux n\u2019est pas si fort que \u00e7a. D\u00e9j\u00e0, il n\u2019y a pas eu de gros r\u00e9sultat chez les Fran\u00e7ais. Et le tennis n\u2019est pas consid\u00e9r\u00e9 comme un sport historiquement olympique. Pour nous, les retomb\u00e9es se mesurent bien plus \u00e0 l\u2019approche de Roland-Garros. Et le jour o\u00f9 on aura un Fran\u00e7ais en demie, finale ou m\u00eame qui gagne, on aura davantage d\u2019impact.<\/p>\n<p><strong>Il y a un an, au moment de votre \u00e9lection en tant que pr\u00e9sident du comit\u00e9 d\u00e9partemental, on comptait 3 100 licenci\u00e9s en Aveyron, chiffre qui \u00e9tait en augmentation (+121). Qu\u2019en est-il un an plus tard ?<\/strong><\/p>\n<p>On continue de progresser. On a gagn\u00e9 grosso modo entre 3 et 4 % par an depuis cinq ans. Dans cette augmentation, il y a des joueurs de padel \u00e9videmment. Mais pas seulement. L\u2019augmentation des joueurs de tennis est aussi r\u00e9elle. \u00c0 l\u2019heure actuelle, nous sommes exactement 3 384 licenci\u00e9s.<\/p>\n<p><strong>Comment l\u2019expliquez-vous ?<\/strong><\/p>\n<p>Beaucoup de travail est fait dans les clubs, avec des structures qui se sont am\u00e9lior\u00e9es. L\u2019offre padel permet aussi de mettre une dimension moins individuelle que le tennis, et certaines personnes s\u2019y retrouvant plus, nous ont rejoints.<\/p>\n<p><strong>Avec 284 licences de plus \u00e0 date, vous \u00eates m\u00eame au-del\u00e0 des 4 % d\u2019augmentation cette ann\u00e9e. Comment se r\u00e9partit le contingent entre hommes, femmes et jeunes ?<\/strong><\/p>\n<p>Pour l\u2019instant, ce sont plut\u00f4t des adultes. Au niveau du comit\u00e9, le plus gros travail que nous sommes en train de faire, c\u2019est de d\u00e9velopper les \u00e9coles de tennis pour remonter chez les jeunes. On doit lutter contre un ph\u00e9nom\u00e8ne g\u00e9n\u00e9ral puisque les jeunes, c\u2019est la population qui descend dans le d\u00e9partement. De mani\u00e8re plus g\u00e9n\u00e9rale, en Aveyron, 12 habitants sur 1 000 pratiquent le tennis. Alors qu\u2019en Occitanie, c\u2019est 20. Donc on a encore de la marge.<\/p>\n<p><strong>Comment expliquez-vous qu\u2019on joue moins au tennis en Aveyron que dans le reste de l\u2019Occitanie ?<\/strong><\/p>\n<p>Les distances. Il est plus compliqu\u00e9 de faire un championnat de l\u2019Aveyron que X matches juste autour de Toulouse par exemple. Le climat aussi, qui oblige plus \u00e0 jouer en salle.<\/p>\n<p><strong>Au-del\u00e0 du tennis, vous l\u2019avez dit, il y a \u00e9galement le padel qui progresse tr\u00e8s vite. Comment cela se structure en Aveyron ? Quelles sont les nouveaut\u00e9s ?<\/strong><\/p>\n<p>Cela fait trois ans que l\u2019on a lanc\u00e9 les championnats de l\u2019Aveyron. On a cr\u00e9\u00e9 aussi cette ann\u00e9e un championnat r\u00e9serv\u00e9 aux plus de 45 ans. Et l\u00e0 aussi, on veut miser sur les jeunes ; aider les clubs \u00e0 monter de vraies \u00e9coles de padel. Car pour l\u2019instant, nous n\u2019en sommes qu\u2019aux balbutiements. Et \u00e0 part Naucelle et Capdenac qui ont d\u00e9j\u00e0 des courts couverts de padel, on avait surtout Padel Tolosa qui avaient du couvert (structure priv\u00e9e \u00e0 la Primaube).<\/p>\n<p><strong>Justement, \u00e0 Vabre, la municipalit\u00e9 de Rodez avait pour projet de cr\u00e9er trois pistes couvertes de padel, pour 600 000 euros allou\u00e9s au budget 2025, et dont le d\u00e9marrage des travaux \u00e9tait esp\u00e9r\u00e9 cet automne. Mais l\u2019adjoint aux sports Alain Rauna a indiqu\u00e9 en fin de semaine derni\u00e8re que cela \u00e9tait repouss\u00e9.<\/strong><\/p>\n<p>On y travaille avec la mairie. Enfin, surtout le club de Rodez, le RTP. Nous sommes, nous, juste l\u00e0 pour aider. On va faire le maximum en tout cas pour que le club de Rodez soit aussi dot\u00e9 d\u2019une structure digne de ce nom pour pouvoir monter une \u00e9cole de padel.<\/p>\n<p><strong>Il y a aussi en France, dans une moindre proportion, l\u2019essor du pickleball. Y joue-t-on en Aveyron ?<\/strong><\/p>\n<p>Oui. M\u00eame si cela se lance juste et que nous sommes toujours en attente du choix d\u2019attribution de la discipline soit \u00e0 la f\u00e9d\u00e9ration de tennis, soit \u00e0 celle de badminton. D\u00e9cision qui doit normalement \u00eatre prise par le minist\u00e8re en d\u00e9cembre. Mais quoi qu\u2019il en soit, les clubs se sont tellement lanc\u00e9s dedans qu\u2019on ne reviendra pas en arri\u00e8re. Par exemple, le club de la Route d\u2019Argent va d\u00e9j\u00e0 proposer une \u00e9cole de pickleball. On va pousser \u00e0 son d\u00e9veloppement, car c\u2019est un sport qui n\u00e9cessite peu de structures et qui est hyperludique, facile d\u2019acc\u00e8s. Encore plus simple que le padel.<\/p>\n<p><strong>Au moment de votre \u00e9lection, vous aviez list\u00e9 vos priorit\u00e9s. Rebooster le tennis entreprise en \u00e9tait une. \u00c7\u2019en est o\u00f9 ?<\/strong><\/p>\n<p>On a tout relanc\u00e9. Les comp\u00e9titions ont pris un coup de jeunes. La commission corpo a \u00e9t\u00e9 renouvel\u00e9e \u00e0 80 %, avec de nouvelles personnes et donc de nouvelles id\u00e9es. On a aussi de nouvelles \u00e9quipes corpo. Et parmi ces nouveaut\u00e9s d\u2019ailleurs, des \u00e9quipes de corpo padel.<\/p>\n<p><strong>Quel est le projet majeur du comit\u00e9 pour la saison \u00e0 venir ?<\/strong><\/p>\n<p>On va essayer avec les clubs de travailler sur l\u2019entra\u00eenement des meilleurs 13-18 ans. On va s\u00fbrement embaucher un nouveau prof de tennis d\u00e9partemental, intervenant dans les clubs.<\/p>\n","protected":false},"excerpt":{"rendered":"Pr\u00e8s d\u2019un an apr\u00e8s son \u00e9lection \u00e0 la t\u00eate du comit\u00e9 d\u00e9partemental, organisateur du tournoi international ruth\u00e9nois cette&hellip;\n","protected":false},"author":2,"featured_media":451475,"comment_status":"","ping_status":"","sticky":false,"template":"","format":"standard","meta":{"footnotes":""},"categories":[1415],"tags":[1011,27,60,1467],"class_list":{"0":"post-451474","1":"post","2":"type-post","3":"status-publish","4":"format-standard","5":"has-post-thumbnail","7":"category-tennis","8":"tag-fr","9":"tag-france","10":"tag-sports","11":"tag-tennis"},"share_on_mastodon":{"url":"https:\/\/pubeurope.com\/@fr\/115347546597479318","error":""},"_links":{"self":[{"href":"https:\/\/www.europesays.com\/fr\/wp-json\/wp\/v2\/posts\/451474","targetHints":{"allow":["GET"]}}],"collection":[{"href":"https:\/\/www.europesays.com\/fr\/wp-json\/wp\/v2\/posts"}],"about":[{"href":"https:\/\/www.europesays.com\/fr\/wp-json\/wp\/v2\/types\/post"}],"author":[{"embeddable":true,"href":"https:\/\/www.europesays.com\/fr\/wp-json\/wp\/v2\/users\/2"}],"replies":[{"embeddable":true,"href":"https:\/\/www.europesays.com\/fr\/wp-json\/wp\/v2\/comments?post=451474"}],"version-history":[{"count":0,"href":"https:\/\/www.europesays.com\/fr\/wp-json\/wp\/v2\/posts\/451474\/revisions"}],"wp:featuredmedia":[{"embeddable":true,"href":"https:\/\/www.europesays.com\/fr\/wp-json\/wp\/v2\/media\/451475"}],"wp:attachment":[{"href":"https:\/\/www.europesays.com\/fr\/wp-json\/wp\/v2\/media?parent=451474"}],"wp:term":[{"taxonomy":"category","embeddable":true,"href":"https:\/\/www.europesays.com\/fr\/wp-json\/wp\/v2\/categories?post=451474"},{"taxonomy":"post_tag","embeddable":true,"href":"https:\/\/www.europesays.com\/fr\/wp-json\/wp\/v2\/tags?post=451474"}],"curies":[{"name":"wp","href":"https:\/\/api.w.org\/{rel}","templated":true}]}}